{"id":196933,"date":"2023-02-10T00:00:01","date_gmt":"2023-02-09T23:00:01","guid":{"rendered":"https:\/\/smago.de\/ws2\/?p=196933"},"modified":"2023-02-09T22:41:55","modified_gmt":"2023-02-09T21:41:55","slug":"marcel-schlager-kann-er-mit-dem-rock-schlager-geil-dass-du-auf-schlager-stehst-punkten","status":"publish","type":"post","link":"https:\/\/smago.de\/ws2\/pop-schlager\/marcel-schlager-kann-er-mit-dem-rock-schlager-geil-dass-du-auf-schlager-stehst-punkten\/","title":{"rendered":"MARCEL SCHLAGER <br>Kann er mit dem Rock-Schlager &#8222;Geil, dass du auf Schlager stehst&#8220; punkten?"},"content":{"rendered":"<p>Es k\u00f6nnte durchaus m\u00f6glich sein &#8230;!<br \/>\n<!--more--><\/p>\n<p style=\"text-align: justify;\">\n<p style=\"text-align: justify;\">Von der Volksfestb\u00fchne zum Schlagerstar? Ein Traum, den MARCEL SCHLAGER kaum auszusprechen wagt.<\/p>\n<p>Doch mit seinem ersten Solo-Hit k\u00f6nnte ihm der Durchbruch gelingen.\u00a0Der Song \u201cGeil, dass du auf Schlager stehst\u201d liegt ihm am Herzen.<\/p>\n<p>Jahrelang tourt Marcel als Frontmann bei der bekannten Partyband\u00a0\u201cD-Reichenkirchner &#8211; Boarisch Party\u201d durch ganz Bayern &#8211; und weit dar\u00fcber hinaus.\u00a0Die Band rockt die B\u00fchne von Erding bis Bottrop.\u00a0Mehr als 200 Auftritte auf den gr\u00f6\u00dften Volksfestb\u00fchnen wie auch auf dem Straubinger G\u00e4ubodenfest folgen &#8211; dann das Aus.\u00a0Corona. Die Band l\u00f6st sich auf.<\/p>\n<p>Nach dem Erfolg mit den Reichenkirchnern steigt Marcel bei einer jungen Partyband\u00a0aus dem Raum Regensburg ein &#8211; und rei\u00dft auch hier die Stimmung des Publikums an sich.\u00a0Er schl\u00fcpft in verschiedene Rollen, singt Songs vom Evergreen \u00fcber gef\u00fchlvolle Balladen\u00a0bis hin zum aktuellen Chart-Hit.Marcel selbst sagt:\u00a0<em>\u201cMich interessieren alle Musikrichtungen, aber Schlager und Volksmusik begeistern mich am meisten.\u201d<\/em>.<\/p>\n<p>Daher erkl\u00e4rt sich sein K\u00fcnstlername wie von selbst &#8230;<\/p>\n<p style=\"text-align: justify;\">\n<p style=\"text-align: justify;\">\n<p style=\"text-align: justify;\">\n<p style=\"text-align: justify;\">\n<p><strong>H\u00fctte, Piste, Ballermann &#8230;<\/strong><\/p>\n<p style=\"text-align: justify;\">\n<p style=\"text-align: justify;\">Jetzt wagt Marcel den Schritt zur Solo-Karriere:\u00a0Mit dem Titel \u201cGeil, dass du auf Schlager stehst\u201d ver\u00f6ffentlicht er seine erste eigene Single.<\/p>\n<p>Die Mischung aus Schlager und deutschsprachiger Partymusik ist ein echter Ohrwurm.<\/p>\n<p>Jeder singt und tanzt sofort mit. Perfekt f\u00fcr H\u00fctte, Piste, Ballermann! Den Text hat Marcel selbst geschrieben.<\/p>\n<p>Dieser ist pers\u00f6nlicher, als man im ersten Moment vielleicht vermutet.<\/p>\n<p>Er beschreibt darin das erste Zusammentreffen mit einer besonderen Frau.<\/p>\n<p style=\"text-align: justify;\">\n<p style=\"text-align: justify;\">\n<p style=\"text-align: justify;\">\n<p style=\"text-align: justify;\"><strong>Das Talent vom Ur-Opa, das K\u00f6nnen selbst beigebracht<\/strong><\/p>\n<p>Marcel ist Vollblutmusiker: Als 5-j\u00e4hriges Kind lernt er Gitarre und Schlagzeug, nimmt flei\u00dfig Unterricht.<\/p>\n<p>Sein Talent zeichnet sich schon ab. Im Laufe der Jahre bringt Marcel sich autodidaktisch die Steirische Harmonika,\u00a0Bassgitarre, Bariton und Ventilposaune bei. Sein Ur-Gro\u00dfvater vererbte ihm die Leidenschaft f\u00fcr Musik.<\/p>\n<p>Er war ebenfalls Musiker, beherrschte 12 Instrumente &#8211; und w\u00e4re heute bestimmt m\u00e4chtig stolz auf seinen Ur-Enkel.<\/p>\n<p>Genauso wie der Rest seiner Familie.<\/p>\n<p>Neben dem Herzblut, das Marcel in seine Musik und seine Auftritte legt,<\/p>\n<p>f\u00fchrt der 27-J\u00e4hrige aus dem Landkreis Erding ein bodenst\u00e4ndiges Leben. Er ist facettenreich und vielseitig engagiert:<\/p>\n<p>Er hat eine Ausbildung zum Hotelfachmann absolviert und arbeitet mittlerweile als Fahrlehrer.<\/p>\n<p>In der Freizeit k\u00fcmmert er sich als J\u00e4ger gewissenhaft um den Erhalt und Bestand der heimischen Tierwelt.<\/p>\n<p>Sein unverkennbares Markenzeichen: Der t\u00e4towierte Hirsch am Unterarm. Marcel setzt sich f\u00fcr die Natur und den Menschen ein.<\/p>\n<p>Er engagiert sich in unterschiedlichen Vereinen, war bzw. ist in der Feuerwehr und Rettungsdienst aktiv.\u00a0Auch Freunde sch\u00e4tzen seine Hilfsbereitschaft. Immer in Gesellschaft und am liebsten mit Gitarre oder Ziach in der Hand wei\u00df Marcel,\u00a0wo er herkommt: <em>\u201cIch liebe meine Heimat, Familie und Freunde &#8211; daran wird sich nichts \u00e4ndern.\u00a0Auch wenn mein Traum in Erf\u00fcllung geht.\u201d<\/em>.<\/p>\n<p>&nbsp;<\/p>\n<p>&nbsp;<\/p>\n<p><iframe loading=\"lazy\" src=\"\/\/www.youtube.com\/embed\/ahij0A0NIo0\" width=\"800\" height=\"449\" allowfullscreen=\"allowfullscreen\"><\/iframe><\/p>\n","protected":false},"excerpt":{"rendered":"<p>Es k\u00f6nnte durchaus m\u00f6glich sein &#8230;!<\/p>\n","protected":false},"author":2,"featured_media":196934,"comment_status":"open","ping_status":"closed","sticky":false,"template":"","format":"standard","meta":{"_FSMCFIC_featured_image_caption":"","_FSMCFIC_featured_image_nocaption":"","_FSMCFIC_featured_image_hide":""},"categories":[28],"tags":[2886],"acf":[],"_links":{"self":[{"href":"https:\/\/smago.de\/ws2\/wp-json\/wp\/v2\/posts\/196933"}],"collection":[{"href":"https:\/\/smago.de\/ws2\/wp-json\/wp\/v2\/posts"}],"about":[{"href":"https:\/\/smago.de\/ws2\/wp-json\/wp\/v2\/types\/post"}],"author":[{"embeddable":true,"href":"https:\/\/smago.de\/ws2\/wp-json\/wp\/v2\/users\/2"}],"replies":[{"embeddable":true,"href":"https:\/\/smago.de\/ws2\/wp-json\/wp\/v2\/comments?post=196933"}],"version-history":[{"count":1,"href":"https:\/\/smago.de\/ws2\/wp-json\/wp\/v2\/posts\/196933\/revisions"}],"predecessor-version":[{"id":196935,"href":"https:\/\/smago.de\/ws2\/wp-json\/wp\/v2\/posts\/196933\/revisions\/196935"}],"wp:featuredmedia":[{"embeddable":true,"href":"https:\/\/smago.de\/ws2\/wp-json\/wp\/v2\/media\/196934"}],"wp:attachment":[{"href":"https:\/\/smago.de\/ws2\/wp-json\/wp\/v2\/media?parent=196933"}],"wp:term":[{"taxonomy":"category","embeddable":true,"href":"https:\/\/smago.de\/ws2\/wp-json\/wp\/v2\/categories?post=196933"},{"taxonomy":"post_tag","embeddable":true,"href":"https:\/\/smago.de\/ws2\/wp-json\/wp\/v2\/tags?post=196933"}],"curies":[{"name":"wp","href":"https:\/\/api.w.org\/{rel}","templated":true}]}}