{"id":196815,"date":"2023-02-09T00:00:30","date_gmt":"2023-02-08T23:00:30","guid":{"rendered":"https:\/\/smago.de\/ws2\/?p=196815"},"modified":"2023-02-08T22:49:14","modified_gmt":"2023-02-08T21:49:14","slug":"sebastian-von-mletzko-gibt-sein-neuer-song-morgen-hoer-ich-auf-voe-10-02-2023-anlass-zur-sorge","status":"publish","type":"post","link":"https:\/\/smago.de\/ws2\/pop-schlager\/sebastian-von-mletzko-gibt-sein-neuer-song-morgen-hoer-ich-auf-voe-10-02-2023-anlass-zur-sorge\/","title":{"rendered":"SEBASTIAN VON MLETZKO <br>Gibt sein neuer Song &#8222;Morgen h\u00f6r ich auf&#8220; (V\u00d6: 10.02.2023) Anlass zur Sorge?"},"content":{"rendered":"<p>Wir k\u00f6nnen alle Fans von beruhigen, denn es geht gerade erst so richtig los &#8230;!<br \/>\n<!--more--><\/p>\n<p style=\"text-align: justify;\">\n<p style=\"text-align: justify;\">\n<div style=\"text-align: justify;\">,,Morgen h\u00f6r ich auf&#8220; ist nunmehr die sechsteSingle, die SEBASTIAN VON MLETZKO bei seiner Plattenfirma Monopol Records ver\u00f6ffentlicht. Der sympathische S\u00e4nger aus dem Ruhrpott ist ein gern gesehener Gast in Discotheken, wie auch auf Gro\u00dfveranstaltungen.<\/p>\n<p>Nach dem sich die Vorg\u00e4ngersingle ,,Leider geil&#8220; nun schon 13 Wochen in den AirPlay Charts h\u00e4lt, setzt Sebastian von Mletzko selbstverst\u00e4ndlich auch bei seiner neuen Single ,,Morgen h\u00f6r ich auf&#8220; auf sein altbew\u00e4hrtes Autoren-Team um Komponist Hens Hensen und Textdichter Alexander Scholz. Starproduzent Hens Hensen war auch hier wieder f\u00fcr die Regler zust\u00e4ndig und verleiht dem neuen Track mit seiner Handschrift Ausdrucksst\u00e4rke und einen druckvollen und modernen Sound.<\/p>\n<p>F\u00fcr den Remix konnten die \u00d6sterreicher Oliver Poschinger (Jay Neero) und Michael Blatnik gewonnen werden, die mit Ihrem Jay Neero Rmx ein Garant f\u00fcr volle Tanzfl\u00e4chen sind. Und eins ist ganz sicher: Die am 10.02.23 erscheinende Single und das dazugeh\u00f6rige Video ,,Morgen h\u00f6r ich auf&#8220; ist ein weiterer Baustein seiner Kariere, und die h\u00f6rt noch lange nicht auf.<\/p>\n<\/div>\n<div>\n<\/div>\n<div><\/div>\n<div style=\"text-align: justify;\"><strong>WEB-LINKS<\/strong><\/p>\n<p><a href=\"http:\/\/www.facebook.com\/vonmletzko\">www.facebook.com\/vonmletzko<\/a><br \/>\n<a href=\"http:\/\/www.instagram.com\/sebastian_von_mletzko\">www.instagram.com\/sebastian_von_mletzko<\/a><br \/>\n<a href=\"https:\/\/vonmletzko.com\/\">https:\/\/vonmletzko.com\/<\/a><\/p>\n<\/div>\n<div><\/div>\n<div><\/div>\n<div style=\"text-align: center;\">\n<div><strong>1. &#8222;Morgen h\u00f6r ich auf (Radio Version)&#8220; &#8211; 3:38<br \/>\n2. &#8222;Morgen h\u00f6r ich auf (Jay Neero Remix)&#8220; &#8211; 3:54<\/strong><br \/>\n(M.: Hens Hensen; T.: Alexander Scholz; V.: Lucile \/ Lucile Meisel)<br \/>\nLabel: Meisel Music<\/div>\n<\/div>\n<p style=\"text-align: center;\">\n<p style=\"text-align: center;\">\n","protected":false},"excerpt":{"rendered":"<p>Wir k\u00f6nnen alle Fans von beruhigen, denn es geht gerade erst so richtig los &#8230;!<\/p>\n","protected":false},"author":2,"featured_media":196816,"comment_status":"open","ping_status":"closed","sticky":false,"template":"","format":"standard","meta":{"_FSMCFIC_featured_image_caption":"","_FSMCFIC_featured_image_nocaption":"","_FSMCFIC_featured_image_hide":""},"categories":[28],"tags":[483],"acf":[],"_links":{"self":[{"href":"https:\/\/smago.de\/ws2\/wp-json\/wp\/v2\/posts\/196815"}],"collection":[{"href":"https:\/\/smago.de\/ws2\/wp-json\/wp\/v2\/posts"}],"about":[{"href":"https:\/\/smago.de\/ws2\/wp-json\/wp\/v2\/types\/post"}],"author":[{"embeddable":true,"href":"https:\/\/smago.de\/ws2\/wp-json\/wp\/v2\/users\/2"}],"replies":[{"embeddable":true,"href":"https:\/\/smago.de\/ws2\/wp-json\/wp\/v2\/comments?post=196815"}],"version-history":[{"count":1,"href":"https:\/\/smago.de\/ws2\/wp-json\/wp\/v2\/posts\/196815\/revisions"}],"predecessor-version":[{"id":196817,"href":"https:\/\/smago.de\/ws2\/wp-json\/wp\/v2\/posts\/196815\/revisions\/196817"}],"wp:featuredmedia":[{"embeddable":true,"href":"https:\/\/smago.de\/ws2\/wp-json\/wp\/v2\/media\/196816"}],"wp:attachment":[{"href":"https:\/\/smago.de\/ws2\/wp-json\/wp\/v2\/media?parent=196815"}],"wp:term":[{"taxonomy":"category","embeddable":true,"href":"https:\/\/smago.de\/ws2\/wp-json\/wp\/v2\/categories?post=196815"},{"taxonomy":"post_tag","embeddable":true,"href":"https:\/\/smago.de\/ws2\/wp-json\/wp\/v2\/tags?post=196815"}],"curies":[{"name":"wp","href":"https:\/\/api.w.org\/{rel}","templated":true}]}}