{"id":196703,"date":"2023-02-05T00:00:54","date_gmt":"2023-02-04T23:00:54","guid":{"rendered":"https:\/\/smago.de\/ws2\/?p=196703"},"modified":"2023-02-04T08:51:14","modified_gmt":"2023-02-04T07:51:14","slug":"detlef-engel-der-titel-nur-ein-kleines-laecheln-will-an-den-14-01-2023-verstorbenen-saenger-erinnern","status":"publish","type":"post","link":"https:\/\/smago.de\/ws2\/uncategorized\/detlef-engel-der-titel-nur-ein-kleines-laecheln-will-an-den-14-01-2023-verstorbenen-saenger-erinnern\/","title":{"rendered":"DETLEF ENGEL <br>Der Titel &#8222;Nur ein kleines L\u00e4cheln&#8220; will an den 14.01.2023 verstorbenen S\u00e4nger erinnern!"},"content":{"rendered":"<p>Der charmanten smarte Star der 60-er Jahre wurde 83 Jahre alt!<br \/>\n<!--more--><\/p>\n<p>&nbsp;<\/p>\n<p style=\"text-align: justify;\">Retro hei\u00dft Gef\u00fchl! DETLEF ENGEL.<\/p>\n<p style=\"text-align: justify;\">Der Sunnyboy der 60-er Jahre w\u00fcnscht sich bestimmt, dass seine Fans mit einem L\u00e4cheln (und etwas Wehmut) an ihn denken. Detlef war immer schon ein sonniges Kind: das musikalische Talent erbte er von seinem Vater Kurt Engel \u2013 ein bekannter Komponist und Tanzorchester Leiter der 1930er \/ 40er in der Schellack-platten-Zeit.<\/p>\n<p style=\"text-align: justify;\">Detlef Engel versuchte sich erst mit Hit-Nachziehern 1959 bei Ariola\/Bertelsmann-Schallplattenclub. Und die erste \u201erichtige\u201c Single f\u00fcr ihn \u2013 \u201eMr. Blue\u201c brach alle M\u00e4dchenherzen (1964).<\/p>\n<p style=\"text-align: justify;\">Der Titel wurde Nr. 1 (Automatenmarkt\/ Fachmagazin Musikmarkt) und wurde vergoldet. Ein Teeny-Star, etwas softer als Peter Kraus, war auf allen Titelbl\u00e4ttern und in den Musikboxen. Bis 1969 stiegen er weitere 6 Titel in den Top 10. Dann wurde es ruhiger \u2013 Detlef begeisterte aber bis weit in die 90er Jahre sein treues Publikum, in Tanz-Caf\u00e9s und Nightclubs.<\/p>\n<p style=\"text-align: justify;\"><strong>\u00a0<\/strong><\/p>\n<p style=\"text-align: justify;\"><strong><\/p>\n<p>&#8222;Nur ein kleines L\u00e4cheln&#8220; &#8211; Remix 2023<\/p>\n<p><\/strong><\/p>\n<p style=\"text-align: justify;\">Detlef Engel ist am 14.01.2023 \u2013 einen Tag nach seinem 83. Geburtstag \u2013 leise von uns gegangen. Der M\u00fcnchner Retro \u2013 Produzent-Papst Siegfried Lackner (Wolf Martis\/ Dieter Dornig) w\u00fcrdigte bereits 2019 das musikalische Schaffen mit dem letzten Tontr\u00e4ger \u2013 eine zeitgem\u00e4\u00dfe, moderne Remix-Version seiner letzten Single von 1972. Diese aufwendige Maxi-CD mit 3 Titeln und sch\u00f6nen, alten und aktuellen Fotos von Detlef Engel \u2013 ist nun wieder neue erh\u00e4ltlich, auf CD und auf allen Download- und Streaming- Plattformen.<\/p>\n<p style=\"text-align: justify;\">In Erinnerung an den charmanten, smarten Star der 60-er Jahre \u2013 ein stilvoller Abschied.<\/p>\n<p style=\"text-align: justify;\"><strong>\u00a0<\/strong><\/p>\n<p style=\"text-align: justify;\"><strong><\/p>\n<p><iframe loading=\"lazy\" src=\"\/\/www.youtube.com\/embed\/oY74kof5qLQ\" width=\"800\" height=\"449\" allowfullscreen=\"allowfullscreen\"><\/iframe>\u00a0<\/strong><\/p>\n<p style=\"text-align: justify;\">\n<p style=\"text-align: justify;\"><strong>\u00a0<\/strong><\/p>\n<p style=\"text-align: justify;\"><strong>Komponist:<\/strong> Gus Brendel<\/p>\n<p style=\"text-align: justify;\"><strong>Textdichter: <\/strong>Siegfried Lackner<\/p>\n<p style=\"text-align: justify;\"><strong>Arrangeur: <\/strong>Andreas Lieb<\/p>\n<p style=\"text-align: justify;\"><strong>Verlag: <\/strong>Arends-Musikverlage \/ Burlington<\/p>\n<p style=\"text-align: justify;\"><strong>Label: <\/strong>Musekater Sound \/ CCA-Records<\/p>\n<p style=\"text-align: justify;\"><strong>Produzent: <\/strong>Siegfried Lackner<\/p>\n<p style=\"text-align: justify;\"><strong>Bildrechte: <\/strong>Teldec &#8211; Warner, Memory- Magazin<\/p>\n<p style=\"text-align: justify;\"><strong>Infos: <\/strong>B\u00fcro Siegfried Lackner, <a href=\"mailto:Lackner-sigifried@web.de\">Lackner-sigifried@web.de<\/a><\/p>\n<p style=\"text-align: justify;\"><strong>Bestellungen\u00a0m\u00f6glich &#8211; <a href=\"https:\/\/shop.musekater.de\/products\/nur-ein-kleines-lacheln\">HIER &#8230;:<\/a><\/strong><\/p>\n<p>&nbsp;<\/p>\n<p>&nbsp;<\/p>\n<p>&nbsp;<\/p>\n<figure id=\"attachment_196704\" aria-describedby=\"caption-attachment-196704\" style=\"width: 800px\" class=\"wp-caption alignnone\"><img decoding=\"async\" loading=\"lazy\" class=\"size-large wp-image-196704\" src=\"https:\/\/smago.de\/ws2\/wp-content\/uploads\/2023\/02\/Cover-Detlef-Engel-Nur-ein-kleines-Laecheln-800x796.jpg\" alt=\"\" width=\"800\" height=\"796\" srcset=\"https:\/\/smago.de\/ws2\/wp-content\/uploads\/2023\/02\/Cover-Detlef-Engel-Nur-ein-kleines-Laecheln-800x796.jpg 800w, https:\/\/smago.de\/ws2\/wp-content\/uploads\/2023\/02\/Cover-Detlef-Engel-Nur-ein-kleines-Laecheln-522x520.jpg 522w, https:\/\/smago.de\/ws2\/wp-content\/uploads\/2023\/02\/Cover-Detlef-Engel-Nur-ein-kleines-Laecheln-151x150.jpg 151w, https:\/\/smago.de\/ws2\/wp-content\/uploads\/2023\/02\/Cover-Detlef-Engel-Nur-ein-kleines-Laecheln-768x764.jpg 768w, https:\/\/smago.de\/ws2\/wp-content\/uploads\/2023\/02\/Cover-Detlef-Engel-Nur-ein-kleines-Laecheln-273x272.jpg 273w, https:\/\/smago.de\/ws2\/wp-content\/uploads\/2023\/02\/Cover-Detlef-Engel-Nur-ein-kleines-Laecheln-603x600.jpg 603w, https:\/\/smago.de\/ws2\/wp-content\/uploads\/2023\/02\/Cover-Detlef-Engel-Nur-ein-kleines-Laecheln-130x130.jpg 130w, https:\/\/smago.de\/ws2\/wp-content\/uploads\/2023\/02\/Cover-Detlef-Engel-Nur-ein-kleines-Laecheln-447x445.jpg 447w, https:\/\/smago.de\/ws2\/wp-content\/uploads\/2023\/02\/Cover-Detlef-Engel-Nur-ein-kleines-Laecheln-524x522.jpg 524w, https:\/\/smago.de\/ws2\/wp-content\/uploads\/2023\/02\/Cover-Detlef-Engel-Nur-ein-kleines-Laecheln-191x190.jpg 191w, https:\/\/smago.de\/ws2\/wp-content\/uploads\/2023\/02\/Cover-Detlef-Engel-Nur-ein-kleines-Laecheln-291x290.jpg 291w, https:\/\/smago.de\/ws2\/wp-content\/uploads\/2023\/02\/Cover-Detlef-Engel-Nur-ein-kleines-Laecheln.jpg 1300w\" sizes=\"(max-width: 800px) 100vw, 800px\" \/><figcaption id=\"caption-attachment-196704\" class=\"wp-caption-text\"><em>Teldec &#8211; Warner, Memory- Magazin<\/em><\/figcaption><\/figure>\n","protected":false},"excerpt":{"rendered":"<p>Der charmanten smarte Star der 60-er Jahre wurde 83 Jahre alt!<\/p>\n","protected":false},"author":2,"featured_media":196704,"comment_status":"open","ping_status":"closed","sticky":false,"template":"","format":"standard","meta":{"_FSMCFIC_featured_image_caption":"","_FSMCFIC_featured_image_nocaption":"","_FSMCFIC_featured_image_hide":""},"categories":[1],"tags":[],"acf":[],"_links":{"self":[{"href":"https:\/\/smago.de\/ws2\/wp-json\/wp\/v2\/posts\/196703"}],"collection":[{"href":"https:\/\/smago.de\/ws2\/wp-json\/wp\/v2\/posts"}],"about":[{"href":"https:\/\/smago.de\/ws2\/wp-json\/wp\/v2\/types\/post"}],"author":[{"embeddable":true,"href":"https:\/\/smago.de\/ws2\/wp-json\/wp\/v2\/users\/2"}],"replies":[{"embeddable":true,"href":"https:\/\/smago.de\/ws2\/wp-json\/wp\/v2\/comments?post=196703"}],"version-history":[{"count":1,"href":"https:\/\/smago.de\/ws2\/wp-json\/wp\/v2\/posts\/196703\/revisions"}],"predecessor-version":[{"id":196705,"href":"https:\/\/smago.de\/ws2\/wp-json\/wp\/v2\/posts\/196703\/revisions\/196705"}],"wp:featuredmedia":[{"embeddable":true,"href":"https:\/\/smago.de\/ws2\/wp-json\/wp\/v2\/media\/196704"}],"wp:attachment":[{"href":"https:\/\/smago.de\/ws2\/wp-json\/wp\/v2\/media?parent=196703"}],"wp:term":[{"taxonomy":"category","embeddable":true,"href":"https:\/\/smago.de\/ws2\/wp-json\/wp\/v2\/categories?post=196703"},{"taxonomy":"post_tag","embeddable":true,"href":"https:\/\/smago.de\/ws2\/wp-json\/wp\/v2\/tags?post=196703"}],"curies":[{"name":"wp","href":"https:\/\/api.w.org\/{rel}","templated":true}]}}