{"id":196429,"date":"2023-02-01T09:39:20","date_gmt":"2023-02-01T08:39:20","guid":{"rendered":"https:\/\/smago.de\/ws2\/?p=196429"},"modified":"2023-02-01T09:50:17","modified_gmt":"2023-02-01T08:50:17","slug":"matthias-carras-smago-update-zu-seiner-best-of-cd-voe-24-02-2023","status":"publish","type":"post","link":"https:\/\/smago.de\/ws2\/pop-schlager\/matthias-carras-smago-update-zu-seiner-best-of-cd-voe-24-02-2023\/","title":{"rendered":"MATTHIAS CARRAS <br>smago! Update zu seiner &#8222;Best Of&#8220; CD (V\u00d6: 24.02.2023)!"},"content":{"rendered":"<p style=\"text-align: justify;\">Das Album, das in Erinnerung an Matthias Carras erscheint, enth\u00e4lt 21 &#8222;romantische Popschlager-Hits&#8220; &#8230;:<br \/>\n<!--more--><\/p>\n<p>&nbsp;<\/p>\n<p>&nbsp;<\/p>\n<p style=\"text-align: justify;\">Die Nachricht seines Todes am 14. Januar 2023 hat viele Schlagerfans tief ersch\u00fcttert. MATTHIAS CARRAS wird als einer der Vorreiter des deutschen Pop-Schlagers unvergessen bleiben.<\/p>\n<p style=\"text-align: justify;\">Ende der 90er Jahre l\u00f6ste der S\u00e4nger erstmals mit tanzbaren Hits wie \u201eMitten in der Nacht\u201c und \u201eVoll erwischt\u201c Begeisterung in der deutschen Disco-Fox-Szene aus. Die Follow Up-Single \u201eIch krieg\u00b4 nie genug von Dir\u201c war anschlie\u00dfend seine Eintrittskarte in die quotenstarke &#8222;ZDF-Hitparade&#8220;.<\/p>\n<p style=\"text-align: justify;\">Richtig durchgestartet ist der S\u00e4nger mit der romantischen Hit-Single \u201eIch bin dein Co-Pilot\u201c, die es bis auf Platz 1 der Diskotheken Charts schaffte. Im Jahr 2000 erschien dann sein erstes Album \u201eBitte anschnallen\u201c, das f\u00fcr einen gro\u00dfen \u00dcberraschungserfolg sorgte.<\/p>\n<p style=\"text-align: justify;\">Auch mit seinen weiteren Single-Auskopplungen wie \u201eIch surf auf Wolke 7\u201c, \u201eDu bist so s\u00fc\u00df, wenn Du sauer bist\u201c, \u201eJulie (Du bist der Wahnsinn)\u201c, \u201eS.O.S. Lara I\u00b4m In Love\u201c u.v.m. platzierte er sich konsequent an der Spitze der Deutschen Schlager- und Discotheken-Charts und immer \u00f6fter auch in der Top 20 Riege der erfolgreichsten Radio-Titel.<\/p>\n<p style=\"text-align: justify;\">Es folgten weitere Hit-Alben wie \u201eVerliebt\u201c, \u201eZ\u00e4rtlicher Rebell\u201c oder \u201eKein Typ wie fr\u00fcher\u201c, die ihn als Schlager- und gefragten Live-K\u00fcnstler etablierten.<\/p>\n<p style=\"text-align: justify;\">Dieses \u201eBest Of\u201c-Album erinnert an den S\u00e4nger und seine gro\u00dfen Erfolge, die uns durch vier Schlager-Jahrzehnte tr\u00e4umen und tanzen lassen.<\/p>\n<p>&nbsp;<\/p>\n<p><img decoding=\"async\" loading=\"lazy\" class=\"alignnone size-large wp-image-196408\" src=\"https:\/\/smago.de\/ws2\/wp-content\/uploads\/2023\/02\/carras_bestof_back-800x800.jpg\" alt=\"\" width=\"800\" height=\"800\" srcset=\"https:\/\/smago.de\/ws2\/wp-content\/uploads\/2023\/02\/carras_bestof_back-800x800.jpg 800w, https:\/\/smago.de\/ws2\/wp-content\/uploads\/2023\/02\/carras_bestof_back-522x522.jpg 522w, https:\/\/smago.de\/ws2\/wp-content\/uploads\/2023\/02\/carras_bestof_back-150x150.jpg 150w, https:\/\/smago.de\/ws2\/wp-content\/uploads\/2023\/02\/carras_bestof_back-768x768.jpg 768w, https:\/\/smago.de\/ws2\/wp-content\/uploads\/2023\/02\/carras_bestof_back-272x272.jpg 272w, https:\/\/smago.de\/ws2\/wp-content\/uploads\/2023\/02\/carras_bestof_back-600x600.jpg 600w, https:\/\/smago.de\/ws2\/wp-content\/uploads\/2023\/02\/carras_bestof_back-130x130.jpg 130w, https:\/\/smago.de\/ws2\/wp-content\/uploads\/2023\/02\/carras_bestof_back-445x445.jpg 445w, https:\/\/smago.de\/ws2\/wp-content\/uploads\/2023\/02\/carras_bestof_back-190x190.jpg 190w, https:\/\/smago.de\/ws2\/wp-content\/uploads\/2023\/02\/carras_bestof_back-290x290.jpg 290w, https:\/\/smago.de\/ws2\/wp-content\/uploads\/2023\/02\/carras_bestof_back.jpg 1200w\" sizes=\"(max-width: 800px) 100vw, 800px\" \/><\/p>\n","protected":false},"excerpt":{"rendered":"<p>Das Album, das in Erinnerung an Matthias Carras erscheint, enth\u00e4lt 21 &#8222;romantische Popschlager-Hits&#8220; &#8230;:<\/p>\n","protected":false},"author":2,"featured_media":196409,"comment_status":"open","ping_status":"closed","sticky":false,"template":"","format":"standard","meta":{"_FSMCFIC_featured_image_caption":"","_FSMCFIC_featured_image_nocaption":"","_FSMCFIC_featured_image_hide":""},"categories":[28,39],"tags":[378],"acf":[],"_links":{"self":[{"href":"https:\/\/smago.de\/ws2\/wp-json\/wp\/v2\/posts\/196429"}],"collection":[{"href":"https:\/\/smago.de\/ws2\/wp-json\/wp\/v2\/posts"}],"about":[{"href":"https:\/\/smago.de\/ws2\/wp-json\/wp\/v2\/types\/post"}],"author":[{"embeddable":true,"href":"https:\/\/smago.de\/ws2\/wp-json\/wp\/v2\/users\/2"}],"replies":[{"embeddable":true,"href":"https:\/\/smago.de\/ws2\/wp-json\/wp\/v2\/comments?post=196429"}],"version-history":[{"count":3,"href":"https:\/\/smago.de\/ws2\/wp-json\/wp\/v2\/posts\/196429\/revisions"}],"predecessor-version":[{"id":196438,"href":"https:\/\/smago.de\/ws2\/wp-json\/wp\/v2\/posts\/196429\/revisions\/196438"}],"wp:featuredmedia":[{"embeddable":true,"href":"https:\/\/smago.de\/ws2\/wp-json\/wp\/v2\/media\/196409"}],"wp:attachment":[{"href":"https:\/\/smago.de\/ws2\/wp-json\/wp\/v2\/media?parent=196429"}],"wp:term":[{"taxonomy":"category","embeddable":true,"href":"https:\/\/smago.de\/ws2\/wp-json\/wp\/v2\/categories?post=196429"},{"taxonomy":"post_tag","embeddable":true,"href":"https:\/\/smago.de\/ws2\/wp-json\/wp\/v2\/tags?post=196429"}],"curies":[{"name":"wp","href":"https:\/\/api.w.org\/{rel}","templated":true}]}}