{"id":196397,"date":"2023-01-31T23:59:12","date_gmt":"2023-01-31T22:59:12","guid":{"rendered":"https:\/\/smago.de\/ws2\/?p=196397"},"modified":"2023-01-31T23:29:05","modified_gmt":"2023-01-31T22:29:05","slug":"smago-informiert-rtl-journalistenschule-bewerbungsverfahren-fuer-2024-25-startet","status":"publish","type":"post","link":"https:\/\/smago.de\/ws2\/smago-informiert\/smago-informiert-rtl-journalistenschule-bewerbungsverfahren-fuer-2024-25-startet\/","title":{"rendered":"smago! INFORMIERT <br>RTL Journalistenschule: Bewerbungsverfahren f\u00fcr 2024\/25 startet!"},"content":{"rendered":"<p>#KommInsTeam: Crossmediale journalistische Ausbildung bei RTL NEWS, Deutschlands schlagkr\u00e4ftigster journalistischer Unit!<br \/>\n<!--more--><\/p>\n<p>&nbsp;<\/p>\n<p>&nbsp;<\/p>\n<p style=\"text-align: justify;\">\n<p style=\"text-align: justify;\">Am heutigen Mittwoch, den 01.02.2023, startet das Bewerbungsverfahren der RTL Journalistenschule f\u00fcr den Jahrgang 2024\/2025. Unter dem Motto #KommInsTeam bietet die RTL Journalistenschule von RTL Deutschland ihre plattform\u00fcbergreifende Ausbildung f\u00fcr TV, Online, Audio und Social Media j\u00e4hrlich f\u00fcr 18 angehende Journalist:innen an. Bei RTL NEWS, Deutschlands schlagkr\u00e4ftigster journalistischer Unit f\u00fcr crossmediale Nachrichten, Infotainment, investigativen Journalismus sowie Dokutainment erh\u00e4lt unser journalistischer Nachwuchs die besten M\u00f6glichkeiten, das Handwerk von Grund auf zu lernen, sich vielf\u00e4ltig auszuprobieren und spannende Themen crossmedial und plattformgerecht umzusetzen.<\/p>\n<p style=\"text-align: justify;\">Ab heute (01.02.2023) k\u00f6nnen sich Interessierte unter der Adresse <strong><a href=\"http:\/\/www.rtl-journalistenschule.de\/\" target=\"_blank\" rel=\"noopener\">www.rtl-journalistenschule.de<\/a><\/strong>\u00a0registrieren und weiterf\u00fchrende Informationen abrufen. Bis zum 10. M\u00e4rz. m\u00fcssen die geforderten Reportagen eingereicht sein. Die 100 besten Kandidaten k\u00f6nnen sich dann mit Lebenslauf und einem kurzen pers\u00f6nlichen Video vorstellen. 54 Bewerber erreichen abschlie\u00dfend die zwei Auswahltage zwischen dem 05.07. &#8211; 07.07.2023.<\/p>\n<p style=\"text-align: justify;\">\n<p style=\"text-align: justify;\">\n<p style=\"text-align: justify;\">\n<p style=\"text-align: justify;\"><strong>Das Ausbildungsprogramm 2024\/2025<\/strong><\/p>\n<p style=\"text-align: justify;\">\n<p style=\"text-align: justify;\">Die zweij\u00e4hrige Ausbildung beginnt am 2. Januar 2024. Die Ausbildung besteht aus Unterrichtseinheiten an der Schule und zahlreichen Praktika innerhalb und au\u00dferhalb von RTL Deutschland. Exkursionen f\u00fchren die Journalistensch\u00fcler nach Br\u00fcssel, Berlin und New York. Fester Bestandteil ist die Einbindung der Journalistensch\u00fcler in die Innovationsprozesse von RTL Deutschland.<\/p>\n<p style=\"text-align: justify;\">\n<p style=\"text-align: justify;\">\n<p>&nbsp;<\/p>\n<p>&nbsp;<\/p>\n<p style=\"text-align: justify;\"><strong>\u00dcber die RTL Journalistenschule<\/strong><\/p>\n<p>&nbsp;<\/p>\n<p style=\"text-align: justify;\">Die RTL Journalistenschule hat sich seit der Gr\u00fcndung im Jahr 2000 als erfolgreiche und anerkannte Ausbildungsst\u00e4tte f\u00fcr Bewegtbild etabliert. Alle bisherigen Absolventen konnten im Anschluss an die Ausbildung eine journalistische T\u00e4tigkeit aufnehmen und arbeiten heute in Redaktionen und Ressorts von RTL Deutschland sowie bei \u00f6ffentlich-rechtlichen Sendern, Online-Portalen, TV-Produktionsfirmen und anderen Medienunternehmen.<\/p>\n<p>&nbsp;<\/p>\n<p>&nbsp;<\/p>\n<figure id=\"attachment_196398\" aria-describedby=\"caption-attachment-196398\" style=\"width: 800px\" class=\"wp-caption alignnone\"><img decoding=\"async\" loading=\"lazy\" class=\"size-large wp-image-196398\" src=\"https:\/\/smago.de\/ws2\/wp-content\/uploads\/2023\/01\/FC928-800x450.jpg\" alt=\"\" width=\"800\" height=\"450\" srcset=\"https:\/\/smago.de\/ws2\/wp-content\/uploads\/2023\/01\/FC928-800x450.jpg 800w, https:\/\/smago.de\/ws2\/wp-content\/uploads\/2023\/01\/FC928-522x294.jpg 522w, https:\/\/smago.de\/ws2\/wp-content\/uploads\/2023\/01\/FC928-267x150.jpg 267w, https:\/\/smago.de\/ws2\/wp-content\/uploads\/2023\/01\/FC928-768x432.jpg 768w, https:\/\/smago.de\/ws2\/wp-content\/uploads\/2023\/01\/FC928-1536x864.jpg 1536w, https:\/\/smago.de\/ws2\/wp-content\/uploads\/2023\/01\/FC928-2048x1152.jpg 2048w, https:\/\/smago.de\/ws2\/wp-content\/uploads\/2023\/01\/FC928-392x220.jpg 392w, https:\/\/smago.de\/ws2\/wp-content\/uploads\/2023\/01\/FC928-130x73.jpg 130w, https:\/\/smago.de\/ws2\/wp-content\/uploads\/2023\/01\/FC928-791x445.jpg 791w, https:\/\/smago.de\/ws2\/wp-content\/uploads\/2023\/01\/FC928-870x489.jpg 870w, https:\/\/smago.de\/ws2\/wp-content\/uploads\/2023\/01\/FC928-292x164.jpg 292w, https:\/\/smago.de\/ws2\/wp-content\/uploads\/2023\/01\/FC928-435x245.jpg 435w, https:\/\/smago.de\/ws2\/wp-content\/uploads\/2023\/01\/FC928-895x503.jpg 895w\" sizes=\"(max-width: 800px) 100vw, 800px\" \/><figcaption id=\"caption-attachment-196398\" class=\"wp-caption-text\"><em>RTL Journalistenschule (Symbolbild)<\/em><\/p>\n<p><em>Foto-Credit: RTL \/ Winfried von Wilmsdorff<\/em><\/p>\n<p><em>Bitte beachten Sie auch <strong><a href=\"http:\/\/www.tvnow.de\">RTL+<\/a><\/strong>!<\/em><\/figcaption><\/figure>\n","protected":false},"excerpt":{"rendered":"<p>#KommInsTeam: Crossmediale journalistische Ausbildung bei RTL NEWS, Deutschlands schlagkr\u00e4ftigster journalistischer Unit!<\/p>\n","protected":false},"author":2,"featured_media":196398,"comment_status":"open","ping_status":"closed","sticky":false,"template":"","format":"standard","meta":{"_FSMCFIC_featured_image_caption":"","_FSMCFIC_featured_image_nocaption":"","_FSMCFIC_featured_image_hide":""},"categories":[33],"tags":[60],"acf":[],"_links":{"self":[{"href":"https:\/\/smago.de\/ws2\/wp-json\/wp\/v2\/posts\/196397"}],"collection":[{"href":"https:\/\/smago.de\/ws2\/wp-json\/wp\/v2\/posts"}],"about":[{"href":"https:\/\/smago.de\/ws2\/wp-json\/wp\/v2\/types\/post"}],"author":[{"embeddable":true,"href":"https:\/\/smago.de\/ws2\/wp-json\/wp\/v2\/users\/2"}],"replies":[{"embeddable":true,"href":"https:\/\/smago.de\/ws2\/wp-json\/wp\/v2\/comments?post=196397"}],"version-history":[{"count":3,"href":"https:\/\/smago.de\/ws2\/wp-json\/wp\/v2\/posts\/196397\/revisions"}],"predecessor-version":[{"id":196401,"href":"https:\/\/smago.de\/ws2\/wp-json\/wp\/v2\/posts\/196397\/revisions\/196401"}],"wp:featuredmedia":[{"embeddable":true,"href":"https:\/\/smago.de\/ws2\/wp-json\/wp\/v2\/media\/196398"}],"wp:attachment":[{"href":"https:\/\/smago.de\/ws2\/wp-json\/wp\/v2\/media?parent=196397"}],"wp:term":[{"taxonomy":"category","embeddable":true,"href":"https:\/\/smago.de\/ws2\/wp-json\/wp\/v2\/categories?post=196397"},{"taxonomy":"post_tag","embeddable":true,"href":"https:\/\/smago.de\/ws2\/wp-json\/wp\/v2\/tags?post=196397"}],"curies":[{"name":"wp","href":"https:\/\/api.w.org\/{rel}","templated":true}]}}