{"id":196169,"date":"2023-01-27T23:59:10","date_gmt":"2023-01-27T22:59:10","guid":{"rendered":"https:\/\/smago.de\/ws2\/?p=196169"},"modified":"2023-01-28T01:39:55","modified_gmt":"2023-01-28T00:39:55","slug":"thomas-anders-hubert-kah-julia-neigel-peter-schilling-u-a-sa-28-01-2023-swr-fernsehen-wir-in-den-80ern-so-wars-im-suedwesten-wh","status":"publish","type":"post","link":"https:\/\/smago.de\/ws2\/deutsch-rock\/thomas-anders-hubert-kah-julia-neigel-peter-schilling-u-a-sa-28-01-2023-swr-fernsehen-wir-in-den-80ern-so-wars-im-suedwesten-wh\/","title":{"rendered":"THOMAS ANDERS, HUBERT KAH, JULIA NEIGEL, PETER SCHILLING u.a. <br>Sa., 28.01.2023, SWR Fernsehen: &#8222;Wir in den 80ern! &#8211; So war&#8217;s im S\u00fcdwesten&#8220; (Wh.!)!"},"content":{"rendered":"<p>20:15 Uhr &#8211; 21:45 Uhr!<br \/>\n<!--more--><\/p>\n<p>&nbsp;<\/p>\n<p>&nbsp;<\/p>\n<p>&nbsp;<\/p>\n<p style=\"text-align: justify;\">Freiheit, Aufbruch und viel Musik &#8211; das waren die 1980er f\u00fcr den S\u00fcdwesten. Ein turbulentes Jahrzehnt.<\/p>\n<p style=\"text-align: justify;\">Die \u00c4ra Kohl beginnt, die Gr\u00fcnen gr\u00fcnden sich in Karlsruhe, Proteste formieren sich gegen die Lagerung amerikanischer Raketen im S\u00fcdwesten, die Neue Deutsche Welle gibt deutscher Musik wieder eine Stimme, Michael Jackson kommt zum Hockenheimring, Nicole gewinnt den Grand Prix Eurovision de la Chanson, Aerobic, Breakdance und der Walkman sind voll im Trend und: die Mauer f\u00e4llt. Das alles ist nur eine kleine Auswahl der Ereignisse, die die Menschen im S\u00fcdwesten in den 1980er Jahren bewegt haben. Die Auswirkungen finden sich in den Geschichten und Fernsehbeitr\u00e4gen von SWF, SDR und SR wieder. Das Archiv des SWR ist voll von visuellen Sch\u00e4tzen. Was ist aus den Menschen von damals geworden? Die Sendung findet die Geschichten von damals und erz\u00e4hlt sie heute.<\/p>\n<p style=\"text-align: justify;\">Auch Prominente aus dem S\u00fcdwesten wie Popstar Thomas Anders, S\u00e4ngerin Julia Neigel, SWR Moderator Pierre M. Krause oder Evi Seibert, Leiterin des SWR Hauptstadtstudios Berlin, lassen ihre pers\u00f6nlichen 1980er Jahre im S\u00fcdwesten Revue passieren &#8211; Geschichten der 1980er aus Rheinland-Pfalz und Baden-W\u00fcrttemberg.<\/p>\n<p style=\"text-align: justify;\">F\u00fcr &#8222;Wir in den 80ern!&#8220; wurden die Menschen, \u00fcber die das Fernsehen im S\u00fcdwesten damals berichtet hat, heute erneut besucht: Was ist aus ihnen geworden? Welche Erinnerungen bleiben? Was wirkt bis heute nach? Gemeinsam mit den Zuschauerinnen und Zuschauern blicken sie zur\u00fcck auf ein Jahrzehnt voller Ver\u00e4nderungen im S\u00fcdwesten &#8211; von Koblenz bis Konstanz.<\/p>\n<p>&nbsp;<\/p>\n<p>&nbsp;<\/p>\n<p>&nbsp;<\/p>\n<p>&nbsp;<\/p>\n<p style=\"text-align: justify;\"><strong>Friedensaktivist aus Esslingen organisiert Menschenkette von Stuttgart nach Ulm<\/strong><\/p>\n<p>&nbsp;<\/p>\n<p style=\"text-align: justify;\">In den 1980ern erreicht der Kalte Krieg seinen H\u00f6hepunkt. Die amerikanischen Streitkr\u00e4fte lagern Cruise-Missiles und Pershing-Raketen im S\u00fcdwesten. Doch \u00fcberall protestieren die Menschen dagegen, mit Sitzblockaden und Friedensm\u00e4rschen. Der Protest kommt erstmals aus der Mitte der Gesellschaft. Spektakul\u00e4r ist eine Menschenkette: 108 Kilometer zwischen Stuttgart und Neu-Ulm. 400.000 Menschen nehmen 1983 daran teil. Der Friedensaktivist Klaus Pfisterer aus Esslingen hat die Kette mitorganisiert. Dass sie zustande kommt, bezeichnet er noch heute als den gr\u00f6\u00dften Erfolg seines Lebens.<\/p>\n<p>&nbsp;<\/p>\n<p>&nbsp;<\/p>\n<p>&nbsp;<\/p>\n<p>&nbsp;<\/p>\n<p style=\"text-align: justify;\"><strong>Skateboard-Profi aus Freiburg<\/strong><\/p>\n<p>&nbsp;<\/p>\n<p style=\"text-align: justify;\">Skateboarderinnen und Skateboarder werden in den St\u00e4dten zum Bordsteinschreck &#8211; oder zu Vizeweltmeistern, wie J\u00f6rg Finger aus Freiburg. Er tritt im Freestyle an, vollf\u00fchrt Pirouetten und akrobatische Spr\u00fcnge auf dem Brett. Das war 1989. Viele Jahre hat er nicht mehr trainiert. Aber Skaten ist wie Fahrradfahren, man verlernt es offensichtlich auch 30 Jahre sp\u00e4ter nicht.<\/p>\n<p>&nbsp;<\/p>\n<p>&nbsp;<\/p>\n<p>&nbsp;<\/p>\n<p>&nbsp;<\/p>\n<p style=\"text-align: justify;\"><strong>Videothekar aus Freiburg<\/strong><\/p>\n<p>&nbsp;<\/p>\n<p>In den 1980er Jahren erobert neue Technik den Alltag: der Walkman, die CD oder der Videorekorder. Raimund Brengartner aus Freiburg hat 1982 zusammen mit seiner Mutter in Freiburg eine Videothek aufgemacht. &#8222;Das war Goldgr\u00e4berstimmung&#8220;, erinnert er sich heute. Es gab Tage, an denen er mehr als tausend VHS-B\u00e4nder verliehen hat, zum Preis von 5 Mark pro St\u00fcck. 2016 musste er seine Videothek schlie\u00dfen, die Streaming-Dienste haben das Ausleihgesch\u00e4ft \u00fcberfl\u00fcssig gemacht.<\/p>\n<p>&nbsp;<\/p>\n<p>&nbsp;<\/p>\n<p>&nbsp;<\/p>\n<p>&nbsp;<\/p>\n<p><strong>Pioniere des Punks aus Heilbronn<\/strong><\/p>\n<p>&nbsp;<\/p>\n<p>Michael Jackson kommt zum Hockenheimring, Nicole gewinnt den Schlager-Grandprix. Die Musik der 1980er ist wild, vielf\u00e4ltig und aufregend. Viele Bands sowie Musikerinnen und Musiker kommen aus dem S\u00fcdwesten: Modern Talking, Camouflage, Hubert Kah und Peter Schilling. Die Neue Deutsche Welle sorgt im \u00f6ffentlich-rechtlichen Radiosender SWF3 f\u00fcr Furore. Erstmals gibt es deutschsprachige Musik auch f\u00fcr Jugendliche. Der Punk erobert ebenfalls die Region. Lars Besa aus Leutenbach bei Heilbronn lebt schon seit seiner Schulzeit wild und ungest\u00fcm. Er gr\u00fcndet &#8222;Normahl&#8220;, heute die \u00e4lteste Punkrock-Band Deutschlands. Punk ist f\u00fcr ihn immer noch eine Lebenseinstellung.<\/p>\n<p>&nbsp;<\/p>\n<p>&nbsp;<\/p>\n<figure id=\"attachment_196170\" aria-describedby=\"caption-attachment-196170\" style=\"width: 800px\" class=\"wp-caption alignnone\"><img decoding=\"async\" loading=\"lazy\" class=\"size-large wp-image-196170\" src=\"https:\/\/smago.de\/ws2\/wp-content\/uploads\/2023\/01\/1_Wir_in_den_80ern_PW0523-800x528.jpg\" alt=\"\" width=\"800\" height=\"528\" srcset=\"https:\/\/smago.de\/ws2\/wp-content\/uploads\/2023\/01\/1_Wir_in_den_80ern_PW0523-800x528.jpg 800w, https:\/\/smago.de\/ws2\/wp-content\/uploads\/2023\/01\/1_Wir_in_den_80ern_PW0523-522x345.jpg 522w, https:\/\/smago.de\/ws2\/wp-content\/uploads\/2023\/01\/1_Wir_in_den_80ern_PW0523-227x150.jpg 227w, https:\/\/smago.de\/ws2\/wp-content\/uploads\/2023\/01\/1_Wir_in_den_80ern_PW0523-768x507.jpg 768w, https:\/\/smago.de\/ws2\/wp-content\/uploads\/2023\/01\/1_Wir_in_den_80ern_PW0523-1536x1014.jpg 1536w, https:\/\/smago.de\/ws2\/wp-content\/uploads\/2023\/01\/1_Wir_in_den_80ern_PW0523-2048x1352.jpg 2048w, https:\/\/smago.de\/ws2\/wp-content\/uploads\/2023\/01\/1_Wir_in_den_80ern_PW0523-392x259.jpg 392w, https:\/\/smago.de\/ws2\/wp-content\/uploads\/2023\/01\/1_Wir_in_den_80ern_PW0523-130x86.jpg 130w, https:\/\/smago.de\/ws2\/wp-content\/uploads\/2023\/01\/1_Wir_in_den_80ern_PW0523-674x445.jpg 674w, https:\/\/smago.de\/ws2\/wp-content\/uploads\/2023\/01\/1_Wir_in_den_80ern_PW0523-791x522.jpg 791w, https:\/\/smago.de\/ws2\/wp-content\/uploads\/2023\/01\/1_Wir_in_den_80ern_PW0523-288x190.jpg 288w, https:\/\/smago.de\/ws2\/wp-content\/uploads\/2023\/01\/1_Wir_in_den_80ern_PW0523-435x287.jpg 435w, https:\/\/smago.de\/ws2\/wp-content\/uploads\/2023\/01\/1_Wir_in_den_80ern_PW0523-150x100.jpg 150w\" sizes=\"(max-width: 800px) 100vw, 800px\" \/><figcaption id=\"caption-attachment-196170\" class=\"wp-caption-text\"><em>Julia Neigel<\/em><\/p>\n<p><em>\u00a9 SWR<\/em><\/figcaption><\/figure>\n","protected":false},"excerpt":{"rendered":"<p>20:15 Uhr &#8211; 21:45 Uhr!<\/p>\n","protected":false},"author":2,"featured_media":196170,"comment_status":"open","ping_status":"closed","sticky":false,"template":"","format":"standard","meta":{"_FSMCFIC_featured_image_caption":"","_FSMCFIC_featured_image_nocaption":"","_FSMCFIC_featured_image_hide":""},"categories":[5,22,29,128],"tags":[],"acf":[],"_links":{"self":[{"href":"https:\/\/smago.de\/ws2\/wp-json\/wp\/v2\/posts\/196169"}],"collection":[{"href":"https:\/\/smago.de\/ws2\/wp-json\/wp\/v2\/posts"}],"about":[{"href":"https:\/\/smago.de\/ws2\/wp-json\/wp\/v2\/types\/post"}],"author":[{"embeddable":true,"href":"https:\/\/smago.de\/ws2\/wp-json\/wp\/v2\/users\/2"}],"replies":[{"embeddable":true,"href":"https:\/\/smago.de\/ws2\/wp-json\/wp\/v2\/comments?post=196169"}],"version-history":[{"count":2,"href":"https:\/\/smago.de\/ws2\/wp-json\/wp\/v2\/posts\/196169\/revisions"}],"predecessor-version":[{"id":196172,"href":"https:\/\/smago.de\/ws2\/wp-json\/wp\/v2\/posts\/196169\/revisions\/196172"}],"wp:featuredmedia":[{"embeddable":true,"href":"https:\/\/smago.de\/ws2\/wp-json\/wp\/v2\/media\/196170"}],"wp:attachment":[{"href":"https:\/\/smago.de\/ws2\/wp-json\/wp\/v2\/media?parent=196169"}],"wp:term":[{"taxonomy":"category","embeddable":true,"href":"https:\/\/smago.de\/ws2\/wp-json\/wp\/v2\/categories?post=196169"},{"taxonomy":"post_tag","embeddable":true,"href":"https:\/\/smago.de\/ws2\/wp-json\/wp\/v2\/tags?post=196169"}],"curies":[{"name":"wp","href":"https:\/\/api.w.org\/{rel}","templated":true}]}}