{"id":195751,"date":"2023-01-21T23:59:19","date_gmt":"2023-01-21T22:59:19","guid":{"rendered":"https:\/\/smago.de\/ws2\/?p=195751"},"modified":"2023-01-24T11:27:41","modified_gmt":"2023-01-24T10:27:41","slug":"marco-abend-der-song-deine-augen-kuendigt-sein-premierenalbum-an","status":"publish","type":"post","link":"https:\/\/smago.de\/ws2\/uncategorized\/marco-abend-der-song-deine-augen-kuendigt-sein-premierenalbum-an\/","title":{"rendered":"MARKO ABEND <br>Der Song &#8222;Deine Augen&#8220; k\u00fcndigt sein Premierenalbum an!"},"content":{"rendered":"<p>2023 soll sein Jahr werden &#8230;:<br \/>\n<!--more--><\/p>\n<p>&nbsp;<\/p>\n<p style=\"text-align: justify;\">Nach den ersten Achtungserfolgen im letzten Jahr startet MARKO ABEND, der Mann mit der Reibeisenstimme, mit Vollgas in das neue Jahr 2023!<\/p>\n<p style=\"text-align: justify;\"><em>\u201eIch m\u00f6chte als K\u00fcnstler meine Vielseitigkeit pr\u00e4sentieren, sowohl als Interpret wie auch als Texter\u201c,<\/em> so Marko Abend, der mit seiner neuen Single \u201eDeine Augen\u201c, die am 27.01.2023 bei Fiesta Records (Andreas Rosmiarek) erscheint, eine weitere, gro\u00dfartige Seite seines Schaffens zeigt.<\/p>\n<p style=\"text-align: justify;\">Auch dieser Song ist aus seiner eigenen Feder. Einfach aus dem Leben gegriffen.<\/p>\n<p style=\"text-align: justify;\">2023 soll sein Jahr werden. Gemeinsam mit der Viva Concepts Niederrhein GmbH, die u.a. K\u00fcnstler wie Olaf Henning betreut und dem Label Fiesta Records, unter der Federf\u00fchrung von Andreas Rosmiarek, hat der sympathische Mann aus dem hohen Norden der Republik starke Partner an seiner Seite, die ihm das Fundament f\u00fcr starke Auftritte bieten.<\/p>\n<p style=\"text-align: justify;\">Das Premierenalbum ist in Planung und wird nicht mehr allzu lange auf sich warten lassen.<\/p>\n","protected":false},"excerpt":{"rendered":"<p>2023 soll sein Jahr werden &#8230;:<\/p>\n","protected":false},"author":2,"featured_media":195752,"comment_status":"open","ping_status":"closed","sticky":false,"template":"","format":"standard","meta":{"_FSMCFIC_featured_image_caption":"","_FSMCFIC_featured_image_nocaption":"","_FSMCFIC_featured_image_hide":""},"categories":[1],"tags":[],"acf":[],"_links":{"self":[{"href":"https:\/\/smago.de\/ws2\/wp-json\/wp\/v2\/posts\/195751"}],"collection":[{"href":"https:\/\/smago.de\/ws2\/wp-json\/wp\/v2\/posts"}],"about":[{"href":"https:\/\/smago.de\/ws2\/wp-json\/wp\/v2\/types\/post"}],"author":[{"embeddable":true,"href":"https:\/\/smago.de\/ws2\/wp-json\/wp\/v2\/users\/2"}],"replies":[{"embeddable":true,"href":"https:\/\/smago.de\/ws2\/wp-json\/wp\/v2\/comments?post=195751"}],"version-history":[{"count":3,"href":"https:\/\/smago.de\/ws2\/wp-json\/wp\/v2\/posts\/195751\/revisions"}],"predecessor-version":[{"id":195926,"href":"https:\/\/smago.de\/ws2\/wp-json\/wp\/v2\/posts\/195751\/revisions\/195926"}],"wp:featuredmedia":[{"embeddable":true,"href":"https:\/\/smago.de\/ws2\/wp-json\/wp\/v2\/media\/195752"}],"wp:attachment":[{"href":"https:\/\/smago.de\/ws2\/wp-json\/wp\/v2\/media?parent=195751"}],"wp:term":[{"taxonomy":"category","embeddable":true,"href":"https:\/\/smago.de\/ws2\/wp-json\/wp\/v2\/categories?post=195751"},{"taxonomy":"post_tag","embeddable":true,"href":"https:\/\/smago.de\/ws2\/wp-json\/wp\/v2\/tags?post=195751"}],"curies":[{"name":"wp","href":"https:\/\/api.w.org\/{rel}","templated":true}]}}