{"id":195740,"date":"2023-01-22T00:00:47","date_gmt":"2023-01-21T23:00:47","guid":{"rendered":"https:\/\/smago.de\/ws2\/?p=195740"},"modified":"2023-01-21T13:22:57","modified_gmt":"2023-01-21T12:22:57","slug":"neonlicht-elektrisiert-starten-sie-mit-vollgas-ins-neue-jahr","status":"publish","type":"post","link":"https:\/\/smago.de\/ws2\/uncategorized\/neonlicht-elektrisiert-starten-sie-mit-vollgas-ins-neue-jahr\/","title":{"rendered":"NEONLICHT <br>&#8222;Elektrisiert&#8220; starten sie mit Vollgas ins neue Jahr!"},"content":{"rendered":"<p>&#8222;Unsere enge Verbindung zueinander ist im Song ganz deutlich sp\u00fcr- und h\u00f6rbar&#8220;, sagt Julian &#8230;:<br \/>\n<!--more--><\/p>\n<p>&nbsp;<\/p>\n<p style=\"text-align: justify;\">\n<p style=\"text-align: justify;\">NEONLICHT starten mit Vollgas ins neue Jahr und legen mit \u201eElektrisiert\u201c ihre brandneue Single vor, die mit einer ordentlichen Menge Leidenschaft aufgeladen ist und ihre rasant wachsende Fan-Community vom Fleck weg begeistert.<\/p>\n<p style=\"text-align: justify;\">Ihr Deb\u00fct feierte \u201eElektrisiert\u201c Anfang Januar im ausverkauften Landauer Gloria Kulturpalast vor 300 Leuten und heizte der begeisterten Menge ordentlich ein. Auch die beliebte Schlager-Gr\u00f6\u00dfe Sonia Liebing lie\u00df sich die Chance nicht entgehen, gemeinsam mit den beiden aufstrebenden Newcomern auf einer B\u00fchne zu stehen und diese Premiere mitzuerleben.<\/p>\n<p style=\"text-align: justify;\">\u201eElektrisiert ist f\u00fcr mich genau der Song, den ich mir f\u00fcr Nadine und mich vorgestellt habe. Eine ganz eigene Up-Tempo Nummer, die ab jetzt zu uns geh\u00f6rt. Unsere enge Verbindung zueinander ist im Song ganz deutlich sp\u00fcr- und h\u00f6rbar\u201c, sagt Julian \u00fcber die neue Single.<\/p>\n<p style=\"text-align: justify;\">\u201eGenau so stelle ich mir modernen Popschlager vor\u201c erg\u00e4nzt Nadine. \u201e&#8217;Elektrisiert&#8216; passt deshalb zu Neonlicht einfach wie die Faust aufs Auge. Am meisten freue ich mich darauf, den Song bei unseren Konzerten mit unseren Fans zu teilen und gemeinsam zu singen.\u201c<\/p>\n<p style=\"text-align: justify;\">Bereits mit ihrer Deb\u00fctsingle \u201eWir sind mehr als zwei\u201c setzten Neonlicht Ende 2021 ein klares Statement und hinterlie\u00dfen einen markanten Fu\u00dfabdruck in der Schlager-Community. Mit ihrer Follow-Up Single \u201eSie hat den Look\u201c setzten sie auf die Verbindung von Bekanntem mit Neuem. Gemeinsam mit Producer-Ikone Christian Geller (No Angels, Thomas Anders &amp; Florian Silbereisen, Eloy de Jong) hatte man sich Roxettes mit Multiplatin ausgezeichneten Top 1-Smash \u201eThe Look\u201c vorgenommen, gr\u00fcndlich entstaubt und auf \u201eSie hat den Look\u201c zu einer zeitgem\u00e4\u00dfen Rock-Schlager-Version umgebaut.<\/p>\n<p style=\"text-align: justify;\">Neonlicht repr\u00e4sentiert eine neue und frische Generation der deutschsprachigen Schlager-Acts und legen jetzt mit ihrer neuen Single \u201eElektrisiert\u201c die Messlatte ein gutes St\u00fcck h\u00f6her.<\/p>\n","protected":false},"excerpt":{"rendered":"<p>&#8222;Unsere enge Verbindung zueinander ist im Song ganz deutlich sp\u00fcr- und h\u00f6rbar&#8220;, sagt Julian &#8230;:<\/p>\n","protected":false},"author":2,"featured_media":195741,"comment_status":"open","ping_status":"closed","sticky":false,"template":"","format":"standard","meta":{"_FSMCFIC_featured_image_caption":"","_FSMCFIC_featured_image_nocaption":"","_FSMCFIC_featured_image_hide":""},"categories":[1],"tags":[2220],"acf":[],"_links":{"self":[{"href":"https:\/\/smago.de\/ws2\/wp-json\/wp\/v2\/posts\/195740"}],"collection":[{"href":"https:\/\/smago.de\/ws2\/wp-json\/wp\/v2\/posts"}],"about":[{"href":"https:\/\/smago.de\/ws2\/wp-json\/wp\/v2\/types\/post"}],"author":[{"embeddable":true,"href":"https:\/\/smago.de\/ws2\/wp-json\/wp\/v2\/users\/2"}],"replies":[{"embeddable":true,"href":"https:\/\/smago.de\/ws2\/wp-json\/wp\/v2\/comments?post=195740"}],"version-history":[{"count":2,"href":"https:\/\/smago.de\/ws2\/wp-json\/wp\/v2\/posts\/195740\/revisions"}],"predecessor-version":[{"id":195743,"href":"https:\/\/smago.de\/ws2\/wp-json\/wp\/v2\/posts\/195740\/revisions\/195743"}],"wp:featuredmedia":[{"embeddable":true,"href":"https:\/\/smago.de\/ws2\/wp-json\/wp\/v2\/media\/195741"}],"wp:attachment":[{"href":"https:\/\/smago.de\/ws2\/wp-json\/wp\/v2\/media?parent=195740"}],"wp:term":[{"taxonomy":"category","embeddable":true,"href":"https:\/\/smago.de\/ws2\/wp-json\/wp\/v2\/categories?post=195740"},{"taxonomy":"post_tag","embeddable":true,"href":"https:\/\/smago.de\/ws2\/wp-json\/wp\/v2\/tags?post=195740"}],"curies":[{"name":"wp","href":"https:\/\/api.w.org\/{rel}","templated":true}]}}