{"id":195572,"date":"2023-01-19T18:04:52","date_gmt":"2023-01-19T17:04:52","guid":{"rendered":"https:\/\/smago.de\/ws2\/?p=195572"},"modified":"2023-01-19T18:04:52","modified_gmt":"2023-01-19T17:04:52","slug":"smago-informiert-kein-deutschsprachiger-titel-in-den-top-100-der-offiziellen-deutschen-airplay-charts-2022","status":"publish","type":"post","link":"https:\/\/smago.de\/ws2\/smago-informiert\/smago-informiert-kein-deutschsprachiger-titel-in-den-top-100-der-offiziellen-deutschen-airplay-charts-2022\/","title":{"rendered":"smago! INFORMIERT <br>Kein deutschsprachiger Titel in den Top 100 der Offiziellen Deutschen Airplay-Charts 2022!"},"content":{"rendered":"<p style=\"text-align: justify;\">Florian Dr\u00fccke (Bundesverband Musikindustrie):\u00a0\u201eWerden in der aktuellen Debatte um die Zukunft de \u00f6ffentlich-rechtlichen Kulturauftrag einfordern!&#8220;!<br \/>\n<!--more--><\/p>\n<p style=\"text-align: justify;\">\n<p style=\"text-align: justify;\">\n<p style=\"text-align: justify;\">Menschen in Deutschland haben auch im vergangenen Jahr viel Musik \u00fcber Streamingdienste geh\u00f6rt. Wie eine Sonderauswertung von GfK Entertainment in Kooperation mit dem Bundesverband Musikindustrie zeigt, wurden 2022 rund 178 Milliarden Audiostreams gemessen, so viel wie noch nie zuvor. Die Untersuchung zeigt weiterhin, dass die Vielfalt der geh\u00f6rten Genres, dazu geh\u00f6rt auch deutschsprachige Musik, im Streaming-Bereich, auf CD und Vinyl, gro\u00df ist.<\/p>\n<p style=\"text-align: justify;\">Im Musikangebot der Radiosender spiegelt sich das allerdings nicht wider. Der BVMI-Vorstandsvorsitzende Dr. <strong>Florian Dr\u00fccke<\/strong> kritisiert mit Blick auf Top 100 der Offiziellen Deutschen Airplay-Charts 2022 vor allem, dass sich dort kein einziger deutschsprachiger Titel findet und damit ein Trend, auf den die Branche schon seit Jahren hinweist, einen neuen Negativrekord erreicht hat.<\/p>\n<p style=\"text-align: justify;\">\u201eEs ist gut, dass wir aktuell viele Diskussionen \u00fcber unsere Branche und das digitale Gesch\u00e4ft mit Chancen und Herausforderungen f\u00fchren und das Anekdotische dabei langsam st\u00e4rker in den Hintergrund r\u00fcckt \u2013 und sich die Faktengrundlage f\u00fcr die Auseinandersetzung verbessert. Dabei darf das bigger picture aber nicht verloren gehen! Unter den 100 am h\u00e4ufigsten gespielten Titeln im deutschen Radio befindet sich kein deutschsprachiger Song, wie die Offiziellen Deutschen Airplay-Charts 2022 zeigen, ermittelt von MusicTrace im Auftrag des BVMI. Das ist ein neuer Tiefstand nach f\u00fcnf im Jahr 2021 und sechs im Jahr 2020.\u00a0 Dass Songs auf Deutsch im Radio keine besonders gro\u00dfe Rolle spielen, ist kein neues Ph\u00e4nomen und die Branche hat das \u00fcber die Jahre vielfach thematisiert und kritisiert. Dabei k\u00f6nnten sich Sender mit lokalem Repertoire nach unserer \u00dcberzeugung identifizieren und auch bei den H\u00f6rer:innen profilieren. Andererseits muss auch klar sein, dass wir hier in der aktuellen Debatte um die Zukunft des \u00d6ffentlich-Rechtlichen Rundfunks sehr genau hinschauen und den Kulturauftrag einfordern werden, der nicht durch die Heavy-Rotation von internationalem Repertoire erf\u00fcllt wird. Es reicht dabei der Blick in die Offiziellen Deutschen Album- und Single-Charts, die zeigen, dass deutschsprachige K\u00fcnstler:innen hierzulande sehr wohl gesch\u00e4tzt und gefragt sind und sich entsprechend auch im Radio wiederfinden sollten. Ich bin mir sicher, dass die Teilbranchen der Musikwirtschaft diesen Missstand geeint pr\u00e4zise benennen und gemeinsam Wege aus der Misere aufzeigen werden. Der BVMI wird diesbez\u00fcglich jedenfalls mit den verschiedenen Akteur:innen den Dialog suchen. Auch politisch darf vor dieser Problemlage nicht weggeschaut werden.\u201c<\/p>\n<p>&nbsp;<\/p>\n<p>&nbsp;<\/p>\n<p>&nbsp;<\/p>\n<figure id=\"attachment_195574\" aria-describedby=\"caption-attachment-195574\" style=\"width: 800px\" class=\"wp-caption alignnone\"><img decoding=\"async\" loading=\"lazy\" class=\"size-large wp-image-195574\" src=\"https:\/\/smago.de\/ws2\/wp-content\/uploads\/2023\/01\/Bundesverband_Musikindustrie_Logo_4c2-800x330.jpg\" alt=\"\" width=\"800\" height=\"330\" srcset=\"https:\/\/smago.de\/ws2\/wp-content\/uploads\/2023\/01\/Bundesverband_Musikindustrie_Logo_4c2-800x330.jpg 800w, https:\/\/smago.de\/ws2\/wp-content\/uploads\/2023\/01\/Bundesverband_Musikindustrie_Logo_4c2-522x216.jpg 522w, https:\/\/smago.de\/ws2\/wp-content\/uploads\/2023\/01\/Bundesverband_Musikindustrie_Logo_4c2-292x121.jpg 292w, https:\/\/smago.de\/ws2\/wp-content\/uploads\/2023\/01\/Bundesverband_Musikindustrie_Logo_4c2-768x317.jpg 768w, https:\/\/smago.de\/ws2\/wp-content\/uploads\/2023\/01\/Bundesverband_Musikindustrie_Logo_4c2-1536x635.jpg 1536w, https:\/\/smago.de\/ws2\/wp-content\/uploads\/2023\/01\/Bundesverband_Musikindustrie_Logo_4c2-2048x846.jpg 2048w, https:\/\/smago.de\/ws2\/wp-content\/uploads\/2023\/01\/Bundesverband_Musikindustrie_Logo_4c2-392x162.jpg 392w, https:\/\/smago.de\/ws2\/wp-content\/uploads\/2023\/01\/Bundesverband_Musikindustrie_Logo_4c2-130x54.jpg 130w, https:\/\/smago.de\/ws2\/wp-content\/uploads\/2023\/01\/Bundesverband_Musikindustrie_Logo_4c2-870x359.jpg 870w, https:\/\/smago.de\/ws2\/wp-content\/uploads\/2023\/01\/Bundesverband_Musikindustrie_Logo_4c2-435x180.jpg 435w\" sizes=\"(max-width: 800px) 100vw, 800px\" \/><figcaption id=\"caption-attachment-195574\" class=\"wp-caption-text\"><em>Foto-Credit: Bundesverband Musikindustrie<\/em><\/figcaption><\/figure>\n","protected":false},"excerpt":{"rendered":"<p>Florian Dr\u00fccke (Bundesverband Musikindustrie):\u00a0\u201eWerden in der aktuellen Debatte um die Zukunft de \u00f6ffentlich-rechtlichen Kulturauftrag einfordern!&#8220;!<\/p>\n","protected":false},"author":2,"featured_media":195574,"comment_status":"open","ping_status":"closed","sticky":false,"template":"","format":"standard","meta":{"_FSMCFIC_featured_image_caption":"","_FSMCFIC_featured_image_nocaption":"","_FSMCFIC_featured_image_hide":""},"categories":[33,39],"tags":[60],"acf":[],"_links":{"self":[{"href":"https:\/\/smago.de\/ws2\/wp-json\/wp\/v2\/posts\/195572"}],"collection":[{"href":"https:\/\/smago.de\/ws2\/wp-json\/wp\/v2\/posts"}],"about":[{"href":"https:\/\/smago.de\/ws2\/wp-json\/wp\/v2\/types\/post"}],"author":[{"embeddable":true,"href":"https:\/\/smago.de\/ws2\/wp-json\/wp\/v2\/users\/2"}],"replies":[{"embeddable":true,"href":"https:\/\/smago.de\/ws2\/wp-json\/wp\/v2\/comments?post=195572"}],"version-history":[{"count":1,"href":"https:\/\/smago.de\/ws2\/wp-json\/wp\/v2\/posts\/195572\/revisions"}],"predecessor-version":[{"id":195575,"href":"https:\/\/smago.de\/ws2\/wp-json\/wp\/v2\/posts\/195572\/revisions\/195575"}],"wp:featuredmedia":[{"embeddable":true,"href":"https:\/\/smago.de\/ws2\/wp-json\/wp\/v2\/media\/195574"}],"wp:attachment":[{"href":"https:\/\/smago.de\/ws2\/wp-json\/wp\/v2\/media?parent=195572"}],"wp:term":[{"taxonomy":"category","embeddable":true,"href":"https:\/\/smago.de\/ws2\/wp-json\/wp\/v2\/categories?post=195572"},{"taxonomy":"post_tag","embeddable":true,"href":"https:\/\/smago.de\/ws2\/wp-json\/wp\/v2\/tags?post=195572"}],"curies":[{"name":"wp","href":"https:\/\/api.w.org\/{rel}","templated":true}]}}