{"id":195394,"date":"2023-01-18T00:00:41","date_gmt":"2023-01-17T23:00:41","guid":{"rendered":"https:\/\/smago.de\/ws2\/?p=195394"},"modified":"2023-01-17T18:24:17","modified_gmt":"2023-01-17T17:24:17","slug":"mario-steffen-wiedersehen-mit-seinem-entdecker-ingo-luecke","status":"publish","type":"post","link":"https:\/\/smago.de\/ws2\/pop-schlager\/mario-steffen-wiedersehen-mit-seinem-entdecker-ingo-luecke\/","title":{"rendered":"MARIO STEFFEN <br>Wiedersehen mit seinem &#8222;Entdecker&#8220; Ingo L\u00fccke!"},"content":{"rendered":"<p>Mario Steffen feiert sein 20-j\u00e4hriges B\u00fchnenjubil\u00e4um!<br \/>\n<!--more--><\/p>\n<p>&nbsp;<\/p>\n<p>&nbsp;<\/p>\n<p>&nbsp;<\/p>\n<p style=\"text-align: justify;\"><em>Kaum zu glauben! <\/em><\/p>\n<p style=\"text-align: justify;\"><em>20 Jahre ist es her, dass mich Hr4-Moderator Ingo L\u00fccke auf einem Stra\u00dfenfest in Frankfurt am Main entdeckt hat. Ich habe damals mit 26 Jahren bei einem Karaoke-Wettbewerb teilgenommen. Er ebnete mir den Weg zur ersten Plattenfirma und in die Glitzerwelt des deutschen Schlagers. <\/em><\/p>\n<p style=\"text-align: justify;\"><em>Eine 20-j\u00e4hrige Achterbahnfahrt liegt hinter mir, mit vielen unvergesslichen H\u00f6hepunkten aber auch Entt\u00e4uschungen und traurigen Momenten. Viele sch\u00f6ne Radioerfolge s\u00e4umen meinen bisherigen musikalischen Weg (z.B. &#8222;Einsam in der Samstagnacht&#8220;, &#8222;Vergessen dass es Dich gibt&#8220;, &#8222;Ich setz den Joker drauf&#8220;, &#8222;Nie zu fr\u00fch und nie zu sp\u00e4t&#8220;). <\/em><\/p>\n<p style=\"text-align: justify;\"><em>Noch immer habe ich unendlichen Spa\u00df an der Musik und ich bin nach wie vor gerne mit dabei in diesem &#8222;Haifischbecken&#8220;. 2023 wird daher noch geb\u00fchrend mit einem neuen Album, vielen tollen Auftritten und einem Jubil\u00e4umskonzert gefeiert (das alles allerdings erst im zweiten Halbjahr, weil mir im Augenblick meine Gesundheit einen Strich durch die Rechnung macht). <\/em><\/p>\n<p style=\"text-align: justify;\"><em>F\u00fchlt Euch lieb gedr\u00fcckt.<\/em><\/p>\n<p>&nbsp;<\/p>\n<p style=\"text-align: justify;\"><em>Bis bald! <\/em><\/p>\n<p>&nbsp;<\/p>\n<p style=\"text-align: justify;\"><em>Euer <\/em><\/p>\n<p>&nbsp;<\/p>\n<p style=\"text-align: justify;\"><em>Mario Steffen<\/em><\/p>\n<p>&nbsp;<\/p>\n<p>&nbsp;<\/p>\n<figure id=\"attachment_195395\" aria-describedby=\"caption-attachment-195395\" style=\"width: 600px\" class=\"wp-caption alignnone\"><img decoding=\"async\" loading=\"lazy\" class=\"size-large wp-image-195395\" src=\"https:\/\/smago.de\/ws2\/wp-content\/uploads\/2023\/01\/325503164_3287689898159598_6760447876268228828_n-600x800.jpg\" alt=\"\" width=\"600\" height=\"800\" srcset=\"https:\/\/smago.de\/ws2\/wp-content\/uploads\/2023\/01\/325503164_3287689898159598_6760447876268228828_n-600x800.jpg 600w, https:\/\/smago.de\/ws2\/wp-content\/uploads\/2023\/01\/325503164_3287689898159598_6760447876268228828_n-392x522.jpg 392w, https:\/\/smago.de\/ws2\/wp-content\/uploads\/2023\/01\/325503164_3287689898159598_6760447876268228828_n-113x150.jpg 113w, https:\/\/smago.de\/ws2\/wp-content\/uploads\/2023\/01\/325503164_3287689898159598_6760447876268228828_n-768x1024.jpg 768w, https:\/\/smago.de\/ws2\/wp-content\/uploads\/2023\/01\/325503164_3287689898159598_6760447876268228828_n-1152x1536.jpg 1152w, https:\/\/smago.de\/ws2\/wp-content\/uploads\/2023\/01\/325503164_3287689898159598_6760447876268228828_n-204x272.jpg 204w, https:\/\/smago.de\/ws2\/wp-content\/uploads\/2023\/01\/325503164_3287689898159598_6760447876268228828_n-450x600.jpg 450w, https:\/\/smago.de\/ws2\/wp-content\/uploads\/2023\/01\/325503164_3287689898159598_6760447876268228828_n-98x130.jpg 98w, https:\/\/smago.de\/ws2\/wp-content\/uploads\/2023\/01\/325503164_3287689898159598_6760447876268228828_n-334x445.jpg 334w, https:\/\/smago.de\/ws2\/wp-content\/uploads\/2023\/01\/325503164_3287689898159598_6760447876268228828_n-143x190.jpg 143w, https:\/\/smago.de\/ws2\/wp-content\/uploads\/2023\/01\/325503164_3287689898159598_6760447876268228828_n-218x290.jpg 218w, https:\/\/smago.de\/ws2\/wp-content\/uploads\/2023\/01\/325503164_3287689898159598_6760447876268228828_n-510x680.jpg 510w, https:\/\/smago.de\/ws2\/wp-content\/uploads\/2023\/01\/325503164_3287689898159598_6760447876268228828_n.jpg 1536w\" sizes=\"(max-width: 600px) 100vw, 600px\" \/><figcaption id=\"caption-attachment-195395\" class=\"wp-caption-text\"><em>Foto-Credit: <strong><a href=\"https:\/\/www.facebook.com\/Mario.Steffen.Schlager\">Facebook-Seite von Mario Steffen<\/a><\/strong><\/em><\/figcaption><\/figure>\n","protected":false},"excerpt":{"rendered":"<p>Mario Steffen feiert sein 20-j\u00e4hriges B\u00fchnenjubil\u00e4um!<\/p>\n","protected":false},"author":2,"featured_media":195395,"comment_status":"open","ping_status":"closed","sticky":false,"template":"","format":"standard","meta":{"_FSMCFIC_featured_image_caption":"","_FSMCFIC_featured_image_nocaption":"","_FSMCFIC_featured_image_hide":""},"categories":[28,29],"tags":[512],"acf":[],"_links":{"self":[{"href":"https:\/\/smago.de\/ws2\/wp-json\/wp\/v2\/posts\/195394"}],"collection":[{"href":"https:\/\/smago.de\/ws2\/wp-json\/wp\/v2\/posts"}],"about":[{"href":"https:\/\/smago.de\/ws2\/wp-json\/wp\/v2\/types\/post"}],"author":[{"embeddable":true,"href":"https:\/\/smago.de\/ws2\/wp-json\/wp\/v2\/users\/2"}],"replies":[{"embeddable":true,"href":"https:\/\/smago.de\/ws2\/wp-json\/wp\/v2\/comments?post=195394"}],"version-history":[{"count":3,"href":"https:\/\/smago.de\/ws2\/wp-json\/wp\/v2\/posts\/195394\/revisions"}],"predecessor-version":[{"id":195398,"href":"https:\/\/smago.de\/ws2\/wp-json\/wp\/v2\/posts\/195394\/revisions\/195398"}],"wp:featuredmedia":[{"embeddable":true,"href":"https:\/\/smago.de\/ws2\/wp-json\/wp\/v2\/media\/195395"}],"wp:attachment":[{"href":"https:\/\/smago.de\/ws2\/wp-json\/wp\/v2\/media?parent=195394"}],"wp:term":[{"taxonomy":"category","embeddable":true,"href":"https:\/\/smago.de\/ws2\/wp-json\/wp\/v2\/categories?post=195394"},{"taxonomy":"post_tag","embeddable":true,"href":"https:\/\/smago.de\/ws2\/wp-json\/wp\/v2\/tags?post=195394"}],"curies":[{"name":"wp","href":"https:\/\/api.w.org\/{rel}","templated":true}]}}