{"id":195358,"date":"2023-01-17T00:00:16","date_gmt":"2023-01-16T23:00:16","guid":{"rendered":"https:\/\/smago.de\/ws2\/?p=195358"},"modified":"2023-01-17T09:24:36","modified_gmt":"2023-01-17T08:24:36","slug":"matthias-carras-in-dankbarer-erinnerung-smago-award-verleihung-an-matthias-carras-fruehjahr-2022","status":"publish","type":"post","link":"https:\/\/smago.de\/ws2\/pop-schlager\/matthias-carras-in-dankbarer-erinnerung-smago-award-verleihung-an-matthias-carras-fruehjahr-2022\/","title":{"rendered":"MATTHIAS CARRAS <br>In dankbarer Erinnerung: smago! Award Verleihung an Matthias Carras (Fr\u00fchjahr 2022)!"},"content":{"rendered":"<p style=\"text-align: justify;\">Keine Geringere als Paulina Wagner \u00fcberbrachte ihm den Preis in der Kategorie &#8222;Das Popschlager-Comeback des Jahres&#8220; &#8211; in seinem Wohnzimmer in Biedenkopf!<br \/>\n<!--more--><\/p>\n<p>&nbsp;<\/p>\n<p style=\"text-align: justify;\">\n<p style=\"text-align: justify;\">In dankbarer Erinnerung an den am 14.01.2023 im Alter von nur 58 Jahren verstorbenen MATTHIAS CARRAS zeigt <em>smago!<\/em> hier noch einmal die <em>smago!<\/em> Award Verleihung vom 29.05.2022.<\/p>\n<p style=\"text-align: justify;\">Matthias Carras wurde von keiner Geringeren als Paulina Wagner\u00a0in der Kategorie &#8222;Das Popschlager-Comeback des Jahres&#8220; \u00fcberrascht.<\/p>\n<p style=\"text-align: justify;\">Nach neunj\u00e4hriger Pause hatte sich Matthias Carras Mitte Juni 2022 mit einem neuen Album zur\u00fcckgemeldet \u2013 \u201cEndlich frei\u201d, erschienen auf Fiesta Records (Andreas Rosmiarek), produziert von Felice Pedull\u00e0 und Christoph Steipel.<\/p>\n<p style=\"text-align: justify;\">Matthias Carras machte keinen Hehl daraus, dass er \u2013 erneut \u2013 an Knochenkrebs erkrankt war. Dennoch z\u00f6gerte er seine Sekunde, als es darum ging, das <em>smago!<\/em> Award Team bei sich zuhause in Biedenkopf zu empfangen.<\/p>\n<p style=\"text-align: justify;\">Nat\u00fcrlich lie\u00df sich Paulina Wagner die Gelegenheit nicht nehmen, mit Matthias Carras auch ein ausf\u00fchrliches Interview zu f\u00fchren.<\/p>\n<p>&nbsp;<\/p>\n<p>&nbsp;<\/p>\n<p style=\"text-align: justify;\"><iframe loading=\"lazy\" src=\"\/\/www.youtube.com\/embed\/n2CMPOhrQ14\" width=\"800\" height=\"449\" allowfullscreen=\"allowfullscreen\"><\/iframe><\/p>\n<p>&nbsp;<\/p>\n<p>&nbsp;<\/p>\n<p>&nbsp;<\/p>\n<p><img decoding=\"async\" loading=\"lazy\" class=\"alignnone size-full wp-image-195277\" src=\"https:\/\/smago.de\/ws2\/wp-content\/uploads\/2023\/01\/carras_award.jpg\" alt=\"\" width=\"465\" height=\"800\" srcset=\"https:\/\/smago.de\/ws2\/wp-content\/uploads\/2023\/01\/carras_award.jpg 465w, https:\/\/smago.de\/ws2\/wp-content\/uploads\/2023\/01\/carras_award-303x522.jpg 303w, https:\/\/smago.de\/ws2\/wp-content\/uploads\/2023\/01\/carras_award-87x150.jpg 87w, https:\/\/smago.de\/ws2\/wp-content\/uploads\/2023\/01\/carras_award-158x272.jpg 158w, https:\/\/smago.de\/ws2\/wp-content\/uploads\/2023\/01\/carras_award-349x600.jpg 349w, https:\/\/smago.de\/ws2\/wp-content\/uploads\/2023\/01\/carras_award-76x130.jpg 76w, https:\/\/smago.de\/ws2\/wp-content\/uploads\/2023\/01\/carras_award-259x445.jpg 259w, https:\/\/smago.de\/ws2\/wp-content\/uploads\/2023\/01\/carras_award-110x190.jpg 110w, https:\/\/smago.de\/ws2\/wp-content\/uploads\/2023\/01\/carras_award-169x290.jpg 169w\" sizes=\"(max-width: 465px) 100vw, 465px\" \/><\/p>\n<p>&nbsp;<\/p>\n<p>&nbsp;<\/p>\n<p>&nbsp;<\/p>\n<figure id=\"attachment_185379\" aria-describedby=\"caption-attachment-185379\" style=\"width: 600px\" class=\"wp-caption alignnone\"><img decoding=\"async\" loading=\"lazy\" class=\"size-large wp-image-185379\" src=\"https:\/\/smago.de\/ws2\/wp-content\/uploads\/2022\/06\/Carras_Matthias-Wagner_Paulina_3-600x800.jpg\" alt=\"\" width=\"600\" height=\"800\" srcset=\"https:\/\/smago.de\/ws2\/wp-content\/uploads\/2022\/06\/Carras_Matthias-Wagner_Paulina_3-600x800.jpg 600w, https:\/\/smago.de\/ws2\/wp-content\/uploads\/2022\/06\/Carras_Matthias-Wagner_Paulina_3-392x522.jpg 392w, https:\/\/smago.de\/ws2\/wp-content\/uploads\/2022\/06\/Carras_Matthias-Wagner_Paulina_3-113x150.jpg 113w, https:\/\/smago.de\/ws2\/wp-content\/uploads\/2022\/06\/Carras_Matthias-Wagner_Paulina_3-768x1024.jpg 768w, https:\/\/smago.de\/ws2\/wp-content\/uploads\/2022\/06\/Carras_Matthias-Wagner_Paulina_3-1152x1536.jpg 1152w, https:\/\/smago.de\/ws2\/wp-content\/uploads\/2022\/06\/Carras_Matthias-Wagner_Paulina_3-204x272.jpg 204w, https:\/\/smago.de\/ws2\/wp-content\/uploads\/2022\/06\/Carras_Matthias-Wagner_Paulina_3-450x600.jpg 450w, https:\/\/smago.de\/ws2\/wp-content\/uploads\/2022\/06\/Carras_Matthias-Wagner_Paulina_3-98x130.jpg 98w, https:\/\/smago.de\/ws2\/wp-content\/uploads\/2022\/06\/Carras_Matthias-Wagner_Paulina_3-334x445.jpg 334w, https:\/\/smago.de\/ws2\/wp-content\/uploads\/2022\/06\/Carras_Matthias-Wagner_Paulina_3-143x190.jpg 143w, https:\/\/smago.de\/ws2\/wp-content\/uploads\/2022\/06\/Carras_Matthias-Wagner_Paulina_3-218x290.jpg 218w, https:\/\/smago.de\/ws2\/wp-content\/uploads\/2022\/06\/Carras_Matthias-Wagner_Paulina_3-510x680.jpg 510w, https:\/\/smago.de\/ws2\/wp-content\/uploads\/2022\/06\/Carras_Matthias-Wagner_Paulina_3.jpg 1536w\" sizes=\"(max-width: 600px) 100vw, 600px\" \/><figcaption id=\"caption-attachment-185379\" class=\"wp-caption-text\">Foto-Credit: Heike Wagner<\/figcaption><\/figure>\n","protected":false},"excerpt":{"rendered":"<p>Keine Geringere als Paulina Wagner \u00fcberbrachte ihm den Preis in der Kategorie &#8222;Das Popschlager-Comeback des Jahres&#8220; &#8211; in seinem Wohnzimmer<\/p>\n","protected":false},"author":2,"featured_media":195276,"comment_status":"open","ping_status":"closed","sticky":false,"template":"","format":"standard","meta":{"_FSMCFIC_featured_image_caption":"","_FSMCFIC_featured_image_nocaption":"","_FSMCFIC_featured_image_hide":""},"categories":[28,39],"tags":[378],"acf":[],"_links":{"self":[{"href":"https:\/\/smago.de\/ws2\/wp-json\/wp\/v2\/posts\/195358"}],"collection":[{"href":"https:\/\/smago.de\/ws2\/wp-json\/wp\/v2\/posts"}],"about":[{"href":"https:\/\/smago.de\/ws2\/wp-json\/wp\/v2\/types\/post"}],"author":[{"embeddable":true,"href":"https:\/\/smago.de\/ws2\/wp-json\/wp\/v2\/users\/2"}],"replies":[{"embeddable":true,"href":"https:\/\/smago.de\/ws2\/wp-json\/wp\/v2\/comments?post=195358"}],"version-history":[{"count":2,"href":"https:\/\/smago.de\/ws2\/wp-json\/wp\/v2\/posts\/195358\/revisions"}],"predecessor-version":[{"id":195381,"href":"https:\/\/smago.de\/ws2\/wp-json\/wp\/v2\/posts\/195358\/revisions\/195381"}],"wp:featuredmedia":[{"embeddable":true,"href":"https:\/\/smago.de\/ws2\/wp-json\/wp\/v2\/media\/195276"}],"wp:attachment":[{"href":"https:\/\/smago.de\/ws2\/wp-json\/wp\/v2\/media?parent=195358"}],"wp:term":[{"taxonomy":"category","embeddable":true,"href":"https:\/\/smago.de\/ws2\/wp-json\/wp\/v2\/categories?post=195358"},{"taxonomy":"post_tag","embeddable":true,"href":"https:\/\/smago.de\/ws2\/wp-json\/wp\/v2\/tags?post=195358"}],"curies":[{"name":"wp","href":"https:\/\/api.w.org\/{rel}","templated":true}]}}