{"id":195348,"date":"2023-01-16T16:43:05","date_gmt":"2023-01-16T15:43:05","guid":{"rendered":"https:\/\/smago.de\/ws2\/?p=195348"},"modified":"2023-01-16T16:43:47","modified_gmt":"2023-01-16T15:43:47","slug":"menderes-telamo-signing-news-dsds-kultkandidat-menderes-veroeffentlicht-debuet-album-bei-telamo","status":"publish","type":"post","link":"https:\/\/smago.de\/ws2\/pop-schlager\/menderes-telamo-signing-news-dsds-kultkandidat-menderes-veroeffentlicht-debuet-album-bei-telamo\/","title":{"rendered":"MENDERES <br>&#8222;TELAMO Signing News&#8220;: DSDS-Kultkandidat Menderes ver\u00f6ffentlicht Deb\u00fct-Album bei TELAMO!"},"content":{"rendered":"<p>Never Give Up &#8230;!<br \/>\n<!--more--><\/p>\n<p>&nbsp;<\/p>\n<p>&nbsp;<\/p>\n<p style=\"text-align: justify;\">Seit seinem ersten Auftritt 2002 bei \u201eDeutschland sucht den Superstar\u201c verfolgt MENDERES seinen musikalischen Traum. Bis ins Finale hat es der geb\u00fcrtige Rheinl\u00e4nder noch nie geschafft, aber sich durch seine Beharrlichkeit und seine sympathische Art im Laufe der Jahre zu einem echten Publikumsliebling entwickelt.<\/p>\n<p style=\"text-align: justify;\">Anl\u00e4sslich seines 20-j\u00e4hrigen Jubil\u00e4ums wird Menderes 2023 gemeinsam mit seinem neuen Labelpartner TELAMO seinen ersten Longplayer ver\u00f6ffentlichen. Am 20. Januar erscheint vorab die erste Single \u201eEr liebt dich nicht\u201c aus seinem Deb\u00fct-Album.<\/p>\n<p style=\"text-align: justify;\"><strong>Menderes: \u201e<\/strong><i>Ich habe immer daran geglaubt, dass ich meinen musikalischen Traum verwirklichen werde. Mit TELAMO habe ich einen engagierten Partner an meiner Seite, der mich auf diesem Weg unterst\u00fctzen wird.\u201c<\/i><\/p>\n<p style=\"text-align: justify;\"><strong>Ken Otremba, TELAMO-Gesch\u00e4ftsf\u00fchrer:<\/strong> <i>\u201eMenderes ist Kult! Trotz aller Tiefschl\u00e4ge hat er immer weiter gek\u00e4mpft, eine gro\u00dfe Fan-Community gewonnen und ist heute bei vielen Live-Auftritten zu erleben. Wir freuen uns auf die Zusammenarbeit mit ihm.\u201c<\/i><\/p>\n<p style=\"text-align: justify;\">2002 bewarb sich Menderes (b\u00fcrgerlich Menderes Ba\u011fc\u0131) zum ersten Mal als Kandidat bei &#8222;Deutschland sucht den Superstar&#8220;. Seitdem stellte er sich 17 Mal dem Wettbewerb und gewann mit seinem Durchhaltewillen und seiner sympathischen Art ein Millionenpublikum.<\/p>\n<p style=\"text-align: justify;\">\u200b\u200bAuch ohne Sieg ist Menderes heute ein etablierter Live-Musiker und erzielte dar\u00fcber hinaus mit der Teilnahme an TV-Formaten wie \u201ePromi Big Brother\u201c (2022) oder seinem Sieg bei \u201eIch bin ein Star \u2013 Holt mich hier raus\u201c (2016) gro\u00dfe Aufmerksamkeit.<\/p>\n<p style=\"text-align: justify;\">2020 moderierte er das gro\u00dfe Wiedersehen der \u201eDSDS\u201c-Stars und tritt seit 2019 in unregelm\u00e4\u00dfigen Abst\u00e4nden in der Sendung \u201eNeo Magazin Royale\u201c und deren Nachfolger \u201eZDF Magazin Royale\u201c auf.<\/p>\n<p style=\"text-align: justify;\">\n<p>&nbsp;<\/p>\n<figure id=\"attachment_195349\" aria-describedby=\"caption-attachment-195349\" style=\"width: 800px\" class=\"wp-caption alignnone\"><img decoding=\"async\" loading=\"lazy\" class=\"size-large wp-image-195349\" src=\"https:\/\/smago.de\/ws2\/wp-content\/uploads\/2023\/01\/Signing-Menderes-c-Telamo-800x530.jpg\" alt=\"\" width=\"800\" height=\"530\" srcset=\"https:\/\/smago.de\/ws2\/wp-content\/uploads\/2023\/01\/Signing-Menderes-c-Telamo-800x530.jpg 800w, https:\/\/smago.de\/ws2\/wp-content\/uploads\/2023\/01\/Signing-Menderes-c-Telamo-522x346.jpg 522w, https:\/\/smago.de\/ws2\/wp-content\/uploads\/2023\/01\/Signing-Menderes-c-Telamo-226x150.jpg 226w, https:\/\/smago.de\/ws2\/wp-content\/uploads\/2023\/01\/Signing-Menderes-c-Telamo-768x509.jpg 768w, https:\/\/smago.de\/ws2\/wp-content\/uploads\/2023\/01\/Signing-Menderes-c-Telamo-1536x1017.jpg 1536w, https:\/\/smago.de\/ws2\/wp-content\/uploads\/2023\/01\/Signing-Menderes-c-Telamo-2048x1356.jpg 2048w, https:\/\/smago.de\/ws2\/wp-content\/uploads\/2023\/01\/Signing-Menderes-c-Telamo-392x260.jpg 392w, https:\/\/smago.de\/ws2\/wp-content\/uploads\/2023\/01\/Signing-Menderes-c-Telamo-130x86.jpg 130w, https:\/\/smago.de\/ws2\/wp-content\/uploads\/2023\/01\/Signing-Menderes-c-Telamo-672x445.jpg 672w, https:\/\/smago.de\/ws2\/wp-content\/uploads\/2023\/01\/Signing-Menderes-c-Telamo-788x522.jpg 788w, https:\/\/smago.de\/ws2\/wp-content\/uploads\/2023\/01\/Signing-Menderes-c-Telamo-287x190.jpg 287w, https:\/\/smago.de\/ws2\/wp-content\/uploads\/2023\/01\/Signing-Menderes-c-Telamo-435x288.jpg 435w, https:\/\/smago.de\/ws2\/wp-content\/uploads\/2023\/01\/Signing-Menderes-c-Telamo-150x100.jpg 150w\" sizes=\"(max-width: 800px) 100vw, 800px\" \/><figcaption id=\"caption-attachment-195349\" class=\"wp-caption-text\"><em>v.li.n.re: Chris Gronau (A&amp;R Telamo), Engin C\u00f6mert (Manager),\u00a0Menderes, Ken Otremba (TELAMO Gesch\u00e4ftsf\u00fchrer)<\/em><\/p>\n<p><em>\u00a9 TELAMO<\/em><\/figcaption><\/figure>\n","protected":false},"excerpt":{"rendered":"<p>Never Give Up &#8230;!<\/p>\n","protected":false},"author":2,"featured_media":195349,"comment_status":"open","ping_status":"closed","sticky":false,"template":"","format":"standard","meta":{"_FSMCFIC_featured_image_caption":"","_FSMCFIC_featured_image_nocaption":"","_FSMCFIC_featured_image_hide":""},"categories":[28],"tags":[1421],"acf":[],"_links":{"self":[{"href":"https:\/\/smago.de\/ws2\/wp-json\/wp\/v2\/posts\/195348"}],"collection":[{"href":"https:\/\/smago.de\/ws2\/wp-json\/wp\/v2\/posts"}],"about":[{"href":"https:\/\/smago.de\/ws2\/wp-json\/wp\/v2\/types\/post"}],"author":[{"embeddable":true,"href":"https:\/\/smago.de\/ws2\/wp-json\/wp\/v2\/users\/2"}],"replies":[{"embeddable":true,"href":"https:\/\/smago.de\/ws2\/wp-json\/wp\/v2\/comments?post=195348"}],"version-history":[{"count":2,"href":"https:\/\/smago.de\/ws2\/wp-json\/wp\/v2\/posts\/195348\/revisions"}],"predecessor-version":[{"id":195351,"href":"https:\/\/smago.de\/ws2\/wp-json\/wp\/v2\/posts\/195348\/revisions\/195351"}],"wp:featuredmedia":[{"embeddable":true,"href":"https:\/\/smago.de\/ws2\/wp-json\/wp\/v2\/media\/195349"}],"wp:attachment":[{"href":"https:\/\/smago.de\/ws2\/wp-json\/wp\/v2\/media?parent=195348"}],"wp:term":[{"taxonomy":"category","embeddable":true,"href":"https:\/\/smago.de\/ws2\/wp-json\/wp\/v2\/categories?post=195348"},{"taxonomy":"post_tag","embeddable":true,"href":"https:\/\/smago.de\/ws2\/wp-json\/wp\/v2\/tags?post=195348"}],"curies":[{"name":"wp","href":"https:\/\/api.w.org\/{rel}","templated":true}]}}