{"id":195273,"date":"2023-01-15T12:17:48","date_gmt":"2023-01-15T11:17:48","guid":{"rendered":"https:\/\/smago.de\/ws2\/?p=195273"},"modified":"2023-01-15T15:16:58","modified_gmt":"2023-01-15T14:16:58","slug":"matthias-carras-matthias-carras-ist-tot","status":"publish","type":"post","link":"https:\/\/smago.de\/ws2\/pop-schlager\/matthias-carras-matthias-carras-ist-tot\/","title":{"rendered":"MATTHIAS CARRAS <br>Matthias Carras ist tot!"},"content":{"rendered":"<p>Der S\u00e4nger erlag im Alter von 58 Jahren seinem schweren Krebsleiden!<br \/>\n<!--more--><\/p>\n<p>&nbsp;<\/p>\n<p>&nbsp;<\/p>\n<p style=\"text-align: justify;\">Der Popschlager-S\u00e4nger MATTHIAS CARRAS (&#8222;Ich bin dein Co-Pilot&#8220;) ist tot. Er starb gestern Abend (14.01.2023) im Alter von 58 Jahren im Kreise seiner Familie. Der S\u00e4nger erlag seinem schweren Krebsleiden. Um kurz nach 20:00 Uhr schlief er friedlich ein.<\/p>\n<p style=\"text-align: justify;\">Im Fr\u00fchling 2022 konnte Matthias Carras noch den<em> smago!<\/em> Award in Empfang nehmen.<\/p>\n<p>&nbsp;<\/p>\n<p>&nbsp;<\/p>\n<p>&nbsp;<\/p>\n<p>&nbsp;<\/p>\n<p style=\"text-align: justify;\"><strong>Andreas Rosmiarek, der auf seinem Label Fiesta Records das letzte Album von \u00a0Matthias Carras \u00a0(&#8222;Endlich frei&#8220;) ver\u00f6ffentlichte, schreibt:<\/strong><\/p>\n<p>&nbsp;<\/p>\n<p>&nbsp;<\/p>\n<div class=\"x11i5rnm xat24cr x1mh8g0r x1vvkbs xdj266r x126k92a\">\n<div dir=\"auto\" style=\"text-align: justify;\"><em>&#8222;Ruhe in Frieden, Matthias Carras.<\/em><\/div>\n<\/div>\n<div class=\"x11i5rnm xat24cr x1mh8g0r x1vvkbs xtlvy1s x126k92a\" style=\"text-align: justify;\">\n<div dir=\"auto\"><em><br \/>\nGestern Abend ist mein Freund und K\u00fcnstler <a class=\"x1i10hfl xjbqb8w x6umtig x1b1mbwd xaqea5y xav7gou x9f619 x1ypdohk xt0psk2 xe8uvvx xdj266r x11i5rnm xat24cr x1mh8g0r xexx8yu x4uap5 x18d9i69 xkhd6sd x16tdsg8 x1hl2dhg xggy1nq x1a2a7pz xt0b8zv x1qq9wsj xo1l8bm\" tabindex=\"0\" role=\"link\" href=\"https:\/\/www.facebook.com\/matthias.carras.56?__cft__[0]=AZWqx0QPi_Ub9t-uHSfpgs_vbZb4OVJHLZJw7kgVer4C-Rx-_zUrEmkk3NT1w1pSO5ZbjwmlScRd7aDuQOWuxd3RANXzF6SW2djwflKfIVGXWg&amp;__tn__=-]K-R\"><span class=\"xt0psk2\">Matthias Carras<\/span><\/a> verstorben.<\/em><\/div>\n<\/div>\n<div class=\"x11i5rnm xat24cr x1mh8g0r x1vvkbs xtlvy1s x126k92a\" style=\"text-align: justify;\">\n<div dir=\"auto\"><em><br \/>\nDiese Nachricht hat mich zutiefst ersch\u00fcttert.<\/em><\/div>\n<\/div>\n<div class=\"x11i5rnm xat24cr x1mh8g0r x1vvkbs xtlvy1s x126k92a\" style=\"text-align: justify;\">\n<div dir=\"auto\"><em><br \/>\nMein herzliches Beileid gilt seiner Frau und seiner Familie. <span class=\"x3nfvp2 x1j61x8r x1fcty0u xdj266r xhhsvwb xat24cr xgzva0m xxymvpz xlup9mm x1kky2od\"><img decoding=\"async\" loading=\"lazy\" src=\"https:\/\/static.xx.fbcdn.net\/images\/emoji.php\/v9\/t7c\/1\/16\/1f64f_1f3fc.png\" alt=\"&#x1f64f;&#x1f3fc;\" width=\"16\" height=\"16\" \/><\/span><\/em><\/div>\n<\/div>\n<div class=\"x11i5rnm xat24cr x1mh8g0r x1vvkbs xtlvy1s x126k92a\">\n<div dir=\"auto\" style=\"text-align: justify;\"><em><br \/>\nMatthias war ein echter K\u00e4mpfer, der jahrelang gegen seine Krebserkrankung angek\u00e4mpft hat.<\/em><\/div>\n<div dir=\"auto\" style=\"text-align: justify;\"><em><br \/>\nGemeinsam mit seinen Komponisten und Produzenten Felice Pedulla und <a class=\"x1i10hfl xjbqb8w x6umtig x1b1mbwd xaqea5y xav7gou x9f619 x1ypdohk xt0psk2 xe8uvvx xdj266r x11i5rnm xat24cr x1mh8g0r xexx8yu x4uap5 x18d9i69 xkhd6sd x16tdsg8 x1hl2dhg xggy1nq x1a2a7pz xt0b8zv x1qq9wsj xo1l8bm\" tabindex=\"0\" role=\"link\" href=\"https:\/\/www.facebook.com\/christoph.seipel.1?__cft__[0]=AZWqx0QPi_Ub9t-uHSfpgs_vbZb4OVJHLZJw7kgVer4C-Rx-_zUrEmkk3NT1w1pSO5ZbjwmlScRd7aDuQOWuxd3RANXzF6SW2djwflKfIVGXWg&amp;__tn__=-]K-R\"><span class=\"xt0psk2\">Christoph Seipel<\/span><\/a> hatte er noch so viele musikalische Visionen und Pl\u00e4ne.&#8220;<\/em><\/div>\n<\/div>\n<div dir=\"auto\"><\/div>\n<div dir=\"auto\"><\/div>\n<div dir=\"auto\"><\/div>\n<div dir=\"auto\">\n<figure id=\"attachment_195278\" aria-describedby=\"caption-attachment-195278\" style=\"width: 800px\" class=\"wp-caption alignnone\"><img decoding=\"async\" loading=\"lazy\" class=\"size-large wp-image-195278\" src=\"https:\/\/smago.de\/ws2\/wp-content\/uploads\/2023\/01\/carras_ros-800x600.jpg\" alt=\"\" width=\"800\" height=\"600\" srcset=\"https:\/\/smago.de\/ws2\/wp-content\/uploads\/2023\/01\/carras_ros-800x600.jpg 800w, https:\/\/smago.de\/ws2\/wp-content\/uploads\/2023\/01\/carras_ros-522x392.jpg 522w, https:\/\/smago.de\/ws2\/wp-content\/uploads\/2023\/01\/carras_ros-200x150.jpg 200w, https:\/\/smago.de\/ws2\/wp-content\/uploads\/2023\/01\/carras_ros-768x576.jpg 768w, https:\/\/smago.de\/ws2\/wp-content\/uploads\/2023\/01\/carras_ros-1536x1152.jpg 1536w, https:\/\/smago.de\/ws2\/wp-content\/uploads\/2023\/01\/carras_ros-363x272.jpg 363w, https:\/\/smago.de\/ws2\/wp-content\/uploads\/2023\/01\/carras_ros-130x98.jpg 130w, https:\/\/smago.de\/ws2\/wp-content\/uploads\/2023\/01\/carras_ros-593x445.jpg 593w, https:\/\/smago.de\/ws2\/wp-content\/uploads\/2023\/01\/carras_ros-696x522.jpg 696w, https:\/\/smago.de\/ws2\/wp-content\/uploads\/2023\/01\/carras_ros-253x190.jpg 253w, https:\/\/smago.de\/ws2\/wp-content\/uploads\/2023\/01\/carras_ros-387x290.jpg 387w, https:\/\/smago.de\/ws2\/wp-content\/uploads\/2023\/01\/carras_ros.jpg 2048w\" sizes=\"(max-width: 800px) 100vw, 800px\" \/><figcaption id=\"caption-attachment-195278\" class=\"wp-caption-text\"><\/em> <em>Foto-Credit: Andreas Rosmiarek<\/em><\/figcaption><\/figure>\n<\/div>\n<p>&nbsp;<\/p>\n<p style=\"text-align: justify;\">\n<p>Moderator Jan Kunath: <em>&#8222;Diese Nachricht macht mich unfassbar traurig. Du hast so gek\u00e4mpft, warst immer positiv und wir Alle haben bis zum Ende gehofft, dass alles wieder gut wird. Danke f\u00fcr deine Musik, deine ehrliche Art und f\u00fcr die sch\u00f6nen Interviews. R.I.P. <a class=\"x1i10hfl xjbqb8w x6umtig x1b1mbwd xaqea5y xav7gou x9f619 x1ypdohk xt0psk2 xe8uvvx xdj266r x11i5rnm xat24cr x1mh8g0r xexx8yu x4uap5 x18d9i69 xkhd6sd x16tdsg8 x1hl2dhg xggy1nq x1a2a7pz xt0b8zv x1qq9wsj xo1l8bm\" tabindex=\"0\" role=\"link\" href=\"https:\/\/www.facebook.com\/matthias.carras.56?__cft__[0]=AZXVirlwr-JzCq-tXdqJ9foBLQE9WlbOPpriA8dS33k6JRBmHtM4i9qDGCjDNeLm0Qx-SrBL1r67bI9_JNeLhw-M3ZQJiUBKHHnZ4uISoTIn4Q&amp;__tn__=-]K-R\"><span class=\"xt0psk2\">Matthias Carras<\/span><\/a> <span class=\"x3nfvp2 x1j61x8r x1fcty0u xdj266r xhhsvwb xat24cr xgzva0m xxymvpz xlup9mm x1kky2od\"><img decoding=\"async\" loading=\"lazy\" src=\"https:\/\/static.xx.fbcdn.net\/images\/emoji.php\/v9\/tec\/1\/16\/1f972.png\" alt=\"&#x1f972;\" width=\"16\" height=\"16\" \/>.<\/span>\u00a0Hoffe, dort, wo du bist, geht es dir nun wieder besser \u2026 Mein tiefstes Mitgef\u00fchl gilt seiner Familie und Angeh\u00f6rigen.&#8220;<\/p>\n<p><\/em><\/p>\n<figure id=\"attachment_195308\" aria-describedby=\"caption-attachment-195308\" style=\"width: 605px\" class=\"wp-caption alignnone\"><img decoding=\"async\" loading=\"lazy\" class=\"size-large wp-image-195308\" src=\"https:\/\/smago.de\/ws2\/wp-content\/uploads\/2023\/01\/carras_kunath-605x800.jpg\" alt=\"\" width=\"605\" height=\"800\" srcset=\"https:\/\/smago.de\/ws2\/wp-content\/uploads\/2023\/01\/carras_kunath-605x800.jpg 605w, https:\/\/smago.de\/ws2\/wp-content\/uploads\/2023\/01\/carras_kunath-395x522.jpg 395w, https:\/\/smago.de\/ws2\/wp-content\/uploads\/2023\/01\/carras_kunath-114x150.jpg 114w, https:\/\/smago.de\/ws2\/wp-content\/uploads\/2023\/01\/carras_kunath-768x1015.jpg 768w, https:\/\/smago.de\/ws2\/wp-content\/uploads\/2023\/01\/carras_kunath-1162x1536.jpg 1162w, https:\/\/smago.de\/ws2\/wp-content\/uploads\/2023\/01\/carras_kunath-206x272.jpg 206w, https:\/\/smago.de\/ws2\/wp-content\/uploads\/2023\/01\/carras_kunath-454x600.jpg 454w, https:\/\/smago.de\/ws2\/wp-content\/uploads\/2023\/01\/carras_kunath-98x130.jpg 98w, https:\/\/smago.de\/ws2\/wp-content\/uploads\/2023\/01\/carras_kunath-337x445.jpg 337w, https:\/\/smago.de\/ws2\/wp-content\/uploads\/2023\/01\/carras_kunath-144x190.jpg 144w, https:\/\/smago.de\/ws2\/wp-content\/uploads\/2023\/01\/carras_kunath-219x290.jpg 219w, https:\/\/smago.de\/ws2\/wp-content\/uploads\/2023\/01\/carras_kunath.jpg 1170w\" sizes=\"(max-width: 605px) 100vw, 605px\" \/><figcaption id=\"caption-attachment-195308\" class=\"wp-caption-text\"><\/em> <em>Foto-Credit: Jan Kunath<\/em><\/figcaption><\/figure>\n<figure id=\"attachment_195308\" aria-describedby=\"caption-attachment-195308\" style=\"width: 605px\" class=\"wp-caption alignnone\"><img decoding=\"async\" loading=\"lazy\" class=\"size-large wp-image-195308\" src=\"https:\/\/smago.de\/ws2\/wp-content\/uploads\/2023\/01\/carras_kunath-605x800.jpg\" alt=\"\" width=\"605\" height=\"800\" srcset=\"https:\/\/smago.de\/ws2\/wp-content\/uploads\/2023\/01\/carras_kunath-605x800.jpg 605w, https:\/\/smago.de\/ws2\/wp-content\/uploads\/2023\/01\/carras_kunath-395x522.jpg 395w, https:\/\/smago.de\/ws2\/wp-content\/uploads\/2023\/01\/carras_kunath-114x150.jpg 114w, https:\/\/smago.de\/ws2\/wp-content\/uploads\/2023\/01\/carras_kunath-768x1015.jpg 768w, https:\/\/smago.de\/ws2\/wp-content\/uploads\/2023\/01\/carras_kunath-1162x1536.jpg 1162w, https:\/\/smago.de\/ws2\/wp-content\/uploads\/2023\/01\/carras_kunath-206x272.jpg 206w, https:\/\/smago.de\/ws2\/wp-content\/uploads\/2023\/01\/carras_kunath-454x600.jpg 454w, https:\/\/smago.de\/ws2\/wp-content\/uploads\/2023\/01\/carras_kunath-98x130.jpg 98w, https:\/\/smago.de\/ws2\/wp-content\/uploads\/2023\/01\/carras_kunath-337x445.jpg 337w, https:\/\/smago.de\/ws2\/wp-content\/uploads\/2023\/01\/carras_kunath-144x190.jpg 144w, https:\/\/smago.de\/ws2\/wp-content\/uploads\/2023\/01\/carras_kunath-219x290.jpg 219w, https:\/\/smago.de\/ws2\/wp-content\/uploads\/2023\/01\/carras_kunath.jpg 1170w\" sizes=\"(max-width: 605px) 100vw, 605px\" \/><figcaption id=\"caption-attachment-195308\" class=\"wp-caption-text\">Foto-Credit: Jan Kunath<\/figcaption><\/figure>\n<p style=\"text-align: justify;\"><em><\/p>\n<p><\/em><\/p>\n<p>&nbsp;<\/p>\n<p>&nbsp;<\/p>\n<p style=\"text-align: justify;\"><img decoding=\"async\" loading=\"lazy\" class=\"alignnone size-full wp-image-195277\" src=\"https:\/\/smago.de\/ws2\/wp-content\/uploads\/2023\/01\/carras_award.jpg\" alt=\"\" width=\"465\" height=\"800\" srcset=\"https:\/\/smago.de\/ws2\/wp-content\/uploads\/2023\/01\/carras_award.jpg 465w, https:\/\/smago.de\/ws2\/wp-content\/uploads\/2023\/01\/carras_award-303x522.jpg 303w, https:\/\/smago.de\/ws2\/wp-content\/uploads\/2023\/01\/carras_award-87x150.jpg 87w, https:\/\/smago.de\/ws2\/wp-content\/uploads\/2023\/01\/carras_award-158x272.jpg 158w, https:\/\/smago.de\/ws2\/wp-content\/uploads\/2023\/01\/carras_award-349x600.jpg 349w, https:\/\/smago.de\/ws2\/wp-content\/uploads\/2023\/01\/carras_award-76x130.jpg 76w, https:\/\/smago.de\/ws2\/wp-content\/uploads\/2023\/01\/carras_award-259x445.jpg 259w, https:\/\/smago.de\/ws2\/wp-content\/uploads\/2023\/01\/carras_award-110x190.jpg 110w, https:\/\/smago.de\/ws2\/wp-content\/uploads\/2023\/01\/carras_award-169x290.jpg 169w\" sizes=\"(max-width: 465px) 100vw, 465px\" \/><\/p>\n<p>&nbsp;<\/p>\n<p>&nbsp;<\/p>\n","protected":false},"excerpt":{"rendered":"<p>Der S\u00e4nger erlag im Alter von 58 Jahren seinem schweren Krebsleiden!<\/p>\n","protected":false},"author":2,"featured_media":195276,"comment_status":"open","ping_status":"closed","sticky":false,"template":"","format":"standard","meta":{"_FSMCFIC_featured_image_caption":"","_FSMCFIC_featured_image_nocaption":"","_FSMCFIC_featured_image_hide":""},"categories":[28,39],"tags":[378],"acf":[],"_links":{"self":[{"href":"https:\/\/smago.de\/ws2\/wp-json\/wp\/v2\/posts\/195273"}],"collection":[{"href":"https:\/\/smago.de\/ws2\/wp-json\/wp\/v2\/posts"}],"about":[{"href":"https:\/\/smago.de\/ws2\/wp-json\/wp\/v2\/types\/post"}],"author":[{"embeddable":true,"href":"https:\/\/smago.de\/ws2\/wp-json\/wp\/v2\/users\/2"}],"replies":[{"embeddable":true,"href":"https:\/\/smago.de\/ws2\/wp-json\/wp\/v2\/comments?post=195273"}],"version-history":[{"count":5,"href":"https:\/\/smago.de\/ws2\/wp-json\/wp\/v2\/posts\/195273\/revisions"}],"predecessor-version":[{"id":195309,"href":"https:\/\/smago.de\/ws2\/wp-json\/wp\/v2\/posts\/195273\/revisions\/195309"}],"wp:featuredmedia":[{"embeddable":true,"href":"https:\/\/smago.de\/ws2\/wp-json\/wp\/v2\/media\/195276"}],"wp:attachment":[{"href":"https:\/\/smago.de\/ws2\/wp-json\/wp\/v2\/media?parent=195273"}],"wp:term":[{"taxonomy":"category","embeddable":true,"href":"https:\/\/smago.de\/ws2\/wp-json\/wp\/v2\/categories?post=195273"},{"taxonomy":"post_tag","embeddable":true,"href":"https:\/\/smago.de\/ws2\/wp-json\/wp\/v2\/tags?post=195273"}],"curies":[{"name":"wp","href":"https:\/\/api.w.org\/{rel}","templated":true}]}}