{"id":195115,"date":"2023-01-13T13:35:01","date_gmt":"2023-01-13T12:35:01","guid":{"rendered":"https:\/\/smago.de\/ws2\/?p=195115"},"modified":"2023-01-13T13:35:46","modified_gmt":"2023-01-13T12:35:46","slug":"lucas-cordalis-markus-u-a-heute-13-01-rtl-ich-bin-ein-star-holt-mich-hier-raus-01-16-2023","status":"publish","type":"post","link":"https:\/\/smago.de\/ws2\/ndw\/lucas-cordalis-markus-u-a-heute-13-01-rtl-ich-bin-ein-star-holt-mich-hier-raus-01-16-2023\/","title":{"rendered":"LUCAS CORDALIS, MARKUS u.a. <br>Heute, 13.01., RTL: &#8222;Ich bin ein Star &#8211; Holt mich hier raus!&#8220; (01\/18 &#8211; 2023)!"},"content":{"rendered":"<p>21:30 Uhr &#8211; 23:45 Uhr (Wh. in der Nacht auf 14.01., 01:25 Uhr &#8211; 03:30 Uhr)!<br \/>\n<!--more--><\/p>\n<p>&nbsp;<\/p>\n<p>&nbsp;<\/p>\n<p style=\"text-align: justify;\">\n<p style=\"text-align: justify;\"><span class=\"kurztext\">Australien, wir sind wieder da! Bei RTL startet das TV-Event zum Jahresbeginn: &#8222;Ich bin ein Star &#8211; Holt mich hier raus!&#8220;. F\u00fcr zw\u00f6lf Stars beginnt das gr\u00f6\u00dfte Abenteuer ihres Lebens, mitten im australischen Dschungel und vor den Augen von TV-Deutschland. Wer wird 2023 K\u00f6nig:in des Dschungels und beerbt den amtierenden Dschungelk\u00f6nig Filip Pavlovic? Moderiert wird das Dschungelcamp live von Sonja Zietlow und Dschungel-Neuling Jan K\u00f6ppen.<\/span><span class=\"langtext\">Spektakul\u00e4re neue Dschungelpr\u00fcfungen, ein Leben unterm Urwalddach und dazu wilde Tiere und zweifelhafte K\u00f6stlichkeiten. Mehr als zwei Wochen im Dschungel hinterlassen ihre Spuren. Doch wer sind die neuen Stars, die sich diesmal ins Dschungelcamp wagen? Wer tauscht sein Luxusleben gegen Feldbett, Reis und Bohnen?<\/span><\/p>\n<p style=\"text-align: justify;\">Neben den Herausforderungen des Dschungels m\u00fcssen sich die Stars auch wieder dem Urteil der RTL-Zuschauer:innen unterwerfen. Per Telefonvoting entscheiden sie, wer in der ersten Woche zur t\u00e4glichen Dschungelpr\u00fcfung antreten muss. Hier treffen die Stars nicht nur auf Dr. Bob, sondern auch auf den ein oder anderen krabbelnden Dschungelbewohner. Ab der zweiten Woche verl\u00e4sst dann jeden Tag der Star mit den wenigsten Anrufen das Camp. Ab diesem Zeitpunkt entscheiden die Camper untereinander, wer von ihnen zur Dschungelpr\u00fcfung antreten und seine \u00c4ngste \u00fcberwinden muss &#8211; denn nur bei erfolgreich absolvierter Pr\u00fcfung gibt es mehr zu essen als nur Reis und Bohnen.?<\/p>\n<p style=\"text-align: justify;\">Wer ist im Camp immer noch so souver\u00e4n wie sonst auf dem roten Teppich oder im heimischen Loft vor dem n\u00e4chsten Instagram-Video? Wie gehen die prominenten Camper:innen zwischen Kakerlaken, Schlangen und Spinnen mit Stress um? Nicht nur das Dschungelgetier macht den Dschungelstars zu schaffen, sondern auch die \u00c4ngste, Eigenarten und Gem\u00fctslagen ihrer Dschungelthron-Mitbewerber:innen.<\/p>\n<p style=\"text-align: justify;\">Wilde Tiere, nervenaufreibende Dschungelpr\u00fcfungen und im Zweifel nur Reis und Bohnen auf dem Tisch &#8211; der Dschungel geht in die 16. Runde! Und das sind die zw\u00f6lf Stars, die 2023 die gr\u00fcne H\u00f6lle bezwingen wollen:<\/p>\n<p style=\"text-align: justify;\">\n<p style=\"text-align: justify;\">\n<p>&nbsp;<\/p>\n<p>&nbsp;<\/p>\n<p style=\"text-align: justify;\"><span class=\"langtext\"><strong>DIE FRAUEN<\/strong><br \/>\n<\/span><\/p>\n<p>&nbsp;<\/p>\n<p style=\"text-align: justify;\"><span class=\"langtext\">Cecilia Asoro (26), Reality-Star<br \/>\nJolina Mennen (30), Influencerin<br \/>\nTessa Bergmeier (33), Model<br \/>\nVerena Kerth (41), Radiomoderatorin<br \/>\nJana URKRAFT Pallaske (43), Schauspielerin<br \/>\nClaudia Effenberg (57), Designerin<br \/>\nDjamila Rowe, (TV-Stern)<\/span><\/p>\n<p>&nbsp;<\/p>\n<p>&nbsp;<\/p>\n<p>&nbsp;<\/p>\n<p>&nbsp;<\/p>\n<p style=\"text-align: justify;\"><span class=\"langtext\"><strong>DIE M\u00c4NNER<\/strong><br \/>\n<\/span><\/p>\n<p>&nbsp;<\/p>\n<p style=\"text-align: justify;\"><span class=\"langtext\">Gigi Birofio (23), Reality-Star<br \/>\nCosimo Citiolo (40), &#8222;Checker vom Neckar&#8220;<br \/>\nPapis Loveday (45), Internationales Model<br \/>\nLucas Cordalis (55), S\u00e4nger<br \/>\nMarkus M\u00f6rl (63), NDW-Legende<br \/>\nMartin Semmelrogge (67), Schauspieler<\/span><\/p>\n<p>&nbsp;<\/p>\n<p>&nbsp;<\/p>\n<p style=\"text-align: justify;\">\n<p style=\"text-align: justify;\">Wer ist im Dschungelcamp immer noch so souver\u00e4n, wie sonst nur auf dem roten Teppich oder im heimischen Loft vor der n\u00e4chsten Instagram-Story? Wie gehen die Stars zwischen Kakerlaken, Schlangen und Spinnen mit Stress um? Denn nicht nur das Dschungelgetier macht ihnen zu schaffen, sondern auch die \u00c4ngste, Eigenarten und Gem\u00fctslagen ihrer Dschungelthron-Mitbewerber:innen. Und wer wird im Finale K\u00f6nigin oder K\u00f6nig des Dschungels und beerbt Throninhaber Filip Pavlovic?<\/p>\n<p style=\"text-align: justify;\">\n<p>&nbsp;<\/p>\n<p>&nbsp;<\/p>\n<figure id=\"attachment_195116\" aria-describedby=\"caption-attachment-195116\" style=\"width: 800px\" class=\"wp-caption alignnone\"><img decoding=\"async\" loading=\"lazy\" class=\"size-large wp-image-195116\" src=\"https:\/\/smago.de\/ws2\/wp-content\/uploads\/2023\/01\/8F766-800x450.jpg\" alt=\"\" width=\"800\" height=\"450\" srcset=\"https:\/\/smago.de\/ws2\/wp-content\/uploads\/2023\/01\/8F766-800x450.jpg 800w, https:\/\/smago.de\/ws2\/wp-content\/uploads\/2023\/01\/8F766-522x294.jpg 522w, https:\/\/smago.de\/ws2\/wp-content\/uploads\/2023\/01\/8F766-267x150.jpg 267w, https:\/\/smago.de\/ws2\/wp-content\/uploads\/2023\/01\/8F766-768x432.jpg 768w, https:\/\/smago.de\/ws2\/wp-content\/uploads\/2023\/01\/8F766-1536x864.jpg 1536w, https:\/\/smago.de\/ws2\/wp-content\/uploads\/2023\/01\/8F766-2048x1152.jpg 2048w, https:\/\/smago.de\/ws2\/wp-content\/uploads\/2023\/01\/8F766-392x220.jpg 392w, https:\/\/smago.de\/ws2\/wp-content\/uploads\/2023\/01\/8F766-130x73.jpg 130w, https:\/\/smago.de\/ws2\/wp-content\/uploads\/2023\/01\/8F766-791x445.jpg 791w, https:\/\/smago.de\/ws2\/wp-content\/uploads\/2023\/01\/8F766-870x489.jpg 870w, https:\/\/smago.de\/ws2\/wp-content\/uploads\/2023\/01\/8F766-292x164.jpg 292w, https:\/\/smago.de\/ws2\/wp-content\/uploads\/2023\/01\/8F766-435x245.jpg 435w, https:\/\/smago.de\/ws2\/wp-content\/uploads\/2023\/01\/8F766-895x503.jpg 895w\" sizes=\"(max-width: 800px) 100vw, 800px\" \/><figcaption id=\"caption-attachment-195116\" class=\"wp-caption-text\"><em>Oben v.l.: Jolina Mennen, Cosimo Citiolo, Tessa Bergmeier, Jana URKRAFT Pallaske, Papis Loveday und Verena Kerth<\/em><br \/><em>Unten v.l.: Lucas Cordalis, Markus M\u00f6rl, Cecilia Asoro, Claudia Effenberg, Martin Semmelrogge und Gigi Birofio<\/em><\/p>\n<p><em>Foto-Credit: RTL<\/em><\/p>\n<p><em>Bitte beachten Sie auch <strong><a href=\"http:\/\/www.tvnow.de\">RTL+<\/a><\/strong>!<\/em><\/figcaption><\/figure>\n","protected":false},"excerpt":{"rendered":"<p>21:30 Uhr &#8211; 23:45 Uhr (Wh. in der Nacht auf 14.01., 01:25 Uhr &#8211; 03:30 Uhr)!<\/p>\n","protected":false},"author":2,"featured_media":195116,"comment_status":"open","ping_status":"closed","sticky":false,"template":"","format":"standard","meta":{"_FSMCFIC_featured_image_caption":"","_FSMCFIC_featured_image_nocaption":"","_FSMCFIC_featured_image_hide":""},"categories":[22,28],"tags":[758],"acf":[],"_links":{"self":[{"href":"https:\/\/smago.de\/ws2\/wp-json\/wp\/v2\/posts\/195115"}],"collection":[{"href":"https:\/\/smago.de\/ws2\/wp-json\/wp\/v2\/posts"}],"about":[{"href":"https:\/\/smago.de\/ws2\/wp-json\/wp\/v2\/types\/post"}],"author":[{"embeddable":true,"href":"https:\/\/smago.de\/ws2\/wp-json\/wp\/v2\/users\/2"}],"replies":[{"embeddable":true,"href":"https:\/\/smago.de\/ws2\/wp-json\/wp\/v2\/comments?post=195115"}],"version-history":[{"count":2,"href":"https:\/\/smago.de\/ws2\/wp-json\/wp\/v2\/posts\/195115\/revisions"}],"predecessor-version":[{"id":195118,"href":"https:\/\/smago.de\/ws2\/wp-json\/wp\/v2\/posts\/195115\/revisions\/195118"}],"wp:featuredmedia":[{"embeddable":true,"href":"https:\/\/smago.de\/ws2\/wp-json\/wp\/v2\/media\/195116"}],"wp:attachment":[{"href":"https:\/\/smago.de\/ws2\/wp-json\/wp\/v2\/media?parent=195115"}],"wp:term":[{"taxonomy":"category","embeddable":true,"href":"https:\/\/smago.de\/ws2\/wp-json\/wp\/v2\/categories?post=195115"},{"taxonomy":"post_tag","embeddable":true,"href":"https:\/\/smago.de\/ws2\/wp-json\/wp\/v2\/tags?post=195115"}],"curies":[{"name":"wp","href":"https:\/\/api.w.org\/{rel}","templated":true}]}}