{"id":195038,"date":"2023-01-13T00:00:35","date_gmt":"2023-01-12T23:00:35","guid":{"rendered":"https:\/\/smago.de\/ws2\/?p=195038"},"modified":"2023-01-12T10:08:53","modified_gmt":"2023-01-12T09:08:53","slug":"fantasy-es-brannte-bei-uns-an-allen-ecken-und-enden-das-grosse-exklusiv-interview-mit-fantasy","status":"publish","type":"post","link":"https:\/\/smago.de\/ws2\/pop-schlager\/fantasy-es-brannte-bei-uns-an-allen-ecken-und-enden-das-grosse-exklusiv-interview-mit-fantasy\/","title":{"rendered":"FANTASY <br>&#8222;Es brannte bei uns an allen Ecken und Enden!&#8220; &#8211; Das gro\u00dfe Exklusiv-Interview mit FANTASY!"},"content":{"rendered":"<p>Fredi und Martin \u00fcber die Turbulenzen in j\u00fcngerer Zeit und \u00fcber ihre Pl\u00e4ne danach &#8230;:<br \/>\n<!--more--><\/p>\n<p>&nbsp;<\/p>\n<p style=\"text-align: justify;\"><strong>Herzlichen Gl\u00fcckwunsch zum neuen Album \u201eMitten im Feuer\u201c. In der letzten Zeit ist bei Euch sehr viel passiert\u2026<\/strong><\/p>\n<p style=\"text-align: justify;\">Es brannte bei uns an allen Ecken und Enden. Wir haben ein neues Label und ein neues Team, welches hinter uns steht, es war richtig viel los. Unser Album hei\u00dft ja nicht ohne Grund <strong>\u201eMitten im Feuer.\u201c<\/strong> Genauso haben wir uns n\u00e4mlich gef\u00fchlt: Als st\u00fcnden wir mitten im Feuer. Das Album ist jetzt einen Tag nach meinem Geburtstag erscheinen, und zwar am 13. Januar 2023.<\/p>\n<p style=\"text-align: justify;\"><strong>Wie geht ihr pers\u00f6nlich mit Ver\u00e4nderungen um?<\/strong><\/p>\n<p style=\"text-align: justify;\"><strong>Fredi:<\/strong> Eine Ver\u00e4nderung macht zuerst einmal immer Angst, andererseits aber auch Mut. Bei uns war es aber einfach n\u00f6tig. Wir waren viele Jahre in unserem ehemaligen Management. Das ist wie in einer Ehe. Irgendwann sieht man, dass es nicht mehr so funktioniert und dann muss man einfach getrennte Wege gehen.<\/p>\n<p style=\"text-align: justify;\"><strong>Martin:<\/strong> Bei Ver\u00e4nderungen wei\u00df man nicht, was kommt. Man ist erst einmal vorsichtig. Aber es gibt einem dann auch eine neue Hoffnung, neue Ziele erreichen zu k\u00f6nnen. Wir haben uns das vorgenommen f\u00fcr unseren musikalischen Werdegang. Grunds\u00e4tzlich sind wir sehr treue K\u00fcnstler. Wir waren 12 Jahre bei unserem Management, 12 Jahre bei der gleichen Plattenfirma. Wir haben in unserer bisherigen Karriere vielleicht vier oder f\u00fcnf Ver\u00e4nderungen vorgenommen und es war im Nachhinein immer die richtige Entscheidung.<\/p>\n<p style=\"text-align: justify;\"><strong>Wo habt ihr das Video zu \u201eMitten im Feuer\u201c gedreht?<\/strong><\/p>\n<p style=\"text-align: justify;\"><strong>Fredi:<\/strong> Das war in Kroatien. Wir haben dort eine wundersch\u00f6ne Location gefunden f\u00fcr den Dreh und wir sind sehr zufrieden mit dem Video.<\/p>\n<p style=\"text-align: justify;\"><strong>Ein Song auf dem Album hei\u00dft: \u201eZweites Leben\u201c \u2013 was w\u00fcrdet Ihr in einem zweiten Leben anders machen?<\/strong><\/p>\n<p style=\"text-align: justify;\"><strong>Martin:<\/strong> Ich w\u00fcrde alle S\u00fcnden meines Lebens genauso begehen wie in diesem Leben, aber ich w\u00fcrde fr\u00fcher damit anfangen (<em>lacht)<\/em>.<\/p>\n<p style=\"text-align: justify;\"><strong>Fredi:<\/strong> Ich habe ja bisher auch ein sehr bewegtes Leben hinter mir, eine \u00fcber 20-j\u00e4hrige Ehe, aus der drei Kinder hervorgegangen sind. Ich bin Opa geworden, das alles genie\u00dfe ich sehr. Ich w\u00fcrde auch alles noch einmal genauso tun. Du wei\u00dft ja vorher nicht, was im Leben alles auf dich zukommt. Und manchmal gibt es Ver\u00e4nderungen, die nicht vorhersehbar sind. Von den Entscheidungen in meinem Leben bereue ich nichts, schon gar nicht meine Ehe und meine Kinder. Das ist das Sch\u00f6nste im Leben, das ich habe. Ich lebe immer frei nach dem\u00a0 Motto, das auch Edith Piaf in ihrem Song: \u201eNon, je ne regrette rien\u201c besingt. Ich bereue nichts.<\/p>\n<p style=\"text-align: justify;\"><strong>Fredi, Du hast mittlerweile einen einj\u00e4hrigen Enkel. Wie gef\u00e4llt Dir die Opa-Rolle? <\/strong><\/p>\n<p style=\"text-align: justify;\">Das ist die sch\u00f6nste Zeit meines Lebens. Der Kleine wurde am 28. November 2021 geboren. Ich bin au\u00dferdem Stief-Opa. Die Frau von meinem Sohn hat ja auch noch ein Kind mit in die Beziehung gebracht. Ich bin vor kurzem erst aus Kroatien zur\u00fcckgekommen und war dort mit meinem Stief-Enkel unterwegs. Wir hatten so viel Spa\u00df zusammen. Ich liebe Kinder und ich habe fr\u00fcher manchmal gesagt, dass ich mit meinem Partner gerne ein Kind adoptieren w\u00fcrde. Das hat damals nicht geklappt. Wir haben dann auch \u00fcberlegt, ob das wirklich sinnvoll ist in unserem \u201ajungen\u2018 Alter. Inzwischen sind wir froh, dass wir Enkelkinder haben und gleich zwei auf einen Schlag. Das sind beides super Jungs. Der Kleine ist nat\u00fcrlich unser Sonnenschein, weil es das Nesth\u00e4kchen ist. Er ist unser ein und alles.<\/p>\n<p style=\"text-align: justify;\"><strong>Als Opa darf man ja entspannter und l\u00e4ssiger sein\u2026<\/strong><\/p>\n<p style=\"text-align: justify;\">Ja, ich bin kein strenger Opa. Mein Stief-Enkel ist jetzt acht Jahre alt. Die Zeit mit ihm war richtig sch\u00f6n, aber auch ein bisschen anstrengend. Ich hatte das gar nicht mehr so in Erinnerung, wie das fr\u00fcher mit meinen Kindern war. Ich habe sie damals ja auch oft mit zu Auftritten genommen. Aber je mehr ich so dar\u00fcber nachdenke\u2026doch das ist schon eine kleine Herausforderung. Kinder wollen eben auch bespa\u00dft werden. Und wenn man so lange raus ist, ist das erstmal wieder v\u00f6llig neu.<\/p>\n<p style=\"text-align: justify;\"><strong>Fredi, f\u00fcr Martin und Mela, die ja aus den Bergen stammt, hast du das Lied \u201eIn den Bergen\u201c geschrieben. Welcher Urlaubs-Typ seid ihr? M\u00f6gt ihr lieber die Berge oder das Meer?<\/strong><\/p>\n<p style=\"text-align: justify;\"><strong>Fredi:<\/strong> Ich bin ja ein Kind der Adria, und ich liebe das Meer. Aber das hei\u00dft ja nicht, dass wir hier keine Berge haben. Ich wohne zum Beispiel in Kroatien recht bergig, aber doch mit Blick auf das Meer. Mit dem Auto fahre ich gerade mal acht Minuten zum Strand. Insofern habe ich in meiner Heimat beides und ich liebe auch beides. Ich k\u00f6nnte weder auf das Meer noch auf die Berge verzichten.<\/p>\n<p style=\"text-align: justify;\"><strong>Martin:<\/strong> Ich bin ganz klar der \u201eMeer-Typ\u201c. Das Meer verbinde ich mit einem Gef\u00fchl von Freiheit. Sobald ich am Meer bin, habe ich sofort bessere Laune. Klar, mag ich auch die Berge, ich liebe \u00d6sterreich, die Heimat meiner Frau Mela. Aber wenn sie sagt: \u201aKomm, wir gehen spazieren, schnappe ich schon nach Luft.\u2018 (<em>lacht). <\/em>Vor einigen Jahren bin ich auch Ski gefahren, da habe ich mir direkt einen doppelten Kreuzbandriss zugezogen. Mit den Bergen habe ich es also nicht so. Ich habe mal einen Tauchschein gemacht, und das ist f\u00fcr mich Freiheit pur..<\/p>\n<p style=\"text-align: justify;\"><strong>Ihre Frau Mela ist aber sicher lieber in den Bergen\u2026<\/strong><\/p>\n<p style=\"text-align: justify;\"><strong>Martin:<\/strong> Klar, es ist ihre Heimat. Sie ist da geboren, stand mit drei Jahren zum ersten Mal auf Skiern. Ihr Vater war Skilehrer, sie liebt den Schnee und die Berge \u00fcber alles.<\/p>\n<p style=\"text-align: justify;\"><strong>Es geht in Euren Songs auch immer darum, das Leben zu feiern. Wie feiert ihr das Leben?<\/strong><\/p>\n<p style=\"text-align: justify;\"><strong>Fredi:<\/strong> Ich feiere das Leben, so wie es kommt. Ich trinke gerne mal ein Glas Champagner. Zum Beispiel jetzt, wo das neue Album an den Start geht, wird nat\u00fcrlich eine Flasche gek\u00f6pft. Das sind tolle Momente im Leben, die ich nat\u00fcrlich entsprechend feiere. Es gibt auch weniger sch\u00f6ne Momente im Leben, in denen man nicht unbedingt zum Alkohol greifen sollte, wo man aber trotzdem sagt: \u201aOkay, jetzt brauche ich erst einmal einen Schnaps!\u2018 (<em>lacht)<\/em>.<\/p>\n<p style=\"text-align: justify;\"><strong>Martin:<\/strong> Wenn ich mit Fredy unterwegs bin, gibt es immer etwas zu feiern. Das Besondere bei uns ist, dass nie Langeweile aufkommt, egal, ob wir lange Zugfahrten haben oder im Auto sitzen: Bevor uns langweilig wird, \u00fcberlegen wir uns etwas, damit wir wieder Spa\u00df haben und lachen k\u00f6nnen. Als wir mal im Stau standen und nichts voran ging, was machte der Fredy? Er stieg aus, nahm einen Packen Autogrammkarten mit und klopfte an jede Scheibe, um unsere Autogrammkarten zu verteilen. Wir versuchen uns auch abseits der B\u00fchne jeden Tag das Leben sch\u00f6n zu machen, und zwar mit sehr viel Humor.<\/p>\n<p style=\"text-align: justify;\"><strong>Gab es auch mal Zeiten, wo es nichts zu feiern gab?<\/strong><\/p>\n<p style=\"text-align: justify;\"><strong>Fredi:<\/strong> Zuletzt in der Corona-Zeit. Da hatten wir nichts zu feiern. Wir hatten weder Zeit, noch Lust zu feiern. Viele denken, dass wir in dieser Zeit nur auf der faulen Haut gelegen haben. Das war aber ganz und gar nicht so. Wir haben intensiv am neuen Album gearbeitet, es gab viel vorzubereiten und zu kl\u00e4ren \u2013 auch in der Trennungsphase vom alten Management gab es f\u00fcr uns viel zu tun.<\/p>\n<p style=\"text-align: justify;\"><strong>Ein Lied hei\u00dft:\u00a0 \u201eJede Tr\u00e4ne macht dich stark\u201c \u2013 Was hilft Euch, wenn ihr traurig oder mutlos seid?<\/strong><\/p>\n<p style=\"text-align: justify;\"><strong>Fredi:<\/strong> Mir hilft es, zu weinen! Das r\u00fchrt noch aus meiner Kindheit her, als ich immer dachte, dass ich gro\u00df und stark sein muss. Ich habe meinen Vater fr\u00fch verloren, wollte f\u00fcr meinen Mutter den starken Mann an ihrer Seite spielen. Damals habe ich wenig Tr\u00e4nen zugelassen, obwohl mir oft zum Weinen zumute war. Seitdem ich erwachsen bin, eigene Wege gehe und selbst Kinder habe, hat sich das ge\u00e4ndert.<\/p>\n<p style=\"text-align: justify;\"><strong>Wodurch hat es sich ge\u00e4ndert?<\/strong><\/p>\n<p style=\"text-align: justify;\"><strong>Fredi:<\/strong> Vor allem als ich meinen Partner kennengelernt habe, der mich sehr unterst\u00fctzt hat und dem ich sehr viel anvertrauen konnte. Er sagte mir dann: \u201eDu kannst nicht immer deine Tr\u00e4nen unterdr\u00fccken und f\u00fcr alle funktionieren. Du bist auch nur ein Mensch. Du musst das auch mal rauslassen. Weinen darf jeder mal.\u201c Er war es, der gesagt hat: \u201eJede Tr\u00e4ne macht dich stark. Dann weinst du dich halt aus und am n\u00e4chsten Tag geht es dir wieder gut. Du musst weinen, der Druck muss raus, sonst wirst du krank.\u201c Das habe ich mittlerweile tats\u00e4chlich gelernt. Wenn mir danach ist, halte ich es nicht zur\u00fcck. Dann weine ich ein paar Tr\u00e4nchen. Daf\u00fcr muss man sich nicht sch\u00e4men \u2013 auch nicht als Mann.<\/p>\n<p style=\"text-align: justify;\"><strong>Haben Sie das auch an Ihre Kinder weitergegeben?<\/strong><\/p>\n<p style=\"text-align: justify;\"><strong>Fredi:<\/strong> Ja, auch meine Kinder kennen mich so. Wenn wir mal ein intensiveres Gespr\u00e4ch haben, dann kann das schon auch passieren, dass Tr\u00e4nen flie\u00dfen. Dazu sind sowohl meine Kinder als auch ich in der Lage. Wir weinen manchmal auch gemeinsam, wenn wir \u00fcber irgendwelche Dinge sprechen, die traurig oder nicht angenehm sind. Das ist jetzt seit 12 oder 13 Jahren so, dass ich meinen Emotionen freien Lauf lasse, und meine Kinder tun das auch. Das sehen wir nicht als Schw\u00e4che, sondern als St\u00e4rke.<\/p>\n<p style=\"text-align: justify;\"><strong>Martin:<\/strong> Ich kann Fredi nur zustimmen, dass man auch als Mann seine Emotionen zeigen soll. Daf\u00fcr muss man sich nicht sch\u00e4men.<\/p>\n<p style=\"text-align: justify;\"><strong>Ihr feiert im neuen Jahr 25 Jahre \u201eFantasy\u201c \u2013 eine Karriere mit vielen H\u00f6hen, aber auch Tiefen\u2026<\/strong><\/p>\n<p style=\"text-align: justify;\"><strong>Martin:<\/strong> Ja, es gab gerade am Anfang Zeiten, wo es noch nicht so gut lief. Da waren wir in einer Art Sackgasse und kamen nicht mehr weiter. H\u00e4tten wir damals aufgegeben, w\u00e4ren wir heute nicht seit 25 Jahren als \u201aFantasy\u2018 auf der B\u00fchne. Fredy hatte zu der Zeit schon zwei Kinder, mein Sohn Luca wurde gerade geboren, das war im Jahr 2004. Als wir damals in unseren Terminkalender sahen, fanden wir einen einzigen Auftritt in drei Monaten. Aber wir haben uns gegenseitig Mut gemacht. W\u00e4ren wir zu dieser Zeit als K\u00fcnstler solo unterwegs gewesen, h\u00e4tten wir vielleicht alles hingeschmissen, so haben wir uns wieder aufgebaut, haben gesagt: \u201aDas wird schon wieder!\u2018 Deshalb passt der Song, \u201eJede Tr\u00e4ne macht dich stark\u201c, sehr gut zu unserer Geschichte. Weine ruhig, aber suche deinen Weg nach vorne, dann wird es auch weitergehen.<\/p>\n<p style=\"text-align: justify;\"><strong>Das Lied \u201eDarling immer noch\u201c \u2013 besteht aus einer Sammlung von Zeilen aus den gr\u00f6\u00dften Fantasy-Hits. Wie kam es zu dieser Idee?<\/strong><\/p>\n<p style=\"text-align: justify;\"><strong>Fredi:<\/strong> Als Corona kam, war es ja so, dass sich ein Jahr fast gar nichts tat. Die Idee ist aus der Angst gewachsen, dass die Leute uns und unsere Lieder vergessen k\u00f6nnten. Wir \u00fcberlegten, was wir tun k\u00f6nnen, damit die Leute wieder an unsere Songs erinnert werden. Das Ergebnis war auch f\u00fcr uns \u00fcberraschend. Ich h\u00e4tte nicht gedacht, dass man aus allen unseren Titeln ein Lied zaubern kann, das so emotional ist und so viele Erinnerungen weckt. Mein Partner Dean hat das Lied als einer der ersten geh\u00f6rt. Er hatte Tr\u00e4nen in den Augen und sagte, das Lied erinnere ihn an die 12 Jahre, in denen er mit mir zusammen ist. Es w\u00e4re wie ein Film, den er an sich vorbeiziehen sieht. Das war das sch\u00f6nste Kompliment, das ich geh\u00f6rt habe.<\/p>\n<p style=\"text-align: justify;\"><strong>Fredi, Du hast das Lied \u201eWenn der Wind sich dreht\u201c f\u00fcr Deinen Mann geschrieben \u2013 zum 10-j\u00e4hrigen Ehe-Jubil\u00e4um. Wie hat er darauf reagiert?<\/strong><\/p>\n<p style=\"text-align: justify;\">Dean war sehr ger\u00fchrt, weil er sich in dem Song nat\u00fcrlich wiedererkannt hat. Das ist das Sch\u00f6nste, was man jemandem schenken kann. Es ist ja eigentlich ein Gedicht zu einem Jubil\u00e4um, aber eben musikalisch verpackt. Er f\u00fchlte sich sehr geehrt und geschmeichelt und hat sich riesig dar\u00fcber gefreut. Es ist sein absolutes Lieblingslied auf dem Album.<\/p>\n<p style=\"text-align: justify;\"><strong>Martin, Sie sind ja bereits Vater eines Sohnes. W\u00fcnschen Sie sich mit Ihrer Frau Melanie gemeinsamen Nachwuchs?<\/strong><\/p>\n<p style=\"text-align: justify;\">Nein, wir haben das Thema ad acta gelegt. Man muss auch ein bisschen realistisch denken. Wir wohnen am Rande von Berlin und haben dort kaum Familie. Wir reisen viel, sind st\u00e4ndig unterwegs. Meine Eltern wohnen in Nordrhein-Westfalen, das sind fast 600 Kilometer, die Famile von Melanie lebt in Vorarlberg, das sind fast 800 Kilometer. Die Entscheidung f\u00fcr ein Kind w\u00fcrde f\u00fcr Melanie bedeuten, dass sie sagen m\u00fcsste: \u201eOkay, dann singe ich nicht mehr.\u201c Dann w\u00e4re sie rund um die Uhr bei dem Kind zuhause und ich w\u00fcrde mit Fredy weiter die Welt bereisen. Ob das auf Dauer gut gehen w\u00fcrde, bezweifle ich. Au\u00dferdem sind wir Eltern von \u201ePeppino\u201c und \u201eStella\u201c, das sind unsere Hunde. Das sind sozusagen unsere Ersatzkinder. Die reisen mit uns, sind stubenrein und d\u00fcrfen auch mit ins Hotelzimmer.<\/p>\n<p style=\"text-align: justify;\"><strong>Wie war das Jahr 2022 im R\u00fcckblick f\u00fcr Euch?<\/strong><\/p>\n<p style=\"text-align: justify;\"><strong>Martin:<\/strong> Der Tod von Melas Vater hat uns sehr getroffen. Der Verlust eines Menschen, den man sehr liebt, ist furchtbar schmerzhaft. Diese Wunde wird nie ganz geheilt werden. Mit der Zeit wird es aber ein bisschen besser. Wir hatten unsere Hochzeit geplant, haben dann nur standesamtlich im kleinen Kreis geheiratet. N\u00e4chstes Jahr holen wir die kirchliche Hochzeit nach. Auch musikalisch war es ein turbulentes Jahr mit vielen Stolpersteinen. Es gab viele Meetings zu unserer Tournee, die jetzt letztendlich doch abgesagt werden musste. Zum Gl\u00fcck sind wir alle gesund, das ist die Hauptsache, aber es war weder privat noch beruflich ein sch\u00f6nes Jahr.<\/p>\n<p style=\"text-align: justify;\"><strong>Warum musste die Tournee abgesagt werden?<\/strong><\/p>\n<p style=\"text-align: justify;\"><strong>Martin:<\/strong> Es war logistisch nicht machbar. Wenn man dar\u00fcber nachdenkt, leuchtet es auch ein. Es fehlen \u00fcberall Arbeitskr\u00e4fte, egal ob in der Gastronomie oder in der Technik, es ist nicht ausreichend Personal vorhanden. Durch die Tourneen zuvor, wo wir teilweise in manchen St\u00e4dten dreimal gespielt haben, weil immer alles ausverkauft war, hatten wir uns entschlossen, eine Arena-Tournee zu machen. F\u00fcr eine Arena-Tournee braucht man allerdings eine Logistik vom Allerfeinsten. Das in dieser Zeit auf die Beine zu stellen, hat sich als sehr schwierig erwiesen. Wir haben uns daher schweren Herzens entschlossen, die Tournee abzusagen.<\/p>\n<p style=\"text-align: justify;\"><strong>Fredi:<\/strong> Die Ticketpreise waren hoch angesetzt, daf\u00fcr wollten wir unseren Fans eine bombastische B\u00fchnen-Show liefern. Eine abgespeckte Show haben sie nicht verdient. Wir m\u00f6chten ihnen ein professionelles Konzert bieten, einen wundersch\u00f6nen und unvergesslichen Abend bereiten. Wir wollen, dass unsere Fans gl\u00fccklich nach Hause gehen. Wir nennen sie ja immer liebevoll \u201eunsere Darlings\u201c. Sie sollen begeistert und nicht frustriert oder entt\u00e4uscht sein. Diese Show zu stemmen, war in der Corona-Zeit einfach nicht m\u00f6glich. Der ein oder andere wird jetzt vielleicht sagen, Helene Fischer hat das ja auch geschafft, aber wir sind eben nicht Helene Fischer. Bei ihr steckt eine ganze Entourage dahinter, die sich um jedes Detail k\u00fcmmert. Das ist alles viel gr\u00f6\u00dfer und man verf\u00fcgt dort \u00fcber die entsprechenden Mittel, das alles umzusetzen. Diese Mittel waren uns nicht gegeben. Mit dem, was wir hatten, wollten wir nicht auf Teufel komm raus versuchen, eine Arena-Tour zu veranstalten.<\/p>\n<p style=\"text-align: justify;\"><strong>Gibt es konkrete neue Pl\u00e4ne?<\/strong><\/p>\n<p style=\"text-align: justify;\"><strong>Martin:<\/strong> Wir konzentrieren uns jetzt erst einmal auf unsere Musik und es wird nat\u00fcrlich das ganze Jahr 2023 \u00fcber verschiedene Shows geben. Und dann denken wir \u00fcber eine neue Tour nach. Das sind wir unseren Fans schuldig.<\/p>\n<p style=\"text-align: justify;\"><strong>Fredi, wie war das Jahr 2022 pers\u00f6nlich f\u00fcr Sie?<\/strong><\/p>\n<p style=\"text-align: justify;\"><strong>Fredi:<\/strong> Beruflich war es, wie gesagt, sehr anstrengend. Pers\u00f6nlich war es ein sch\u00f6nes Jahr f\u00fcr mich, ich bin ja wie gesagt gl\u00fccklicher Opa. Wir sind Ende November extra von Kroatien nach Deutschland geflogen, um bei Emilijos erstem Geburtstag in Essen dabei zu sein. Wir haben den kleinen Mann geb\u00fchrend gefeiert. Und es gibt noch mehr erfreuliche Neuigkeiten, aber die darf ich nicht verraten. (<em>lacht<\/em>).<\/p>\n<p style=\"text-align: justify;\"><strong>Das gro\u00dfe Jubil\u00e4um zu 25 Jahre \u201eFantasy\u201c wird im neuen Jahr trotzdem gefeiert. Worauf d\u00fcrfen sich die Fans freuen?<\/strong><\/p>\n<p style=\"text-align: justify;\"><strong>Fredi:<\/strong> Wir werden viel live unterwegs sein, sofern nichts dazwischenkommt. Wir wollen Spa\u00df haben mit den Fans und sie gl\u00fccklich machen mit unserer Musik.<\/p>\n<p style=\"text-align: justify;\"><strong>Eigentlich feiert ihr beide nach 25 gemeinsamen Jahren so etwas wie die Silberhochzeit\u2026<\/strong><\/p>\n<p style=\"text-align: justify;\">Ja, irgendwie f\u00fchlt es sich auch so an, als w\u00e4ren wir schon seit 25 Jahren verheiratet <em>(lacht)<\/em>. Es ist eine Liebe ohne Grenzen \u2013 oder eine Ehe ohne Ende.<\/p>\n<p style=\"text-align: justify;\"><strong>In jeder guten Ehe gibt es auch mal Krisen. Gab es bei Euch auch mal eine Krise?<\/strong><\/p>\n<p style=\"text-align: justify;\"><strong>Fredi:<\/strong> Ja, aber keine weltbewegenden Krisen. Nat\u00fcrlich hat man hier und da mal Meinungsverschiedenheiten, aber das ist nichts Schlimmes. Was ich uns beiden sehr hoch anrechne, ist, dass wir uns in all den Jahren nie so sehr gestritten haben, dass b\u00f6se Worte gefallen sind. Es gab Kritik und Meinungsverschiedenheiten, aber nie b\u00f6se Worte.<\/p>\n<p style=\"text-align: justify;\"><strong>Martin:<\/strong> Wir haben eine Streit-Angewohnheit, die ist recht lustig. Wenn einer meckert und nicht mehr aufh\u00f6ren will, sagt der andere: \u201eJetzt halt einfach mal die Klappe, du bl\u00f6de Kuh!\u201c <em>(lacht).<\/em><\/p>\n<p style=\"text-align: justify;\"><strong>Wer sucht eigentlich Eure B\u00fchnenanz\u00fcge aus?<\/strong><\/p>\n<p style=\"text-align: justify;\"><strong>Fredi:<\/strong> Ich schneidere sie selbst! Fr\u00fcher habe ich das tats\u00e4chlich selbst gemacht, heute fehlt mir daf\u00fcr die Zeit. Ich habe daf\u00fcr wirklich ein H\u00e4ndchen, habe fr\u00fcher mal angefangen, Schneider zu lernen. Meine damalige Frau war Friseurin. Deshalb kann ich auch sehr gut Haare schneiden. Ich habe ihr immer zugeschaut, wie sie das gemacht hat.<\/p>\n<p style=\"text-align: justify;\"><strong>Martin:<\/strong> Stimmt! Fredy kann prima Haare schneiden \u2013 ich habe volles Vertrauen, er ist der perfekte Figaro.<\/p>\n<p style=\"text-align: justify;\"><strong>Gibt es Vors\u00e4tze f\u00fcr 2023?<\/strong><\/p>\n<p style=\"text-align: justify;\"><strong>Martin:<\/strong> Unser privates Ziel ist es, 2023 unsere kirchliche Hochzeit zu feiern, darauf freuen wir uns sehr. Mela wird eine wundersch\u00f6ne Braut im wei\u00dfen Kleid sein, und ich werde sicher auch gut aussehen <em>(lacht). <\/em>Wir haben noch keine konkrete Reise geplant, ansonsten nehme ich mir das vor, was ich mir schon seit zehn Jahren immer wieder zu Jahresbeginn vornehme: Ein paar Pfunde abnehmen, nicht mehr rauchen, schauen wir mal, was daraus wird. Beruflich freue ich mich, dass wir so oft es geht wieder f\u00fcr unsere Fans singen und so sch\u00f6ne Auftritte machen k\u00f6nnen wie es fr\u00fcher war.<\/p>\n<p style=\"text-align: justify;\"><strong>Fredi:<\/strong> Ich bin ja nicht wirklich ein sportlicher Typ. W\u00e4hrend der Corona-Zeit habe ich mir ein kleines B\u00e4uchlein angefuttert, aber das habe ich im Griff. Das bekomme ich auch mit wenig Sport wieder weg. Ich werde einfach weniger essen, und auf S\u00fc\u00dfigkeiten verzichten. Im letzten Sommer habe ich in Kroatien viereinhalb Kilo abgenommen, allerdings habe ich die inzwischen auch wieder drauf. Ich hoffe, dass ich das im n\u00e4chsten Sommer wieder in den Griff bekomme. Wir waren dieses Jahr wie gesagt, wenig unterwegs, und haben daf\u00fcr mehr gegessen. Dazu kommt, dass wir von Freunden st\u00e4ndig Schokolade geschenkt bekommen. Die liegt bei uns zuhause leider \u00fcberall herum. Das ist sehr gef\u00e4hrlich <em>(lacht).<\/em><\/p>\n<p style=\"text-align: justify;\"><strong>Stimmt es, Fredi, dass du neben Schokolade auch s\u00fcchtig nach sch\u00f6nem Porzellan bist?<\/strong><\/p>\n<p style=\"text-align: justify;\"><strong>Fredi:<\/strong> Ja, und deshalb mache ich mir tats\u00e4chlich langsam Sorgen. Das ganze Haus ist voll damit. Als Kind bin ich ja sehr bescheiden aufgewachsen. Wenn wir bei Verwandten waren, war ich immer fasziniert von dem feinen Porzellan, das es dort gab. Ich war begeistert von dem \u201eWildrose\u201c-Service von Villeroy &amp; Boch. Sp\u00e4ter habe ich mir weitere Serien gekauft, Irgendwann habe ich mir gesagt: \u201eSchluss damit, jetzt reicht es\u201c Wenn ich dann etwas gekauft habe, frage ich mich, warum ich es gekauft habe, wo ich es doch eigentlich gar nicht brauche <em>(lacht).<\/em> Ich werde aber demn\u00e4chst einen Flohmarkt veranstalten, und die ganzen Sachen verscherbeln.<\/p>\n<p style=\"text-align: justify;\"><strong>Ihr singt von Liebe und Romantik. Wie romantisch seid ihr selbst?<\/strong><\/p>\n<p style=\"text-align: justify;\"><strong>Martin:<\/strong> Ich glaube, Fredi ist der gr\u00f6\u00dfere Romantiker von uns beiden. Ich bin nicht so der Typ, der stundenlang kocht, Kerzen anz\u00fcndet und Rosenbl\u00e4tter verstreut. Allerdings bin ich spontan, und sage schon mal: \u201eSchatz, lass uns irgendwo hinfahren, und uns ein paar sch\u00f6ne Tage machen.<\/p>\n<p style=\"text-align: justify;\"><strong>Fredi:<\/strong> Ich bin schon romantisch, aber mein Partner ist noch romantischer. Neulich kam ich zur\u00fcck nach Kroatien und auf dem Tisch lag ein Herz, auf dem stand: \u201aF\u00fcr den Menschen, den ich am meisten liebe auf der Welt.\u2018 Das fand ich so sch\u00f6n und total romantisch!<\/p>\n<p>&nbsp;<\/p>\n<p>&nbsp;<\/p>\n<p>&nbsp;<\/p>\n<figure id=\"attachment_195040\" aria-describedby=\"caption-attachment-195040\" style=\"width: 800px\" class=\"wp-caption alignnone\"><img decoding=\"async\" loading=\"lazy\" class=\"size-large wp-image-195040\" src=\"https:\/\/smago.de\/ws2\/wp-content\/uploads\/2023\/01\/Fantasy_MItten_im_Feuer_Sandra_Ludewig_Fotografie_A76I5868-800x533.jpg\" alt=\"\" width=\"800\" height=\"533\" srcset=\"https:\/\/smago.de\/ws2\/wp-content\/uploads\/2023\/01\/Fantasy_MItten_im_Feuer_Sandra_Ludewig_Fotografie_A76I5868-800x533.jpg 800w, https:\/\/smago.de\/ws2\/wp-content\/uploads\/2023\/01\/Fantasy_MItten_im_Feuer_Sandra_Ludewig_Fotografie_A76I5868-522x348.jpg 522w, https:\/\/smago.de\/ws2\/wp-content\/uploads\/2023\/01\/Fantasy_MItten_im_Feuer_Sandra_Ludewig_Fotografie_A76I5868-225x150.jpg 225w, https:\/\/smago.de\/ws2\/wp-content\/uploads\/2023\/01\/Fantasy_MItten_im_Feuer_Sandra_Ludewig_Fotografie_A76I5868-768x512.jpg 768w, https:\/\/smago.de\/ws2\/wp-content\/uploads\/2023\/01\/Fantasy_MItten_im_Feuer_Sandra_Ludewig_Fotografie_A76I5868-1536x1024.jpg 1536w, https:\/\/smago.de\/ws2\/wp-content\/uploads\/2023\/01\/Fantasy_MItten_im_Feuer_Sandra_Ludewig_Fotografie_A76I5868-2048x1365.jpg 2048w, https:\/\/smago.de\/ws2\/wp-content\/uploads\/2023\/01\/Fantasy_MItten_im_Feuer_Sandra_Ludewig_Fotografie_A76I5868-392x261.jpg 392w, https:\/\/smago.de\/ws2\/wp-content\/uploads\/2023\/01\/Fantasy_MItten_im_Feuer_Sandra_Ludewig_Fotografie_A76I5868-130x87.jpg 130w, https:\/\/smago.de\/ws2\/wp-content\/uploads\/2023\/01\/Fantasy_MItten_im_Feuer_Sandra_Ludewig_Fotografie_A76I5868-668x445.jpg 668w, https:\/\/smago.de\/ws2\/wp-content\/uploads\/2023\/01\/Fantasy_MItten_im_Feuer_Sandra_Ludewig_Fotografie_A76I5868-783x522.jpg 783w, https:\/\/smago.de\/ws2\/wp-content\/uploads\/2023\/01\/Fantasy_MItten_im_Feuer_Sandra_Ludewig_Fotografie_A76I5868-285x190.jpg 285w, https:\/\/smago.de\/ws2\/wp-content\/uploads\/2023\/01\/Fantasy_MItten_im_Feuer_Sandra_Ludewig_Fotografie_A76I5868-435x290.jpg 435w, https:\/\/smago.de\/ws2\/wp-content\/uploads\/2023\/01\/Fantasy_MItten_im_Feuer_Sandra_Ludewig_Fotografie_A76I5868-150x100.jpg 150w, https:\/\/smago.de\/ws2\/wp-content\/uploads\/2023\/01\/Fantasy_MItten_im_Feuer_Sandra_Ludewig_Fotografie_A76I5868-370x247.jpg 370w\" sizes=\"(max-width: 800px) 100vw, 800px\" \/><figcaption id=\"caption-attachment-195040\" class=\"wp-caption-text\"><em>Foto-Credit: Sandra Ludewig<\/em><\/figcaption><\/figure>\n<p>&nbsp;<\/p>\n<p>&nbsp;<\/p>\n<p>&nbsp;<\/p>\n<p><img decoding=\"async\" loading=\"lazy\" class=\"alignnone size-large wp-image-195039\" src=\"https:\/\/smago.de\/ws2\/wp-content\/uploads\/2023\/01\/Fantasy_Mitten_im_Feuer_Album_CoverFinal_1500pix-800x800.jpg\" alt=\"\" width=\"800\" height=\"800\" srcset=\"https:\/\/smago.de\/ws2\/wp-content\/uploads\/2023\/01\/Fantasy_Mitten_im_Feuer_Album_CoverFinal_1500pix-800x800.jpg 800w, https:\/\/smago.de\/ws2\/wp-content\/uploads\/2023\/01\/Fantasy_Mitten_im_Feuer_Album_CoverFinal_1500pix-522x522.jpg 522w, https:\/\/smago.de\/ws2\/wp-content\/uploads\/2023\/01\/Fantasy_Mitten_im_Feuer_Album_CoverFinal_1500pix-150x150.jpg 150w, https:\/\/smago.de\/ws2\/wp-content\/uploads\/2023\/01\/Fantasy_Mitten_im_Feuer_Album_CoverFinal_1500pix-768x768.jpg 768w, https:\/\/smago.de\/ws2\/wp-content\/uploads\/2023\/01\/Fantasy_Mitten_im_Feuer_Album_CoverFinal_1500pix-272x272.jpg 272w, https:\/\/smago.de\/ws2\/wp-content\/uploads\/2023\/01\/Fantasy_Mitten_im_Feuer_Album_CoverFinal_1500pix-600x600.jpg 600w, https:\/\/smago.de\/ws2\/wp-content\/uploads\/2023\/01\/Fantasy_Mitten_im_Feuer_Album_CoverFinal_1500pix-130x130.jpg 130w, https:\/\/smago.de\/ws2\/wp-content\/uploads\/2023\/01\/Fantasy_Mitten_im_Feuer_Album_CoverFinal_1500pix-445x445.jpg 445w, https:\/\/smago.de\/ws2\/wp-content\/uploads\/2023\/01\/Fantasy_Mitten_im_Feuer_Album_CoverFinal_1500pix-190x190.jpg 190w, https:\/\/smago.de\/ws2\/wp-content\/uploads\/2023\/01\/Fantasy_Mitten_im_Feuer_Album_CoverFinal_1500pix-290x290.jpg 290w, https:\/\/smago.de\/ws2\/wp-content\/uploads\/2023\/01\/Fantasy_Mitten_im_Feuer_Album_CoverFinal_1500pix.jpg 1500w\" sizes=\"(max-width: 800px) 100vw, 800px\" \/><\/p>\n","protected":false},"excerpt":{"rendered":"<p>Fredi und Martin \u00fcber die Turbulenzen in j\u00fcngerer Zeit und \u00fcber ihre Pl\u00e4ne danach &#8230;:<\/p>\n","protected":false},"author":2,"featured_media":195040,"comment_status":"open","ping_status":"closed","sticky":false,"template":"","format":"standard","meta":{"_FSMCFIC_featured_image_caption":"","_FSMCFIC_featured_image_nocaption":"","_FSMCFIC_featured_image_hide":""},"categories":[28,39],"tags":[406],"acf":[],"_links":{"self":[{"href":"https:\/\/smago.de\/ws2\/wp-json\/wp\/v2\/posts\/195038"}],"collection":[{"href":"https:\/\/smago.de\/ws2\/wp-json\/wp\/v2\/posts"}],"about":[{"href":"https:\/\/smago.de\/ws2\/wp-json\/wp\/v2\/types\/post"}],"author":[{"embeddable":true,"href":"https:\/\/smago.de\/ws2\/wp-json\/wp\/v2\/users\/2"}],"replies":[{"embeddable":true,"href":"https:\/\/smago.de\/ws2\/wp-json\/wp\/v2\/comments?post=195038"}],"version-history":[{"count":3,"href":"https:\/\/smago.de\/ws2\/wp-json\/wp\/v2\/posts\/195038\/revisions"}],"predecessor-version":[{"id":195043,"href":"https:\/\/smago.de\/ws2\/wp-json\/wp\/v2\/posts\/195038\/revisions\/195043"}],"wp:featuredmedia":[{"embeddable":true,"href":"https:\/\/smago.de\/ws2\/wp-json\/wp\/v2\/media\/195040"}],"wp:attachment":[{"href":"https:\/\/smago.de\/ws2\/wp-json\/wp\/v2\/media?parent=195038"}],"wp:term":[{"taxonomy":"category","embeddable":true,"href":"https:\/\/smago.de\/ws2\/wp-json\/wp\/v2\/categories?post=195038"},{"taxonomy":"post_tag","embeddable":true,"href":"https:\/\/smago.de\/ws2\/wp-json\/wp\/v2\/tags?post=195038"}],"curies":[{"name":"wp","href":"https:\/\/api.w.org\/{rel}","templated":true}]}}