{"id":194976,"date":"2023-01-13T00:00:34","date_gmt":"2023-01-12T23:00:34","guid":{"rendered":"https:\/\/smago.de\/ws2\/?p=194976"},"modified":"2023-01-11T17:17:54","modified_gmt":"2023-01-11T16:17:54","slug":"ernie-bert-mareile-hoeppner-h-p-baxxter-scooter-u-a-heute-13-01-2023-in-der-ndr-talk-show-zu-gast","status":"publish","type":"post","link":"https:\/\/smago.de\/ws2\/kinderprogramm\/ernie-bert-mareile-hoeppner-h-p-baxxter-scooter-u-a-heute-13-01-2023-in-der-ndr-talk-show-zu-gast\/","title":{"rendered":"ERNIE und BERT, MAREILE H\u00d6PPNER, H. P. BAXXTER ((&#8222;SCOOTER&#8220;)) u.a. <br>Heute (13.01.2023) in der &#8222;NDR Talk Show&#8220; zu Gast!"},"content":{"rendered":"<p style=\"text-align: justify;\">NDR Fernsehen + HR Fernsehen, 22:00 Uhr &#8211; 00:00 Uhr! Moderation: Bettina Tietjen und Hubertus Meyer-Burckhardt!<br \/>\n<!--more--><\/p>\n<p>&nbsp;<\/p>\n<p>&nbsp;<\/p>\n<p>&nbsp;<\/p>\n<p><strong>Diesmal zu Gast in der NDR Talk Show:<\/strong><\/p>\n<p>&nbsp;<\/p>\n<p>&nbsp;<\/p>\n<ul>\n<li>Ernie und Bert<\/li>\n<li>Thomas R\u00fchmann, Schauspieler<\/li>\n<li>Petra Bracht und Roland Liebscher-Bracht, Schmerzspezialisten<\/li>\n<li>Negah Amiri, Komikerin<\/li>\n<li>H. P. Baxxter, S\u00e4nger<\/li>\n<li>Mareile H\u00f6ppner, Moderatorin<\/li>\n<li>Anke H\u00f6hne, Langstreckenschwimmerin<\/li>\n<\/ul>\n<p>&nbsp;<\/p>\n<p>&nbsp;<\/p>\n<p>&nbsp;<\/p>\n<p>&nbsp;<\/p>\n<p style=\"text-align: justify;\"><strong>Ernie und Bert<\/strong><\/p>\n<p>&nbsp;<\/p>\n<p style=\"text-align: justify;\">Die &#8222;Sesamstra\u00dfe&#8220; wird 50 Jahre alt und diese beiden sind von Anfang an dabei: Ernie und Bert. Bereits am 5. April 1971 flimmerte die &#8222;Sesame Street&#8220; (so der Originaltitel) zum ersten Mal \u00fcber die bundesdeutschen Bildschirme. Das NDR Fernsehen zeigte damals einige Folgen der 1969 in den USA gestarteten Kindersendung in der unsynchronisierten Originalfassung als Testprogramm. Inzwischen l\u00e4uft die beispiellos popul\u00e4re Reihe mit den besten Freunden Ernie und Bert, dem gr\u00fcnen Frosch Kermit, dem unheimlichen Graf Zahl, dem kekss\u00fcchtigen Kr\u00fcmelmonster und Gaststars wie Michelle Obama in etwa 150 L\u00e4ndern, darunter Russland, China oder Nigeria. Am 8. Januar 1973 startete die deutsche Adaption, die &#8222;Sesamstra\u00dfe&#8220;. Wie es Ernie und Bert seither ergangen ist und welche Abenteuer sie erlebt haben, das erz\u00e4hlen sie in der &#8222;NDR Talk Show&#8220;.<\/p>\n<p>&nbsp;<\/p>\n<p>&nbsp;<\/p>\n<p>&nbsp;<\/p>\n<p>&nbsp;<\/p>\n<p style=\"text-align: justify;\"><strong>Thomas R\u00fchmann, Schauspieler<\/strong><\/p>\n<p>&nbsp;<\/p>\n<p style=\"text-align: justify;\">Schauspieler Thomas R\u00fchmann hat Grund zum Feiern. Zum 1000. Mal \u00f6ffnet die Sachsenklinik in Das Erste ihre Pforten und lockt mit ihren \u00c4rzten, Schwestern und Patienten Millionen Zuschauerinnen und Zuschauer vor die Bildschirme. Von Beginn an ist Thomas R\u00fchmann in der Erfolgserie &#8222;In aller Freundschaft&#8220; in seiner Rolle als Chefarzt Dr. Heilmann mit dabei. Urspr\u00fcnglich wollte der in Sachsen-Anhalt geborene R\u00fchmann Journalist werden, doch dann entdeckte er seine Liebe zum Theater. Anstatt sein Journalistikstudium zu beenden, absolvierte er daraufhin die Schauspielausbildung an der renommierten Hochschule f\u00fcr Schauspielkunst Ernst Busch in Berlin. Seine Leidenschaft f\u00fcrs Theater lebt er auch in seinem eigenen Haus aus, seit vielen Jahren betreibt er im Oderbruch das private Theater am Rand. Dort tritt der 67- J\u00e4hrige auch regelm\u00e4\u00dfig mit seiner Band auf, denn Thomas R\u00fchmann ist auch ein exzellenter Musiker.<\/p>\n<p>&nbsp;<\/p>\n<p>&nbsp;<\/p>\n<p>&nbsp;<\/p>\n<p>&nbsp;<\/p>\n<p style=\"text-align: justify;\"><strong>Petra Bracht und Roland Liebscher-Bracht, Schmerzspezialisten<\/strong><\/p>\n<p>&nbsp;<\/p>\n<p style=\"text-align: justify;\">Mehr als 1,7 Millionen Menschen folgen diesem Ehepaar auf YouTube: Petra Bracht und Roland Liebscher-Bracht haben schon unz\u00e4hlige Bestseller auf den Markt gebracht und als Schmerzspezialisten eine riesige Fangemeinde hinter sich, die sich durch ihre \u00dcbungsvideos klickt. Von R\u00fcckenschmerzen \u00fcber Kieferverrenkungen bis hin zur steifen H\u00fcfte, es gibt kein orthop\u00e4disches Problem, f\u00fcr das die beiden keine L\u00f6sung parat haben. Roland Liebscher-Bracht ist eigentlich Maschinenbauer und nutzt seine Expertise, mit welchen leichten Korrekturen ein System ins Laufen gebracht werden kann, heute f\u00fcr seine Analyse rund um Bandscheiben und Co. Seine Frau Petra ist \u00c4rztin f\u00fcr Allgemein- und Ern\u00e4hrungsmedizin. Jetzt haben sich die Schmerzspezialisten dem Thema &#8222;Schmerzfrei und gelenkig bis ins hohe Alter&#8220; in einem Ratgeber verschrieben und sagen: Ein Leben ohne Schmerzen kann jeder erreichen!<\/p>\n<p>&nbsp;<\/p>\n<p>&nbsp;<\/p>\n<p>&nbsp;<\/p>\n<p>&nbsp;<\/p>\n<p style=\"text-align: justify;\"><strong>Negah Amiri, Komikerin<\/strong><\/p>\n<p>&nbsp;<\/p>\n<p style=\"text-align: justify;\">Negah Amiri ist eine deutsch-persische Comedienne, die &#8222;irgendwas mit Medien&#8220; studiert hat, aber die meiste Zeit des Studiums damit verbrachte, YouTube-Videos zu schauen und, nach eigener Aussage, mit M\u00e4nnern zu chatten. Sie tritt auf B\u00fchnen und im TV auf und hat mit der WDR-Produktion &#8222;UpDATE&#8220; ihre eigene Comedyshow in der ARD-Mediathek. F\u00fcr ihre Fans ist sie die &#8222;Frauenversteherin&#8220;, die sich traut, die Gedanken der Frauen auszusprechen. Ihre selbstironischen Videos erreichen Millionen Aufrufe. Im Alter von elf Jahren kam Negah nach Deutschland. Ihre Eltern fl\u00fcchteten aus politischen Gr\u00fcnden mit ihr aus dem Iran. Sie wollten ihrer Tochter ein freies Leben erm\u00f6glichen. &#8222;Angela Merkel ist f\u00fcr mich ein Symbol der Freiheit&#8220;, sagt die Komikerin, deren Start ins Leben alles andere als einfach war. Die K\u00f6lnerin beobachtet ganz genau die aktuellen Geschehnisse im Iran und kommentiert diese auf ihre ganz eigene Weise.<\/p>\n<p>&nbsp;<\/p>\n<p>&nbsp;<\/p>\n<p>&nbsp;<\/p>\n<p>&nbsp;<\/p>\n<p style=\"text-align: justify;\"><strong>H. P. Baxxter, S\u00e4nger<\/strong><\/p>\n<p>&nbsp;<\/p>\n<p style=\"text-align: justify;\">&#8222;Hyper, Hyper&#8220;, seit 1994 hallt der Schlachtruf von H. P. Baxxter und seiner Technoband Scooter durch ausverkaufte Konzerthallen. Mit eing\u00e4ngigen Hits zu einschl\u00e4gigen Technobeats legte er den Grundstein seiner weltweiten Karriere. Musik und Outfit des Hamburgers\u00a0haben sich seitdem kaum ver\u00e4ndert. Mit seinen wasserstoffblonden Haaren und der extravaganten Garderobe wurde H. P. Baxxter schnell zum Aush\u00e4ngeschild des Trios. Die Band bekommt mit &#8222;FCK 2020 \u2013 Zweieinhalb Jahre mit Scooter&#8220; einen eigenen Kinofilm. Der Dokumentarfilm begleitet Scooter \u00fcber zweieinhalb Jahre quer durch Europa, privat, im Studio, auf Reisen, auf Konzerten. Der Titel ist programmatisch: &#8222;FCK 2020&#8220;, zugleich der Titel eines Scooter-Hits aus dem Jahr 2020, begegnet der pandemisch verordneten Vollbremsung aller Aktivit\u00e4ten mit surrealem Humor, anarchischem Widerstandsgeist und privaten Archivaufnahmen. In der &#8222;NDR Talk Show&#8220; \u00f6ffnet H. P. Baxxter die Schatulle der schr\u00e4gsten Erinnerungen an eine unglaubliche Lebens- und Bandgeschichte.<\/p>\n<p>&nbsp;<\/p>\n<p>&nbsp;<\/p>\n<p>&nbsp;<\/p>\n<p>&nbsp;<\/p>\n<p><strong>Mareile H\u00f6ppner, Moderatorin<\/strong><\/p>\n<p>&nbsp;<\/p>\n<p style=\"text-align: justify;\">Sie ist ein echtes Nordlicht: in Hamburg geboren, aufgewachsen in L\u00fcbeck, Studium in Kiel. Vom Norden ist sie ausgezogen, um ganz Deutschland als Moderatorin zu bezaubern. Sie wird RTL-Wetterfee, Sat.1-Quotenk\u00f6nigin am Mittag, ProSieben-Anchor-Woman und drei Jahre lang Gastgeberin des MDR-Talkformats &#8222;Riverboat&#8220;. Nach 14 Jahren beim ARD-Magazin &#8222;Brisant&#8220; schl\u00e4gt sie nun ein weiteres neues Kapitel auf: Die 45-J\u00e4hrige \u00fcbernimmt die Moderation von &#8222;Extra&#8220; auf RTL. Was bleibt: Mareile H\u00f6ppner ist die Frau auf dem Boulevard der Stars. Welche glamour\u00f6sen Ereignisse im Jahr 2023 ihre Schatten vorauswerfen, das verr\u00e4t sie in der &#8222;NDR Talk Show&#8220;.<\/p>\n<p>&nbsp;<\/p>\n<p>&nbsp;<\/p>\n<p>&nbsp;<\/p>\n<p>&nbsp;<\/p>\n<p><strong>Anke H\u00f6hne, Langstreckenschwimmerin<\/strong><\/p>\n<p>&nbsp;<\/p>\n<p style=\"text-align: justify;\">Im Wasser ist sie in ihrem Element: die Langstreckenschwimmerin Anke H\u00f6hne. Im Juli 2022 ist sie erfolgreich durch den \u00c4rmelkanal gekrault. Die 52-J\u00e4hrige bew\u00e4ltigte die ber\u00fchmteste Herausforderung des Open-Water- Schwimmens in 15 Stunden und 32 Minuten. Vor \u00fcber 20 Jahren hat die promovierte Sozialwissenschaftlerin, die beruflich in Hamburg als Referentin f\u00fcr Suchtpr\u00e4vention arbeitet, mit dem Langstreckenschwimmen begonnen und ist seitdem unter anderem von der Insel Fehmarn nach D\u00e4nemark geschwommen und hat den New Yorker Stadtbezirk Manhattan zu Wasser umrundet. Was die Freiwasserschwimmerin antreibt, wie sie trainiert und wer sie motiviert, das verr\u00e4t Anke H\u00f6hne in der &#8222;NDR Talk Show.<\/p>\n<p>&nbsp;<\/p>\n<p>&nbsp;<\/p>\n<figure id=\"attachment_194977\" aria-describedby=\"caption-attachment-194977\" style=\"width: 800px\" class=\"wp-caption alignnone\"><img decoding=\"async\" loading=\"lazy\" class=\"size-large wp-image-194977\" src=\"https:\/\/smago.de\/ws2\/wp-content\/uploads\/2023\/01\/1_NDR_Talk_Show_Logo_2022-800x448.jpg\" alt=\"\" width=\"800\" height=\"448\" srcset=\"https:\/\/smago.de\/ws2\/wp-content\/uploads\/2023\/01\/1_NDR_Talk_Show_Logo_2022-800x448.jpg 800w, https:\/\/smago.de\/ws2\/wp-content\/uploads\/2023\/01\/1_NDR_Talk_Show_Logo_2022-522x292.jpg 522w, https:\/\/smago.de\/ws2\/wp-content\/uploads\/2023\/01\/1_NDR_Talk_Show_Logo_2022-268x150.jpg 268w, https:\/\/smago.de\/ws2\/wp-content\/uploads\/2023\/01\/1_NDR_Talk_Show_Logo_2022-768x430.jpg 768w, https:\/\/smago.de\/ws2\/wp-content\/uploads\/2023\/01\/1_NDR_Talk_Show_Logo_2022-1536x860.jpg 1536w, https:\/\/smago.de\/ws2\/wp-content\/uploads\/2023\/01\/1_NDR_Talk_Show_Logo_2022-2048x1147.jpg 2048w, https:\/\/smago.de\/ws2\/wp-content\/uploads\/2023\/01\/1_NDR_Talk_Show_Logo_2022-392x220.jpg 392w, https:\/\/smago.de\/ws2\/wp-content\/uploads\/2023\/01\/1_NDR_Talk_Show_Logo_2022-130x73.jpg 130w, https:\/\/smago.de\/ws2\/wp-content\/uploads\/2023\/01\/1_NDR_Talk_Show_Logo_2022-794x445.jpg 794w, https:\/\/smago.de\/ws2\/wp-content\/uploads\/2023\/01\/1_NDR_Talk_Show_Logo_2022-870x487.jpg 870w, https:\/\/smago.de\/ws2\/wp-content\/uploads\/2023\/01\/1_NDR_Talk_Show_Logo_2022-292x164.jpg 292w, https:\/\/smago.de\/ws2\/wp-content\/uploads\/2023\/01\/1_NDR_Talk_Show_Logo_2022-435x244.jpg 435w\" sizes=\"(max-width: 800px) 100vw, 800px\" \/><figcaption id=\"caption-attachment-194977\" class=\"wp-caption-text\"><em>\u00a9 NDR<\/em><\/figcaption><\/figure>\n","protected":false},"excerpt":{"rendered":"<p>NDR Fernsehen + HR Fernsehen, 22:00 Uhr &#8211; 00:00 Uhr! Moderation: Bettina Tietjen und Hubertus Meyer-Burckhardt!<\/p>\n","protected":false},"author":2,"featured_media":194977,"comment_status":"open","ping_status":"closed","sticky":false,"template":"","format":"standard","meta":{"_FSMCFIC_featured_image_caption":"","_FSMCFIC_featured_image_nocaption":"","_FSMCFIC_featured_image_hide":""},"categories":[20,27,29,128],"tags":[254],"acf":[],"_links":{"self":[{"href":"https:\/\/smago.de\/ws2\/wp-json\/wp\/v2\/posts\/194976"}],"collection":[{"href":"https:\/\/smago.de\/ws2\/wp-json\/wp\/v2\/posts"}],"about":[{"href":"https:\/\/smago.de\/ws2\/wp-json\/wp\/v2\/types\/post"}],"author":[{"embeddable":true,"href":"https:\/\/smago.de\/ws2\/wp-json\/wp\/v2\/users\/2"}],"replies":[{"embeddable":true,"href":"https:\/\/smago.de\/ws2\/wp-json\/wp\/v2\/comments?post=194976"}],"version-history":[{"count":3,"href":"https:\/\/smago.de\/ws2\/wp-json\/wp\/v2\/posts\/194976\/revisions"}],"predecessor-version":[{"id":195025,"href":"https:\/\/smago.de\/ws2\/wp-json\/wp\/v2\/posts\/194976\/revisions\/195025"}],"wp:featuredmedia":[{"embeddable":true,"href":"https:\/\/smago.de\/ws2\/wp-json\/wp\/v2\/media\/194977"}],"wp:attachment":[{"href":"https:\/\/smago.de\/ws2\/wp-json\/wp\/v2\/media?parent=194976"}],"wp:term":[{"taxonomy":"category","embeddable":true,"href":"https:\/\/smago.de\/ws2\/wp-json\/wp\/v2\/categories?post=194976"},{"taxonomy":"post_tag","embeddable":true,"href":"https:\/\/smago.de\/ws2\/wp-json\/wp\/v2\/tags?post=194976"}],"curies":[{"name":"wp","href":"https:\/\/api.w.org\/{rel}","templated":true}]}}