{"id":194967,"date":"2023-01-11T11:52:06","date_gmt":"2023-01-11T10:52:06","guid":{"rendered":"https:\/\/smago.de\/ws2\/?p=194967"},"modified":"2023-01-11T11:52:06","modified_gmt":"2023-01-11T10:52:06","slug":"buelent-ceylan-comedy-tutorial-babbel-net-mit-buelent-ceylan","status":"publish","type":"post","link":"https:\/\/smago.de\/ws2\/comedy\/buelent-ceylan-comedy-tutorial-babbel-net-mit-buelent-ceylan\/","title":{"rendered":"B\u00dcLENT CEYLAN <br>Comedy-Tutorial \u201eBabbel Net!\u201c mit B\u00fclent Ceylan!"},"content":{"rendered":"<p style=\"text-align: justify;\">Neues SWR Format mit dem Kurpf\u00e4lzer Comedian +++ 6 Folgen ab 12.01.2023 in der ARD Mediathek und ab 13. Januar im SWR Fernsehen +++<br \/>\n<!--more--><\/p>\n<p>&nbsp;<\/p>\n<p style=\"text-align: justify;\">\n<p class=\"text small\" style=\"text-align: justify;\">Ob als Survival-Experte in einer K\u00e4ltekammer oder als professioneller \u201eKuschler\u201c \u2013 Comedian B\u00fclent Ceylan zeigt in seinem neuen SWR Format \u201eBabbel Net!\u201c vollen Einsatz. Mit einer Mischung aus Comedy und Wissenschaft widmet sich der Mannheimer mit seinen G\u00e4sten den wichtigen Themen des Lebens wie Ern\u00e4hrung, Liebe oder dem Wetter und h\u00e4lt f\u00fcr sein Publikum spannende Fakten bereit, mit denen man auf jeder Party gl\u00e4nzen kann. B\u00fclent Ceylan ist ab 12. Januar 2023 mit sechs Folgen des neuen Comedy-Tutorials in der <a href=\"https:\/\/www.ardmediathek.de\/\">ARD Mediathek <\/a>und ab 13. Januar im SWR Fernsehen zu sehen.<\/p>\n<div class=\"clearMe\" style=\"text-align: justify;\"><\/div>\n<h2><\/h2>\n<h2><\/h2>\n<h2><\/h2>\n<h2 class=\"subtitle small\" style=\"text-align: justify;\">Comedy-Tutorial \u201eBabbel Net!\u201c<\/h2>\n<p>&nbsp;<\/p>\n<p class=\"text small\" style=\"text-align: justify;\">\u201eBabbel net!\u201c sagt der Kurpf\u00e4lzer, wenn jemand kein dummes Zeug reden soll. Davor will B\u00fclent Ceylan sein Publikum bewahren und verr\u00e4t zusammen mit den G\u00e4sten seiner Wissenschafts-Comedyshow wissenschaftlich abgesichert und gleichzeitig mit einem Augenzwinkern, was man \u00fcber die wichtigen Themen des Lebens wissen sollte, um bei jeder Fachsimpelei mitreden zu k\u00f6nnen. Ob Ern\u00e4hrung, Liebe, Weltall, Sch\u00f6nheit, Wetter oder Geld \u2013 bei B\u00fclents Comedy-Tutorial bleibt keine Frage offen. So l\u00e4sst sich der Comedian etwa zum professionellen \u201eKuschler\u201c ausbilden; versucht, in einer K\u00e4ltekammer bei minus 110 Grad zu \u00fcberleben; absolviert ein veganes Survivaltraining und schie\u00dft einen Mannheimer D\u00f6ner in die Stratosph\u00e4re.<\/p>\n<div class=\"clearMe\" style=\"text-align: justify;\"><\/div>\n<div><\/div>\n<div><\/div>\n<div><\/div>\n<div><\/div>\n<h2 class=\"subtitle small\" style=\"text-align: justify;\">B\u00fclent Ceylan: \u201eSchlauer macht eben lustig.\u201c<\/h2>\n<p>&nbsp;<\/p>\n<p>&nbsp;<\/p>\n<p>&nbsp;<\/p>\n<p class=\"text small\" style=\"text-align: justify;\">B\u00fclent Ceylan \u00fcber \u201eBabbel Net!\u201c: \u201eIch freue mich \u00fcber dieses besondere Format. Comedy, die Wissen vermittelt \u2013 so etwas ist neu. In dieser Show verrate ich alles, was man zu den wichtigen Themen des Lebens wissen muss, um auf jeder Party zu gl\u00e4nzen. Schlauer macht eben lustig.\u201c \u201eBabbel Net!\u201c ist das zweite SWR Format mit dem Comedian; seit 9. Dezember 2022 steht bereits die Aufzeichnung seines aktuellen Solo-B\u00fchnenprogramms \u201eLuschtobjekt\u201c in der ARD Mediathek zur Verf\u00fcgung. Das neue Format \u201eBabbel Net!\u201c stellt Ceylan auch in der \u201eKaffee oder Tee\u201c-Ausgabe am 11. Januar 2023 um 16.05 Uhr im SWR Fernsehen vor.<\/p>\n<div class=\"clearMe\" style=\"text-align: justify;\"><\/div>\n<p class=\"text small\" style=\"text-align: justify;\"><strong>\u201eBabbel Net!\u201c <\/strong>ist eine sechsteilige Produktion der Kimmig Entertainment GmbH im Auftrag des SWR, verf\u00fcgbar ab 12. Januar 2023 jeweils donnerstags und f\u00fcr zwei Jahre in der ARD Mediathek. Ab 13. Januar sind die Folgen jeweils freitags um 23.30 Uhr im SWR Fernsehen zu sehen.<\/p>\n<div class=\"clearMe\" style=\"text-align: justify;\"><\/div>\n<div><\/div>\n<div><\/div>\n<div><\/div>\n<p class=\"text small\" style=\"text-align: justify;\"><strong>Folge 1:<\/strong><br \/>\nThema Weltall; mit Gast Suzanna Randall, Astrophysikerin und angehende Astronautin (ab 12.01. in der ARD Mediathek; am 13.01., 23:30 Uhr im SWR Fernsehen)<\/p>\n<div class=\"clearMe\" style=\"text-align: justify;\"><\/div>\n<div><\/div>\n<p class=\"text small\" style=\"text-align: justify;\"><strong>Folge 2:<\/strong><br \/>\nThema Ern\u00e4hrung; mit Gast Sebastian Lege, Food-Experte, Koch und Entertainer (ab 19.01. in der ARD Mediathek; am 20.01., 23:30 Uhr im SWR Fernsehen)<\/p>\n<div class=\"clearMe\" style=\"text-align: justify;\"><\/div>\n<div><\/div>\n<p class=\"text small\" style=\"text-align: justify;\"><strong>Folge 3:<br \/>\n<\/strong>Thema Liebe; mit Gast Gianna Bacio, Sexual-P\u00e4dagogin (ab 26.01. in der ARD Mediathek; am 27.01., 23:30 Uhr im SWR Fernsehen)<\/p>\n<div class=\"clearMe\" style=\"text-align: justify;\"><\/div>\n<p>&nbsp;<\/p>\n<p class=\"text small\" style=\"text-align: justify;\"><strong>Folge 4:<\/strong><br \/>\nThema Sch\u00f6nheit; mit Gast Nadine Breaty, Social-Media-Ikone (ab 02.02. in der ARD Mediathek; am 03.02., 23:30 Uhr im SWR Fernsehen)<\/p>\n<div class=\"clearMe\" style=\"text-align: justify;\"><\/div>\n<div><\/div>\n<p class=\"text small\" style=\"text-align: justify;\"><strong>Folge 5:<\/strong><br \/>\nThema Wetter; mit Gast Benedikt H\u00fclsbusch, Personaltrainer, der mit seinem YouTube-Kanal \u201eEinfach Bauer\u201c in humoristischen Clips das Landleben feiert. (ab 09.02. in der ARD Mediathek; am 10.02., 23:30 Uhr im SWR Fernsehen)<\/p>\n<div class=\"clearMe\" style=\"text-align: justify;\"><\/div>\n<p>&nbsp;<\/p>\n<p class=\"text small\" style=\"text-align: justify;\"><strong>Folge 6:<br \/>\n<\/strong>Thema Geld; mit den G\u00e4sten J\u00fcrgen Kuhl, ehemaliger Geldf\u00e4lscher und Simon Sch\u00f6bel, Finanz-Influencer (ab 16.02. in der ARD Mediathek; am 17.2., 23:30 Uhr im SWR Fernsehen)<\/p>\n<div class=\"clearMe\" style=\"text-align: justify;\"><\/div>\n<div><\/div>\n<div><\/div>\n<div>\n<figure id=\"attachment_194968\" aria-describedby=\"caption-attachment-194968\" style=\"width: 800px\" class=\"wp-caption alignnone\"><img decoding=\"async\" loading=\"lazy\" class=\"size-large wp-image-194968\" src=\"https:\/\/smago.de\/ws2\/wp-content\/uploads\/2023\/01\/1_babbel_net_keyvisual-800x448.jpg\" alt=\"\" width=\"800\" height=\"448\" srcset=\"https:\/\/smago.de\/ws2\/wp-content\/uploads\/2023\/01\/1_babbel_net_keyvisual-800x448.jpg 800w, https:\/\/smago.de\/ws2\/wp-content\/uploads\/2023\/01\/1_babbel_net_keyvisual-522x292.jpg 522w, https:\/\/smago.de\/ws2\/wp-content\/uploads\/2023\/01\/1_babbel_net_keyvisual-268x150.jpg 268w, https:\/\/smago.de\/ws2\/wp-content\/uploads\/2023\/01\/1_babbel_net_keyvisual-768x430.jpg 768w, https:\/\/smago.de\/ws2\/wp-content\/uploads\/2023\/01\/1_babbel_net_keyvisual-1536x860.jpg 1536w, https:\/\/smago.de\/ws2\/wp-content\/uploads\/2023\/01\/1_babbel_net_keyvisual-2048x1147.jpg 2048w, https:\/\/smago.de\/ws2\/wp-content\/uploads\/2023\/01\/1_babbel_net_keyvisual-392x220.jpg 392w, https:\/\/smago.de\/ws2\/wp-content\/uploads\/2023\/01\/1_babbel_net_keyvisual-130x73.jpg 130w, https:\/\/smago.de\/ws2\/wp-content\/uploads\/2023\/01\/1_babbel_net_keyvisual-794x445.jpg 794w, https:\/\/smago.de\/ws2\/wp-content\/uploads\/2023\/01\/1_babbel_net_keyvisual-870x487.jpg 870w, https:\/\/smago.de\/ws2\/wp-content\/uploads\/2023\/01\/1_babbel_net_keyvisual-292x164.jpg 292w, https:\/\/smago.de\/ws2\/wp-content\/uploads\/2023\/01\/1_babbel_net_keyvisual-435x244.jpg 435w\" sizes=\"(max-width: 800px) 100vw, 800px\" \/><figcaption id=\"caption-attachment-194968\" class=\"wp-caption-text\"><em>\u00a9 SWR \/ Christian Koch<\/em><\/figcaption><\/figure>\n<\/div>\n<div><\/div>\n","protected":false},"excerpt":{"rendered":"<p>Neues SWR Format mit dem Kurpf\u00e4lzer Comedian +++ 6 Folgen ab 12.01.2023 in der ARD Mediathek und ab 13. Januar<\/p>\n","protected":false},"author":2,"featured_media":194968,"comment_status":"open","ping_status":"closed","sticky":false,"template":"","format":"standard","meta":{"_FSMCFIC_featured_image_caption":"","_FSMCFIC_featured_image_nocaption":"","_FSMCFIC_featured_image_hide":""},"categories":[3,128],"tags":[2333],"acf":[],"_links":{"self":[{"href":"https:\/\/smago.de\/ws2\/wp-json\/wp\/v2\/posts\/194967"}],"collection":[{"href":"https:\/\/smago.de\/ws2\/wp-json\/wp\/v2\/posts"}],"about":[{"href":"https:\/\/smago.de\/ws2\/wp-json\/wp\/v2\/types\/post"}],"author":[{"embeddable":true,"href":"https:\/\/smago.de\/ws2\/wp-json\/wp\/v2\/users\/2"}],"replies":[{"embeddable":true,"href":"https:\/\/smago.de\/ws2\/wp-json\/wp\/v2\/comments?post=194967"}],"version-history":[{"count":1,"href":"https:\/\/smago.de\/ws2\/wp-json\/wp\/v2\/posts\/194967\/revisions"}],"predecessor-version":[{"id":194969,"href":"https:\/\/smago.de\/ws2\/wp-json\/wp\/v2\/posts\/194967\/revisions\/194969"}],"wp:featuredmedia":[{"embeddable":true,"href":"https:\/\/smago.de\/ws2\/wp-json\/wp\/v2\/media\/194968"}],"wp:attachment":[{"href":"https:\/\/smago.de\/ws2\/wp-json\/wp\/v2\/media?parent=194967"}],"wp:term":[{"taxonomy":"category","embeddable":true,"href":"https:\/\/smago.de\/ws2\/wp-json\/wp\/v2\/categories?post=194967"},{"taxonomy":"post_tag","embeddable":true,"href":"https:\/\/smago.de\/ws2\/wp-json\/wp\/v2\/tags?post=194967"}],"curies":[{"name":"wp","href":"https:\/\/api.w.org\/{rel}","templated":true}]}}