{"id":194908,"date":"2023-01-11T00:00:53","date_gmt":"2023-01-10T23:00:53","guid":{"rendered":"https:\/\/smago.de\/ws2\/?p=194908"},"modified":"2023-01-10T23:35:50","modified_gmt":"2023-01-10T22:35:50","slug":"rolf-zuckowski-rolf-zuckowski-tritt-wieder-auf","status":"publish","type":"post","link":"https:\/\/smago.de\/ws2\/kinderprogramm\/rolf-zuckowski-rolf-zuckowski-tritt-wieder-auf\/","title":{"rendered":"ROLF ZUCKOWSKI <br>Rolf Zuckowski tritt wieder auf!"},"content":{"rendered":"<p>Und siehe da: Das &#8222;Elbkinderkonzert mit Rolf Zuckowski&#8220; am 06.05.2023 im Mitteldeutschen Theater (Marienkirche) in Dessau-Ro\u00dflau war im Nu ausverkauft!<br \/>\n<!--more--><\/p>\n<p>&nbsp;<\/p>\n<p>&nbsp;<\/p>\n<p style=\"text-align: justify;\"><em>Der 2003 gegr\u00fcndete Verein Elbkinderland e.V. hat seit seinem Bestehen viele Begegnungskonzerte entlang der Elbe ausgerichtet. Nach einer Pandemie-bedingten Pause, k\u00f6nnen nun wieder solche Konzert stattfinden. In Dessau hat sich das Bewusstsein f\u00fcr das \u201eElbkinderland\u201c und die Freundschaft zu anderen Ch\u00f6ren entlang der Elbe als besonderes best\u00e4ndig erwiesen. Darum haben wir uns sehr \u00fcber die Anfrage von Dieter Hallervorden gefreut, in seinem Mitteldeutschen Theater in der Marienkirche ein Begegnungskonzert mit Elbkindern durchzuf\u00fchren.<\/em><\/p>\n<p style=\"text-align: justify;\"><em>Rolf Zuckowski wird als Freund und Schirmherr des Vereins Elbkinderland singend und moderierend dabei sein und mit den Kindern ein abwechslungsreiches Programm f\u00fcr Gro\u00df und Klein auf die B\u00fchne bringen. Wir kn\u00fcpfen damit an einen H\u00f6hepunkt der Elbtour 2000 mit einem Konzert vor dem Kornhaus, einem Weihnachtskonzert 2018 im Hugo-Junkers-Saal sowie mehrer kleine Konzerte in Dessau an.<\/em><\/p>\n<p style=\"text-align: justify;\">\n<p style=\"text-align: justify;\">\n<strong>Der Vorverkauf f\u00fcr das &#8222;Elbkinderkonzert mit Rolf Zuckowski&#8220; im Mitteldeutschen Theater (in der Marienkirche) zu Dessau-Ro\u00dflau war kaum gestartet, da war das Gastspiel auch schon restlos ausverkauft (siehe <a href=\"https:\/\/www.mitteldeutsches-theater.de\/produktionen\/elbkinderkonzert-mit-rolf-zuckowski-.html?ID_Vorstellung=133\">HIER &#8230;:<\/a>) &#8230;<\/strong><\/p>\n<figure id=\"attachment_182694\" aria-describedby=\"caption-attachment-182694\" style=\"width: 800px\" class=\"wp-caption alignnone\"><img decoding=\"async\" loading=\"lazy\" class=\"size-large wp-image-182694\" src=\"https:\/\/smago.de\/ws2\/wp-content\/uploads\/2022\/05\/zuckowski_Michael-Philipp-Bader--800x450.jpg\" alt=\"\" width=\"800\" height=\"450\" srcset=\"https:\/\/smago.de\/ws2\/wp-content\/uploads\/2022\/05\/zuckowski_Michael-Philipp-Bader--800x450.jpg 800w, https:\/\/smago.de\/ws2\/wp-content\/uploads\/2022\/05\/zuckowski_Michael-Philipp-Bader--522x294.jpg 522w, https:\/\/smago.de\/ws2\/wp-content\/uploads\/2022\/05\/zuckowski_Michael-Philipp-Bader--267x150.jpg 267w, https:\/\/smago.de\/ws2\/wp-content\/uploads\/2022\/05\/zuckowski_Michael-Philipp-Bader--768x432.jpg 768w, https:\/\/smago.de\/ws2\/wp-content\/uploads\/2022\/05\/zuckowski_Michael-Philipp-Bader--392x220.jpg 392w, https:\/\/smago.de\/ws2\/wp-content\/uploads\/2022\/05\/zuckowski_Michael-Philipp-Bader--130x73.jpg 130w, https:\/\/smago.de\/ws2\/wp-content\/uploads\/2022\/05\/zuckowski_Michael-Philipp-Bader--791x445.jpg 791w, https:\/\/smago.de\/ws2\/wp-content\/uploads\/2022\/05\/zuckowski_Michael-Philipp-Bader--870x489.jpg 870w, https:\/\/smago.de\/ws2\/wp-content\/uploads\/2022\/05\/zuckowski_Michael-Philipp-Bader--292x164.jpg 292w, https:\/\/smago.de\/ws2\/wp-content\/uploads\/2022\/05\/zuckowski_Michael-Philipp-Bader--435x245.jpg 435w, https:\/\/smago.de\/ws2\/wp-content\/uploads\/2022\/05\/zuckowski_Michael-Philipp-Bader--895x503.jpg 895w, https:\/\/smago.de\/ws2\/wp-content\/uploads\/2022\/05\/zuckowski_Michael-Philipp-Bader-.jpg 1067w\" sizes=\"(max-width: 800px) 100vw, 800px\" \/><figcaption id=\"caption-attachment-182694\" class=\"wp-caption-text\"><em>Foto-Credit: Michael Philipp Bader<\/em><\/figcaption><\/figure>\n","protected":false},"excerpt":{"rendered":"<p>Und siehe da: Das &#8222;Elbkinderkonzert mit Rolf Zuckowski&#8220; am 06.05.2023 im Mitteldeutschen Theater (Marienkirche) in Dessau-Ro\u00dflau war im Nu ausverkauft!<\/p>\n","protected":false},"author":2,"featured_media":182694,"comment_status":"open","ping_status":"closed","sticky":false,"template":"","format":"standard","meta":{"_FSMCFIC_featured_image_caption":"","_FSMCFIC_featured_image_nocaption":"","_FSMCFIC_featured_image_hide":""},"categories":[20],"tags":[730],"acf":[],"_links":{"self":[{"href":"https:\/\/smago.de\/ws2\/wp-json\/wp\/v2\/posts\/194908"}],"collection":[{"href":"https:\/\/smago.de\/ws2\/wp-json\/wp\/v2\/posts"}],"about":[{"href":"https:\/\/smago.de\/ws2\/wp-json\/wp\/v2\/types\/post"}],"author":[{"embeddable":true,"href":"https:\/\/smago.de\/ws2\/wp-json\/wp\/v2\/users\/2"}],"replies":[{"embeddable":true,"href":"https:\/\/smago.de\/ws2\/wp-json\/wp\/v2\/comments?post=194908"}],"version-history":[{"count":1,"href":"https:\/\/smago.de\/ws2\/wp-json\/wp\/v2\/posts\/194908\/revisions"}],"predecessor-version":[{"id":194909,"href":"https:\/\/smago.de\/ws2\/wp-json\/wp\/v2\/posts\/194908\/revisions\/194909"}],"wp:featuredmedia":[{"embeddable":true,"href":"https:\/\/smago.de\/ws2\/wp-json\/wp\/v2\/media\/182694"}],"wp:attachment":[{"href":"https:\/\/smago.de\/ws2\/wp-json\/wp\/v2\/media?parent=194908"}],"wp:term":[{"taxonomy":"category","embeddable":true,"href":"https:\/\/smago.de\/ws2\/wp-json\/wp\/v2\/categories?post=194908"},{"taxonomy":"post_tag","embeddable":true,"href":"https:\/\/smago.de\/ws2\/wp-json\/wp\/v2\/tags?post=194908"}],"curies":[{"name":"wp","href":"https:\/\/api.w.org\/{rel}","templated":true}]}}