{"id":194756,"date":"2023-01-06T23:59:04","date_gmt":"2023-01-06T22:59:04","guid":{"rendered":"https:\/\/smago.de\/ws2\/?p=194756"},"modified":"2023-01-06T11:25:33","modified_gmt":"2023-01-06T10:25:33","slug":"max-giesinger-u-a-sa-07-01-2023-klein-gegen-gross-das-unglaubliche-duell","status":"publish","type":"post","link":"https:\/\/smago.de\/ws2\/pop\/max-giesinger-u-a-sa-07-01-2023-klein-gegen-gross-das-unglaubliche-duell\/","title":{"rendered":"MAX GIESINGER u.a. <br>Sa., 07.01.2023: &#8222;Klein gegen Gro\u00df &#8211; Das unglaubliche Duell&#8220;!"},"content":{"rendered":"<p>&#8222;Spiel und Spa\u00df mit Kai Pflaume&#8220; &#8212; Das Erste \/ ARD + ORF 1, 20:15 Uhr &#8211; 23:30 Uhr!<br \/>\n<!--more--><\/p>\n<p style=\"text-align: justify;\">Mit zehn spannenden und hei\u00df umk\u00e4mpften Duellen startet \u201eKlein gegen Gro\u00df &#8211; Das unglaubliche Duell\u201c mit Kai Pflaume ins Jahr 2023. Unter anderem gibt es ein Familienduell mit Fu\u00dfball-Weltmeister Bastian Schweinsteiger und seiner Frau Ana Ivanovic. Au\u00dferdem stellen sich Wimbledon-Siegerin Angelique Kerber, S\u00e4nger Max Giesinger und die Schauspieler Christoph Maria Herbst, Tobias Moretti, Diana Amft, Heino Ferch und Ludwig Trepte einem Duell.<\/p>\n<p style=\"text-align: justify;\">Was kommt dabei heraus, wenn man Tennisb\u00e4lle, ein Trapez, einen Fu\u00dfballweltmeister und zwei sportbegeisterte Kinder kombiniert? Richtig, ein spektakul\u00e4res \u201eKlein gegen Gro\u00df-Duell\u201c! Katharina (11) und Daniel (12) sind sich sicher, dass sie in 60 Sekunden mehr Tennisb\u00e4lle fangen k\u00f6nnen als Bastian Schweinsteiger und seine Frau Ana Ivanovic, die zum ersten Mal gemeinsam in einer Fernsehshow als Kandidaten antreten. Die ganz besondere Herausforderung im Duell: W\u00e4hrend ein Teampartner die B\u00e4lle zuspielt, h\u00e4ngt der andere kopf\u00fcber am Trapez.<\/p>\n<p style=\"text-align: justify;\">Auch beim Duell von Wimbledon-Siegerin Angelique Kerber spielen Tennisb\u00e4lle eine entscheidende Rolle. Das zw\u00f6lfj\u00e4hrige Tennistalent Karlotta aus Dortmund, immerhin U12 Vizemeisterin in NRW, fordert die ehemalige Nummer 1 der WTA-Weltrangliste im \u201cKlein gegen Gro\u00df\u201d-Studio zu einem \u201eVolley-Duell\u201c. In 90 Sekunden m\u00fcssen m\u00f6glichst viele von einer Ballmaschine zugespielte B\u00e4lle in das Trefferfeld an der T-Linie retourniert werden.<\/p>\n<p style=\"text-align: justify;\">Nur f\u00fcnf Sekunden hat Musiker Max Giesinger Zeit, um die Refrains deutscher Popsongs zu erkennen und den dazugeh\u00f6rigen Interpreten zu benennen. Schafft er dies nicht, gibt es leider keinen Punkt. Und er braucht dringend viele Punkte, um sich in seinem Duell gegen Theo durchzusetzen. Der Elfj\u00e4hrige ist begeisterter Schlagzeuger und kennt sich auch mit deutschen Popsongs bestens aus.<\/p>\n<p style=\"text-align: justify;\">Beim Balancier-Duell, zu dem die 13-j\u00e4hrige Finya gegen Heino Ferch antritt, gilt es, m\u00f6glichst schnell den Hochparcours auf einer Balancierrolle laufend zu bew\u00e4ltigen. Neben Mut braucht es daf\u00fcr gutes K\u00f6rpergef\u00fchl und einen ausgepr\u00e4gten Gleichgewichtssinn. Da wird es Heino Ferch zugutekommen, dass er in jungen Jahren f\u00fcr den Turn- und Sportverein Bremen 1860 in der Bundesliga geturnt hat.<\/p>\n<p style=\"text-align: justify;\">Tierisch wird es in den Duellen von Schauspieler Tobias Moretti und Tierfilmer Andreas Kieling. Der elfj\u00e4hrige Lauritz fordert Tobias Moretti zum Rinderrassen-Duell. Dabei muss anhand von Detailaufnahmen die richtige Kuhart benannt werden. Andreas Kieling und der achtj\u00e4hrige Camillo gehen in ihrem Zweikampf auf Spurensuche: Sie m\u00fcssen m\u00f6glichst viele Tiere an ihren Fu\u00df- oder Hufspuren erkennen.<\/p>\n<p style=\"text-align: justify;\">Genau hinschauen muss auch Christoph Maria Herbst bei seinem Aufeinandertreffen mit Antonia (12). Sie behauptet, dass sie Schauspielerinnen und Schauspieler nur an ihren Augen erkennt! Wird Christoph Maria Herbst bei \u201eKlein gegen Gro\u00df&#8220; den richtigen Blick f\u00fcr seine Schauspielkollegen haben?<\/p>\n<p style=\"text-align: justify;\">Diese und weitere Duelle kleiner Talente gegen gro\u00dfe K\u00f6nner gibt es bei \u201eKlein gegen Gro\u00df &#8211; Das unglaubliche Duell\u201c zu erleben. Die Sendung wird sowohl im Ersten als auch im ORF ausgestrahlt.<\/p>\n<p>&nbsp;<\/p>\n<p>&nbsp;<\/p>\n<p>&nbsp;<\/p>\n<figure id=\"attachment_194760\" aria-describedby=\"caption-attachment-194760\" style=\"width: 448px\" class=\"wp-caption alignnone\"><img decoding=\"async\" loading=\"lazy\" class=\"size-large wp-image-194760\" src=\"https:\/\/smago.de\/ws2\/wp-content\/uploads\/2023\/01\/18_Klein_gegen_Gross_PW0223-448x800.jpg\" alt=\"\" width=\"448\" height=\"800\" srcset=\"https:\/\/smago.de\/ws2\/wp-content\/uploads\/2023\/01\/18_Klein_gegen_Gross_PW0223-448x800.jpg 448w, https:\/\/smago.de\/ws2\/wp-content\/uploads\/2023\/01\/18_Klein_gegen_Gross_PW0223-292x522.jpg 292w, https:\/\/smago.de\/ws2\/wp-content\/uploads\/2023\/01\/18_Klein_gegen_Gross_PW0223-84x150.jpg 84w, https:\/\/smago.de\/ws2\/wp-content\/uploads\/2023\/01\/18_Klein_gegen_Gross_PW0223-768x1371.jpg 768w, https:\/\/smago.de\/ws2\/wp-content\/uploads\/2023\/01\/18_Klein_gegen_Gross_PW0223-860x1536.jpg 860w, https:\/\/smago.de\/ws2\/wp-content\/uploads\/2023\/01\/18_Klein_gegen_Gross_PW0223-1147x2048.jpg 1147w, https:\/\/smago.de\/ws2\/wp-content\/uploads\/2023\/01\/18_Klein_gegen_Gross_PW0223-152x272.jpg 152w, https:\/\/smago.de\/ws2\/wp-content\/uploads\/2023\/01\/18_Klein_gegen_Gross_PW0223-336x600.jpg 336w, https:\/\/smago.de\/ws2\/wp-content\/uploads\/2023\/01\/18_Klein_gegen_Gross_PW0223-73x130.jpg 73w, https:\/\/smago.de\/ws2\/wp-content\/uploads\/2023\/01\/18_Klein_gegen_Gross_PW0223-249x445.jpg 249w, https:\/\/smago.de\/ws2\/wp-content\/uploads\/2023\/01\/18_Klein_gegen_Gross_PW0223-106x190.jpg 106w, https:\/\/smago.de\/ws2\/wp-content\/uploads\/2023\/01\/18_Klein_gegen_Gross_PW0223-162x290.jpg 162w, https:\/\/smago.de\/ws2\/wp-content\/uploads\/2023\/01\/18_Klein_gegen_Gross_PW0223-scaled.jpg 1434w\" sizes=\"(max-width: 448px) 100vw, 448px\" \/><figcaption id=\"caption-attachment-194760\" class=\"wp-caption-text\"><em>v.l.n.r.: Kai Pflaume, Theo, Max Giesinger<\/em><\/p>\n<p><em>\u00a9 NDR \/ Thorsten Jander<\/em><\/figcaption><\/figure>\n","protected":false},"excerpt":{"rendered":"<p>&#8222;Spiel und Spa\u00df mit Kai Pflaume&#8220; &#8212; Das Erste \/ ARD + ORF 1, 20:15 Uhr &#8211; 23:30 Uhr!<\/p>\n","protected":false},"author":2,"featured_media":194758,"comment_status":"open","ping_status":"closed","sticky":false,"template":"","format":"standard","meta":{"_FSMCFIC_featured_image_caption":"","_FSMCFIC_featured_image_nocaption":"","_FSMCFIC_featured_image_hide":""},"categories":[27,128],"tags":[326],"acf":[],"_links":{"self":[{"href":"https:\/\/smago.de\/ws2\/wp-json\/wp\/v2\/posts\/194756"}],"collection":[{"href":"https:\/\/smago.de\/ws2\/wp-json\/wp\/v2\/posts"}],"about":[{"href":"https:\/\/smago.de\/ws2\/wp-json\/wp\/v2\/types\/post"}],"author":[{"embeddable":true,"href":"https:\/\/smago.de\/ws2\/wp-json\/wp\/v2\/users\/2"}],"replies":[{"embeddable":true,"href":"https:\/\/smago.de\/ws2\/wp-json\/wp\/v2\/comments?post=194756"}],"version-history":[{"count":3,"href":"https:\/\/smago.de\/ws2\/wp-json\/wp\/v2\/posts\/194756\/revisions"}],"predecessor-version":[{"id":194761,"href":"https:\/\/smago.de\/ws2\/wp-json\/wp\/v2\/posts\/194756\/revisions\/194761"}],"wp:featuredmedia":[{"embeddable":true,"href":"https:\/\/smago.de\/ws2\/wp-json\/wp\/v2\/media\/194758"}],"wp:attachment":[{"href":"https:\/\/smago.de\/ws2\/wp-json\/wp\/v2\/media?parent=194756"}],"wp:term":[{"taxonomy":"category","embeddable":true,"href":"https:\/\/smago.de\/ws2\/wp-json\/wp\/v2\/categories?post=194756"},{"taxonomy":"post_tag","embeddable":true,"href":"https:\/\/smago.de\/ws2\/wp-json\/wp\/v2\/tags?post=194756"}],"curies":[{"name":"wp","href":"https:\/\/api.w.org\/{rel}","templated":true}]}}