{"id":194552,"date":"2023-01-02T14:08:43","date_gmt":"2023-01-02T13:08:43","guid":{"rendered":"https:\/\/smago.de\/ws2\/?p=194552"},"modified":"2023-01-02T14:11:40","modified_gmt":"2023-01-02T13:11:40","slug":"daniela-alfinito-mit-dem-titel-was-soll-ich-tun-startet-sie-in-ihr-jahr-2023","status":"publish","type":"post","link":"https:\/\/smago.de\/ws2\/pop-schlager\/daniela-alfinito-mit-dem-titel-was-soll-ich-tun-startet-sie-in-ihr-jahr-2023\/","title":{"rendered":"DANIELA ALFINITO <br>Mit dem Titel &#8222;Was soll ich tun&#8220; startet sie in ihr Jahr 2023!"},"content":{"rendered":"<p>Ihr neues Album &#8222;Frei und grenzenlos&#8220; erscheint am Freitag, den 06.01.2023!<br \/>\n<!--more--><\/p>\n<p>&nbsp;<\/p>\n<p>&nbsp;<\/p>\n<p style=\"text-align: justify;\">\n<p style=\"text-align: justify;\">Die erste Single von DANIELA ALFINITO im neuen Jahr begleitet den Ver\u00f6ffentlichung ihres neuen Albums \u201eFrei und grenzenlos\u201c. \u201eWas soll ich tun\u201c stellt in Frage und liefert die Antwort gleich mit.<\/p>\n<p style=\"text-align: justify;\"><em>\u201eJeder hat seine Erinnerungen, Erlebnisse und Sehns\u00fcchte, die man mit Texten und der Stimmung einer Melodie verbindet.&#8220;<\/em>\u00a0Davon war auch Daniela Alfinito bei der Song-Auswahl nicht frei und hat sich von der Emotion leiten lassen. <em>\u201eUnsere Gef\u00fchle k\u00f6nnen dadurch so best\u00e4rkt werden, dass wir uns manchmal etwas trauen, dass wir Entscheidungen treffen, die wir uns sonst vielleicht gar nicht so zugetraut h\u00e4tten.\u201c<\/em> Daniela vertritt auch das Credo, dass Krisen zeigen, wer Charakter hat. <em>\u201eHier wird man im Positiven gefordert, neu zu denken. Jeder Mensch ist anders und hat dadurch eine andere Wahrnehmung und Denkweise. Wichtig ist, dass man sich gegenseitig Halt gibt. Ich bin mit mir selbst im Reinen &#8211; ich habe gelernt, mit beiden Beinen im Leben zu stehen und m\u00f6chte das auch mit meinen Songs r\u00fcberbringen, die aus dem Leben gegriffen sind &#8211; um diese Zuversicht und diesen Mut mit anderen zu teilen, die sich ebenfalls damit identifizieren k\u00f6nnen\u201c<\/em>, das ist eine St\u00e4rke der Hessin, die durch ihre Lieder ihr Herz sprechen l\u00e4sst und hofft, \u201e<em>dass ich nie aufh\u00f6ren werde zu tr\u00e4umen und mir neue Ziele zu setzen, an denen ich mich ausrichte \u2013 um auch f\u00fcr andere stark sein zu k\u00f6nnen.\u201c<br \/>\n<\/em><br \/>\nRatschl\u00e4ge h\u00f6rt sie sich gerne an, doch ob sie diese auch umsetzt, diese Entscheidung trifft sie f\u00fcr sich selbst: <em>\u201eWenn ich auch mal daneben liege, dann hab ich es halt gerade nicht besser gekonnt und mache es das n\u00e4chste Mal anders. Am Ziel ist man, wenn man mit sich selbst zufrieden ist.\u201c<br \/>\n<\/em><br \/>\nNach ihrem vierten Nummer 1-Chart-Einstieg in Deutschland mit der Album-CD \u201eL\u00f6wenmut\u201c gelang Daniela Alfinito zum dritten Mal in ihrer Karriere auch in \u00d6sterreich der Sprung auf die Peak Position.<\/p>\n<p style=\"text-align: justify;\">Mit \u201eFrei und grenzenlos\u201c ver\u00f6ffentlicht die sympathische S\u00e4ngerin jetzt ihre neue CD mit 14 packenden neuen Titeln plus einem Hitmix 2023. Zeitgleich gibt es wieder eine DVD &#8211; erg\u00e4nzend zur sehenswerten Clip-Kollektion mit einem TV-Special und einem sehr pers\u00f6nlichen Interview &#8211; \u201eFrei und grenzenlos\u201c ehrlich!<\/p>\n<p style=\"text-align: justify;\">\n<p style=\"text-align: justify;\">\n<p><img decoding=\"async\" loading=\"lazy\" class=\"alignnone size-full wp-image-189598\" src=\"https:\/\/smago.de\/ws2\/wp-content\/uploads\/2022\/09\/alfinito_frei.jpg\" alt=\"\" width=\"600\" height=\"594\" srcset=\"https:\/\/smago.de\/ws2\/wp-content\/uploads\/2022\/09\/alfinito_frei.jpg 600w, https:\/\/smago.de\/ws2\/wp-content\/uploads\/2022\/09\/alfinito_frei-522x517.jpg 522w, https:\/\/smago.de\/ws2\/wp-content\/uploads\/2022\/09\/alfinito_frei-152x150.jpg 152w, https:\/\/smago.de\/ws2\/wp-content\/uploads\/2022\/09\/alfinito_frei-275x272.jpg 275w, https:\/\/smago.de\/ws2\/wp-content\/uploads\/2022\/09\/alfinito_frei-130x130.jpg 130w, https:\/\/smago.de\/ws2\/wp-content\/uploads\/2022\/09\/alfinito_frei-449x445.jpg 449w, https:\/\/smago.de\/ws2\/wp-content\/uploads\/2022\/09\/alfinito_frei-527x522.jpg 527w, https:\/\/smago.de\/ws2\/wp-content\/uploads\/2022\/09\/alfinito_frei-192x190.jpg 192w, https:\/\/smago.de\/ws2\/wp-content\/uploads\/2022\/09\/alfinito_frei-293x290.jpg 293w\" sizes=\"(max-width: 600px) 100vw, 600px\" \/><\/p>\n<p>&nbsp;<\/p>\n","protected":false},"excerpt":{"rendered":"<p>Ihr neues Album &#8222;Frei und grenzenlos&#8220; erscheint am Freitag, den 06.01.2023!<\/p>\n","protected":false},"author":2,"featured_media":194553,"comment_status":"open","ping_status":"closed","sticky":false,"template":"","format":"standard","meta":{"_FSMCFIC_featured_image_caption":"","_FSMCFIC_featured_image_nocaption":"","_FSMCFIC_featured_image_hide":""},"categories":[28],"tags":[],"acf":[],"_links":{"self":[{"href":"https:\/\/smago.de\/ws2\/wp-json\/wp\/v2\/posts\/194552"}],"collection":[{"href":"https:\/\/smago.de\/ws2\/wp-json\/wp\/v2\/posts"}],"about":[{"href":"https:\/\/smago.de\/ws2\/wp-json\/wp\/v2\/types\/post"}],"author":[{"embeddable":true,"href":"https:\/\/smago.de\/ws2\/wp-json\/wp\/v2\/users\/2"}],"replies":[{"embeddable":true,"href":"https:\/\/smago.de\/ws2\/wp-json\/wp\/v2\/comments?post=194552"}],"version-history":[{"count":2,"href":"https:\/\/smago.de\/ws2\/wp-json\/wp\/v2\/posts\/194552\/revisions"}],"predecessor-version":[{"id":194555,"href":"https:\/\/smago.de\/ws2\/wp-json\/wp\/v2\/posts\/194552\/revisions\/194555"}],"wp:featuredmedia":[{"embeddable":true,"href":"https:\/\/smago.de\/ws2\/wp-json\/wp\/v2\/media\/194553"}],"wp:attachment":[{"href":"https:\/\/smago.de\/ws2\/wp-json\/wp\/v2\/media?parent=194552"}],"wp:term":[{"taxonomy":"category","embeddable":true,"href":"https:\/\/smago.de\/ws2\/wp-json\/wp\/v2\/categories?post=194552"},{"taxonomy":"post_tag","embeddable":true,"href":"https:\/\/smago.de\/ws2\/wp-json\/wp\/v2\/tags?post=194552"}],"curies":[{"name":"wp","href":"https:\/\/api.w.org\/{rel}","templated":true}]}}