{"id":193938,"date":"2022-12-19T00:00:46","date_gmt":"2022-12-18T23:00:46","guid":{"rendered":"https:\/\/smago.de\/ws2\/?p=193938"},"modified":"2022-12-18T23:37:40","modified_gmt":"2022-12-18T22:37:40","slug":"graham-bonney-goldjungs-olaf-henning-oli-p-sowie-reiner-meutsch-ein-highlight-des-jahres-die-legendaere-weihnachtsfeier-von-sonnenklar-tv","status":"publish","type":"post","link":"https:\/\/smago.de\/ws2\/oldies\/graham-bonney-goldjungs-olaf-henning-oli-p-sowie-reiner-meutsch-ein-highlight-des-jahres-die-legendaere-weihnachtsfeier-von-sonnenklar-tv\/","title":{"rendered":"GRAHAM BONNEY, GOLDJUNGS, OLAF HENNING, OLI.P sowie REINER MEUTSCH <br>Ein Highlight des Jahres: die legend\u00e4re Weihnachtsfeier von sonnenklar.TV &#8230;"},"content":{"rendered":"<p style=\"text-align: justify;\">&#8230; im Hotel Estrel Berlin am 16.12. + 17.12.2022!<br \/>\n<!--more--><\/p>\n<p style=\"text-align: justify;\">\n<p>Die Weihnachtsfeier von sonnenklar.TV ist mittlerweile ein absoluter Pflichttermin!<\/p>\n<p>Das absolute &#8222;Herzst\u00fcck&#8220; der 2-t\u00e4gigen Feier ist und bleibt die Benefiz-Veranstaltung von \u201aFly &amp; Help\u2018 mit Reiner Meutsch. In diesem Jahr stellten sich Graham Bonney, die Goldjungs, Olaf Henning und Oli.P in den Dienst der guten Sache.<\/p>\n<p>Und wenn Reiner Meutsch \u00fcber seine &#8222;Weltumrundung&#8220; berichtet, bleibt man f\u00f6rmlich an seinen Lippen kleben.<\/p>\n<p>Die Erfolgsbilanz von &#8222;Fly &amp; Help&#8220; sucht ihresgleichen. 2009 gegr\u00fcndet, konnten mittlerweile mehr als 34 Millionen Euro gesammelt werden, mit denen bislang 680 Schulen in 55 L\u00e4ndern gebaut werden konnten. &#8222;130.000 Kinder lernen lese und schreiben&#8220;. Die Mission von Reiner Meutsch: dass diese Kinder &#8222;ein selbstbestimmtes Leben f\u00fchren&#8220; k\u00f6nnen.<\/p>\n<p>Sinn und Zweck der diesj\u00e4hrigen Veranstaltung war es, quasi die 681. f\u00fcr 300 Kinder mit verschiedenen Klassenr\u00e4umen zu bauen.<\/p>\n<p style=\"text-align: justify;\">Reiner Meutsch berichtete, dass ein Vater mit 58 Jahren verstorben sei. &#8222;Der Mann ist nie gereist&#8220;. Er sei \u00fcber alle Ma\u00dfen dankbar, dass er &#8222;im Sinne meines Vaters das alles leben&#8220; d\u00fcrfe. Man kann Reiner Meutsch durchaus als einen &#8222;Weltenbummler&#8220; bezeichnen. Nur eben mit dem Unterschied, dass er nicht &#8222;bummelt&#8220;, sondern aktiv Tag f\u00fcr Tag dazu beitr\u00e4gt, die Welt ein bisschen besser zu machen.<\/p>\n<p>Zusammen mit seiner Tochter Jessina Kunkel f\u00fchrte er durch das Programm. Den Auftakt besorgten die Goldjungs, die von Jessina als &#8222;Die Stimmungsmacher aus Deutschland&#8220; angek\u00fcndigt wurden. Die Goldjungs vermischen den Sound der Neuen Deutschen Welle gekonnt mit 80&#8217;s Anleihen \u00e0 la The Human League mit Schlager(n). Und das \u00fcberaus gekonnt. Und was ihre Optik anbelangt, stellen sie sogar die Herren von NEON in den Schatten &#8230; Sie pr\u00e4sentierten ein tolles Best Of Programm aus ihrem Song-Repertoire. Sie seien \u00fcber Mickie Krause, der am 23.12.2022 bereits die 4. &#8222;Mickie Krause Schule&#8220; er\u00f6ffnen wird, auf &#8222;Fly &amp; Help&#8220; aufmerksam geworden.<\/p>\n<p>Reiner Meutsch betonte, dass seine Stiftung &#8222;Fly &amp; Help&#8220; ausschlie\u00dflich zum einem &#8222;Immer mit einem Dorf&#8220; und zum anderen ausschlie\u00dflich mit Hilfsorganisationen, sie seit mindestens zwanzig Jahren am Markt sind, zusammenarbeite. Hierbei wird gr\u00f6\u00dften Wert darauf gelegt, dass &#8222;immer mit dem Material des Landes&#8220; gearbeitet wird. &#8222;Fly &amp; Help&#8220; sei &#8222;eine der Vorzeige-Stiftungen Deutschlands&#8220;. Und die Schulen solle es auch noch in der zweiten und dritten Generation geben.<\/p>\n<p>Wann immer er eine neue Schule er\u00f6ffnen d\u00fcrfe, empfinde er &#8222;eine einmalige Gl\u00fcckseligkeit&#8220;. Es sei jedes Mal &#8222;ein unbeschreibliches Gef\u00fchl&#8220;. Und er beteuerte: &#8222;Jede Spende wird 1:1 f\u00fcr die Schule verwendet!&#8220;. Man k\u00f6nne viel erreichen. &#8222;Man muss einfach nur den Mund aufmachen!&#8220;<\/p>\n<p>Graham Bonney, der das Programm bereits mit dem eigens von ihm geschriebenen &#8222;Fly &amp; Help&#8220; Song er\u00f6ffnet hatte, l\u00e4sst sich von seiner Parkinson Erkrankung nicht unterkriegen! Er begann sein &#8222;Set&#8220; mit &#8222;Papa Joe&#8220; und erkl\u00e4rte: &#8222;Ich bin Deutscher. Ich bin einer von euch jetzt.&#8220;. (Hintergrund: Im Juli 2017 hatte er die deutsche Staatsangeh\u00f6rigkeit angenommen.) Mit Chuck Berry&#8217;s &#8222;Johnny B. Good&#8220; bewies er, dass er auch mit 79 Jahren noch rock&#8217;n&#8217;rollen kann, bevor die Zuschauerinnen und Zuschauer auf &#8222;Ein weihnachtliches Gartenfest&#8220; einlud.<\/p>\n<p>Auch der virtuelle Benefizchor &#8222;All Together Hand In Hand&#8220; unter der Leitung von Michael Brill unterst\u00fctzt das Anliegen von Reiner Meutschs &#8222;Fly &amp; Help&#8220; Stiftung. Und so waren aus nahezu allen Landesteilen (inkl. aus dem Elsass!) Mitglieder angereist, um f\u00fcr die gute Sache zu werben.<\/p>\n<p>Olaf Henning w\u00fcrdigte zun\u00e4chst das Event-Team von sonnenklar.TV. Die jungen Damen unterst\u00fctzten ihn dann prompt als &#8222;T\u00e4nzerinnen&#8220; zu seinem \u00dcber-Hit &#8222;Cowboy &amp; Indianer&#8220;. Es sei ihm ein Herzensanliegen, &#8222;die unfassbar sch\u00f6ne Sache &#8218;Fly &amp; Help'&#8220; von Anfang an zu unterst\u00fctzen, zumal Reiner Meutsch &#8222;einer der herzlichsten und ehrlichsten Menschen ist, die ich in meinem Leben kennengelernt habe&#8220;, wie er sinngem\u00e4\u00df sagte. Mit dem Song &#8222;Weihnachtsstern&#8220; verabschiedete er sich auch schon wieder. Jedoch nicht ohne noch mal gesagt zu haben: &#8222;Vielen herzlichen Dank, dass es euch gibt&#8220;. Demn\u00e4chst geht &#8218;der Henning&#8216; \u00fcbrigens auf Tour (&#8222;Olaf Henning &amp; Band&#8220;): &#8222;Da hab&#8216; ich richtig Spa\u00df daran&#8220;. Und da er gerade erst sein 25-j\u00e4hriges B\u00fchnenjubil\u00e4um gefeiert hat, spendete er spontan \u20ac 2.500 f\u00fcr &#8222;Fly &amp; Help&#8220; (&#8222;Ich mach morgen noch die \u00dcberweisung fertig&#8220;).<\/p>\n<p>Oli.P gab Jessina Kunkel zun\u00e4chst ein Interview, bevor es das Auditorium rockte. Er pr\u00e4sentierte die Titel &#8222;Flugzeuge im Bauch&#8220;, &#8222;Major Tom (&#8230; v\u00f6llig losgel\u00f6st)&#8220;, &#8222;1.001 Nacht&#8220; goes &#8222;Mr. Vain&#8220;, &#8222;Hey Freiheit (Aloha heja he)&#8220;, &#8222;So bist du&#8220; und &#8211; noch einmal &#8222;Flugzeuge im Bauch&#8220;.<\/p>\n<p style=\"text-align: justify;\">Am 17.12.2022 begr\u00fc\u00dften die sonnenklar.TV Moderatoren das vom gro\u00dfen Gala-B\u00fcffet erneut bestens gest\u00e4rkte Publikum, bevor gegen 20:30 Uhr die legend\u00e4re Doppelg\u00e4nger-Show &#8222;Stars In Concept&#8220; startete. Gegen 22:00 Uhr gab es dann auch noch einen gro\u00dfen Star-Auftritt von Mike Leon Grosch, bevor es an die Auslosung der gro\u00dfen Benefiz-Tombola zugunsten von Fly &amp; Help ging.<\/p>\n<p style=\"text-align: justify;\">\u201eReisen und sich dabei sozial engagieren \u2013 das haben unsere Fernsehzuschauer bereits in der Vergangenheit mehrmals getan. Deshalb bedanken wir uns bei ihnen mit einem glanzvollen, vorweihnachtlichen Gala-Wochenende, das mit Reiner Meutschs \u201aFly &amp; Help Show\u2018 er\u00f6ffnet wird und am Samstag darauf in die Verl\u00e4ngerung geht\u201c, hatte es sonnenklar.TV-Gesch\u00e4ftsf\u00fchrer Kristijan Schellinger bereits im Vorfeld der 2-t\u00e4gigen Weihnachtsfeier, zu der sich die Zuschauerinnen und Zuschauer zu einem mehr als fairen Preis-Leistungs-Verh\u00e4ltnis mit einbuchen konnten, auf den Punkt gebracht.<\/p>\n<p>&nbsp;<\/p>\n<p>&nbsp;<\/p>\n<figure id=\"attachment_193939\" aria-describedby=\"caption-attachment-193939\" style=\"width: 640px\" class=\"wp-caption alignnone\"><img decoding=\"async\" loading=\"lazy\" class=\"size-full wp-image-193939\" src=\"https:\/\/smago.de\/ws2\/wp-content\/uploads\/2022\/12\/sonnenklar_Weihnahts.jpg\" alt=\"\" width=\"640\" height=\"360\" srcset=\"https:\/\/smago.de\/ws2\/wp-content\/uploads\/2022\/12\/sonnenklar_Weihnahts.jpg 640w, https:\/\/smago.de\/ws2\/wp-content\/uploads\/2022\/12\/sonnenklar_Weihnahts-522x294.jpg 522w, https:\/\/smago.de\/ws2\/wp-content\/uploads\/2022\/12\/sonnenklar_Weihnahts-267x150.jpg 267w, https:\/\/smago.de\/ws2\/wp-content\/uploads\/2022\/12\/sonnenklar_Weihnahts-392x221.jpg 392w, https:\/\/smago.de\/ws2\/wp-content\/uploads\/2022\/12\/sonnenklar_Weihnahts-130x73.jpg 130w, https:\/\/smago.de\/ws2\/wp-content\/uploads\/2022\/12\/sonnenklar_Weihnahts-292x164.jpg 292w, https:\/\/smago.de\/ws2\/wp-content\/uploads\/2022\/12\/sonnenklar_Weihnahts-435x245.jpg 435w\" sizes=\"(max-width: 640px) 100vw, 640px\" \/><figcaption id=\"caption-attachment-193939\" class=\"wp-caption-text\"><em>Foto-Credit: sonnenklar.TV<\/em><\/figcaption><\/figure>\n","protected":false},"excerpt":{"rendered":"<p>&#8230; im Hotel Estrel Berlin am 16.12. + 17.12.2022!<\/p>\n","protected":false},"author":2,"featured_media":193939,"comment_status":"open","ping_status":"closed","sticky":false,"template":"","format":"standard","meta":{"_FSMCFIC_featured_image_caption":"","_FSMCFIC_featured_image_nocaption":"","_FSMCFIC_featured_image_hide":""},"categories":[24,26,28],"tags":[509],"acf":[],"_links":{"self":[{"href":"https:\/\/smago.de\/ws2\/wp-json\/wp\/v2\/posts\/193938"}],"collection":[{"href":"https:\/\/smago.de\/ws2\/wp-json\/wp\/v2\/posts"}],"about":[{"href":"https:\/\/smago.de\/ws2\/wp-json\/wp\/v2\/types\/post"}],"author":[{"embeddable":true,"href":"https:\/\/smago.de\/ws2\/wp-json\/wp\/v2\/users\/2"}],"replies":[{"embeddable":true,"href":"https:\/\/smago.de\/ws2\/wp-json\/wp\/v2\/comments?post=193938"}],"version-history":[{"count":1,"href":"https:\/\/smago.de\/ws2\/wp-json\/wp\/v2\/posts\/193938\/revisions"}],"predecessor-version":[{"id":193940,"href":"https:\/\/smago.de\/ws2\/wp-json\/wp\/v2\/posts\/193938\/revisions\/193940"}],"wp:featuredmedia":[{"embeddable":true,"href":"https:\/\/smago.de\/ws2\/wp-json\/wp\/v2\/media\/193939"}],"wp:attachment":[{"href":"https:\/\/smago.de\/ws2\/wp-json\/wp\/v2\/media?parent=193938"}],"wp:term":[{"taxonomy":"category","embeddable":true,"href":"https:\/\/smago.de\/ws2\/wp-json\/wp\/v2\/categories?post=193938"},{"taxonomy":"post_tag","embeddable":true,"href":"https:\/\/smago.de\/ws2\/wp-json\/wp\/v2\/tags?post=193938"}],"curies":[{"name":"wp","href":"https:\/\/api.w.org\/{rel}","templated":true}]}}