{"id":192850,"date":"2022-11-25T00:00:10","date_gmt":"2022-11-24T23:00:10","guid":{"rendered":"https:\/\/smago.de\/ws2\/?p=192850"},"modified":"2022-11-24T10:26:37","modified_gmt":"2022-11-24T09:26:37","slug":"sarah-connor-u-a-heute-25-11-2022-in-der-talk-show-3nach9-zu-gast","status":"publish","type":"post","link":"https:\/\/smago.de\/ws2\/pop\/sarah-connor-u-a-heute-25-11-2022-in-der-talk-show-3nach9-zu-gast\/","title":{"rendered":"SARAH CONNOR u.a. <br>Heute (25.11.2022) in der Talk-Show &#8222;3nach9&#8220; zu Gast!"},"content":{"rendered":"<p>NDR fernsehen + hr fernsehen, 22:00 Uhr &#8211; 00:10 Uhr! Moderation: Judith Rakers und Giovanni di Lorenzo!<br \/>\n<!--more--><\/p>\n<p>&nbsp;<\/p>\n<p>&nbsp;<\/p>\n<p>Judith Rakers und Giovanni di Lorenzo begr\u00fc\u00dfen folgende G\u00e4ste:<\/p>\n<p>&nbsp;<\/p>\n<p>&nbsp;<\/p>\n<ul>\n<li>Sky du Mont<\/li>\n<li>Ina J\u00e4ckel<\/li>\n<li>Sarah Connor<\/li>\n<li>Rudi V\u00f6ller<\/li>\n<li>Aurelia H\u00f6lzer<\/li>\n<li>Hannes Jaenicke<\/li>\n<li>Florian Sitzmann<\/li>\n<\/ul>\n<p>&nbsp;<\/p>\n<p>&nbsp;<\/p>\n<p style=\"text-align: justify;\">\n<p style=\"text-align: justify;\"><strong>Sky du Mont<\/strong><\/p>\n<p>&nbsp;<\/p>\n<p style=\"text-align: justify;\">Fr\u00fcher, so sagt er, habe er polarisiert, doch heute wissen die Leute, &#8222;dass ich nicht das A &#8230; bin, das sie zu sehen glaubten.&#8220; Der Schauspieler und Autor Sky du Mont ist nach 20 Jahren wieder in der Talkshow an der Weser zu Gast und erz\u00e4hlt aus seinem bewegten Leben. Geboren als Sohn eines deutsch-russischen Vaters und einer englischen Mutter wuchs er in Argentinien und Europa auf. Schon fr\u00fch entschloss er sich, nicht verlegerisch t\u00e4tig zu sein, wie es seine famili\u00e4re Herkunft vermuten l\u00e4sst, sondern Schauspieler zu werden. \u00dcber Wertsch\u00e4tzung der \u00e4lteren Generation gegen\u00fcber und die Vorz\u00fcge des \u00c4lterwerdens berichtet der 75-J\u00e4hrige bei &#8222;3nach9&#8220;.<\/p>\n<p>&nbsp;<\/p>\n<p>&nbsp;<\/p>\n<p>&nbsp;<\/p>\n<p>&nbsp;<\/p>\n<p style=\"text-align: justify;\"><strong>Ina J\u00e4ckel<\/strong><\/p>\n<p>&nbsp;<\/p>\n<p style=\"text-align: justify;\">Sie ist eine echte Ostfriesin und &#8222;durch und durch ein Seelsorgemensch&#8220;: die Pastorin Ina J\u00e4ckel. Gemeinsam mit ihrem Mann leitet sie die evangelische Kirchengemeinde im ostfriesischen Leer und k\u00fcmmert sich um die Belange ihrer Gemeindemitglieder. F\u00fcr die vierfache Mutter, die aus einem unkirchlichen Haus kommt und als kleines Kind nur Platt gesprochen hat, findet Kirchenarbeit auch au\u00dferhalb christlicher Gem\u00e4uer statt. Oft wird sie an der K\u00e4setheke um Rat gefragt oder liefert Denkanst\u00f6\u00dfe \u00fcber ihren Instagram- Kanal. Ina J\u00e4ckel m\u00f6chte weg von starren Strukturen. In ihrer neuen NDR Sendung &#8222;Dingenskirchen&#8220;, in Zusammenarbeit mit der evangelischen und katholischen Kirche, besch\u00e4ftigt sich die 38-j\u00e4hrige Pastorin mit den Alltagssorgen der Menschen im ganzen Norden. Bei &#8222;3nach9&#8220; sie Einblicke in das Leben zwischen Pfarramt und Gro\u00dffamilie.<\/p>\n<p>&nbsp;<\/p>\n<p>&nbsp;<\/p>\n<p>&nbsp;<\/p>\n<p>&nbsp;<\/p>\n<p style=\"text-align: justify;\"><strong>Sarah Connor<\/strong><\/p>\n<p>&nbsp;<\/p>\n<p style=\"text-align: justify;\">The Queen of Soul is back und stimmt auf die vielleicht sch\u00f6nste Zeit des Jahres ein! Sarah Connor liebt Weihnachtslieder und die Stimmung in der Adventszeit. Da liegt es nahe, dass die geb\u00fcrtige Delmenhorsterin nun ein Weihnachtsalbum ver\u00f6ffentlicht. Wer jetzt an &#8222;O Tannenbaum&#8220; und &#8222;Stille Nacht&#8220; denkt, irrt gewaltig. In englischer Sprache und mit eigenen Songs, die teilweise gar nicht so besinnlich daherkommen, zeigt die Vierfachmutter ihr beeindruckendes stimmliches Repertoire, nat\u00fcrlich auch auf der &#8222;3nach9&#8220;-B\u00fchne. Von den besonderen Weihnachtsbr\u00e4uchen im Hause Connor und ihren speziellen W\u00fcnschen berichtet sie am Freitag vor dem 1. Advent bei &#8222;3nach9&#8220;.<\/p>\n<p>&nbsp;<\/p>\n<p>&nbsp;<\/p>\n<p>&nbsp;<\/p>\n<p>&nbsp;<\/p>\n<p style=\"text-align: justify;\"><strong>Rudi V\u00f6ller<\/strong><\/p>\n<p>&nbsp;<\/p>\n<p style=\"text-align: justify;\">W\u00e4hrend in Katar gerade die Vorrunde der FIFIA Fu\u00dfball- Weltmeisterschaft 2022 l\u00e4uft, konzentriert sich &#8222;3nach9&#8220; auf einen Mann, der als Teamchef der deutschen Fu\u00dfballnationalmannschaft Vize-Weltmeister wurde und als Spieler selbst den goldenen Weltmeisterschaftspokal in die H\u00f6he halten durfte: Rudi V\u00f6ller. Ein gro\u00dfartiger Fu\u00dfballer, der w\u00e4hrend seiner aktiven Karriere mehr als 300 Tore schoss. In diesem Jahr hat er nach 45 Jahren im Profifu\u00dfball mit seinem R\u00fcckzug aus der Gesch\u00e4ftsf\u00fchrung von Bayer 04 Leverkusen aufgeh\u00f6rt. Neben den Vereinen Kickers Offenbach, TSV 1860 M\u00fcnchen, AS Rom, Olympique Marseille und Bayer 04 Leverkusen z\u00e4hlt besonders der SV Werder Bremen zu den wichtigen Stationen seiner Karriere. Deshalb kehrt der 62- J\u00e4hrige auch besonders gern an die Weser zur\u00fcck. &#8222;3nach9&#8220; freut sich sehr auf einen Sportler, dem eine ungebrochene Sympathie entgegengebracht wird.<\/p>\n<p>&nbsp;<\/p>\n<p>&nbsp;<\/p>\n<p>&nbsp;<\/p>\n<p style=\"text-align: justify;\"><strong>Aurelia H\u00f6lzer<\/strong><\/p>\n<p>&nbsp;<\/p>\n<p style=\"text-align: justify;\">Es ist Deutschlands s\u00fcdlichster Arbeitsplatz, die Neumayer- Station III in der Antarktis. Seit 2009 betreibt das Alfred- Wegener-Institut, Helmholtz-Zentrum f\u00fcr Polar- und Meeresforschung, dort eine Forschungsstation, in der ganzj\u00e4hrig Wissenschaftlerinnen und Wissenschaftler leben und arbeiten. Eine von ihnen ist die Not\u00e4rztin Dr. Aurelia H\u00f6lzer. Sie geh\u00f6rt zum aktuellen neunk\u00f6pfigen \u00dcberwinterungsteam der Station und ist bei einem medizinischen Notfall die Einzige, die helfen kann. Eine Evakuierung ist nicht m\u00f6glich. \u00dcber die Faszination und Gefahren vor Ort, ihre wissenschaftliche Arbeit und den Umgang mit extremer K\u00e4lte berichtet Aurelia H\u00f6lzer geschaltet aus der Antarktis bei &#8222;3nach9&#8220;.<\/p>\n<p>&nbsp;<\/p>\n<p>&nbsp;<\/p>\n<p>&nbsp;<\/p>\n<p>&nbsp;<\/p>\n<p style=\"text-align: justify;\"><strong>Hannes Jaenicke<\/strong><\/p>\n<p>&nbsp;<\/p>\n<p style=\"text-align: justify;\">Was bei ihm an den Weihnachtstagen auf den Tisch kommt? Das wird der Schauspieler Hannes Jaenicke bei &#8222;3nach9&#8220; gefragt. Denn schon seit vielen Jahren setzt sich der Umweltaktivist f\u00fcr einen verantwortungsvollen Umgang mit Nahrungsmitteln ein. Nicht nur in seinen Dokumentationen \u00fcber \u00fcberfischte Gew\u00e4sser und Masttierhaltung stellt der Deutschamerikaner fest: Wenn es um das Essen geht, werden die Konsumenten nach wie vor h\u00e4ufig schamlos belogen und betrogen. Der Schauspieler nennt das &#8222;eine gro\u00dfe Sauerei&#8220;. Wie unabh\u00e4ngig sind Ern\u00e4hrungswissenschaftler wirklich, welche Rolle spielen Lobbyisten der Lebensmittelindustrie und was sind die dreistesten Industrie- und Werbel\u00fcgen? Aufkl\u00e4rung gibt es, k\u00e4mpferisch wie eh und je, von Hannes Jaenicke.<\/p>\n<p>&nbsp;<\/p>\n<p>&nbsp;<\/p>\n<p>&nbsp;<\/p>\n<p>&nbsp;<\/p>\n<p style=\"text-align: justify;\"><strong>Florian Sitzmann<\/strong><\/p>\n<p>&nbsp;<\/p>\n<p style=\"text-align: justify;\">Das Leben von Florian Sitzmann ver\u00e4nderte sich durch einen dramatischen Motorradunfall von einer Minute zur n\u00e4chsten: Vor 30 Jahren unternahm er als Sozius mit einem Freund eine Motorradtour. Auf nasser Autobahn driftete das Motorrad ab, Florian Sitzmann fiel auf den Asphalt, ein 20-Tonner \u00fcberrollte ihn. Seitdem f\u00fchrt der einst 2,04 Meter gro\u00dfe Mann ein Leben ohne Beine. Doch er haderte nie, sondern sieht dies als eine zweite Chance, das ganz Gro\u00dfe anzupacken. Sitzmann wurde mehrfacher deutscher sowie Vizeweltmeister der Handbiker, nahm an den Paralympics teil, gr\u00fcndete eine Familie und schrieb B\u00fccher. Im Sommer dieses Jahres fuhr Florian Sitzmann f\u00fcr den guten Zweck mit dem Handbike 900 Kilometer quer durch Deutschland von Norden nach S\u00fcden. &#8222;3nach9&#8220; freut sich auf seinen Reisebericht.<\/p>\n<p>&nbsp;<\/p>\n<p>&nbsp;<\/p>\n<figure id=\"attachment_192851\" aria-describedby=\"caption-attachment-192851\" style=\"width: 800px\" class=\"wp-caption alignnone\"><img decoding=\"async\" loading=\"lazy\" class=\"size-large wp-image-192851\" src=\"https:\/\/smago.de\/ws2\/wp-content\/uploads\/2022\/11\/3_3nach9_Judith_Rakers_und_Giovanni_di_Lorenzo_2019-800x528.jpg\" alt=\"\" width=\"800\" height=\"528\" srcset=\"https:\/\/smago.de\/ws2\/wp-content\/uploads\/2022\/11\/3_3nach9_Judith_Rakers_und_Giovanni_di_Lorenzo_2019-800x528.jpg 800w, https:\/\/smago.de\/ws2\/wp-content\/uploads\/2022\/11\/3_3nach9_Judith_Rakers_und_Giovanni_di_Lorenzo_2019-522x345.jpg 522w, https:\/\/smago.de\/ws2\/wp-content\/uploads\/2022\/11\/3_3nach9_Judith_Rakers_und_Giovanni_di_Lorenzo_2019-227x150.jpg 227w, https:\/\/smago.de\/ws2\/wp-content\/uploads\/2022\/11\/3_3nach9_Judith_Rakers_und_Giovanni_di_Lorenzo_2019-768x507.jpg 768w, https:\/\/smago.de\/ws2\/wp-content\/uploads\/2022\/11\/3_3nach9_Judith_Rakers_und_Giovanni_di_Lorenzo_2019-1536x1014.jpg 1536w, https:\/\/smago.de\/ws2\/wp-content\/uploads\/2022\/11\/3_3nach9_Judith_Rakers_und_Giovanni_di_Lorenzo_2019-2048x1352.jpg 2048w, https:\/\/smago.de\/ws2\/wp-content\/uploads\/2022\/11\/3_3nach9_Judith_Rakers_und_Giovanni_di_Lorenzo_2019-392x259.jpg 392w, https:\/\/smago.de\/ws2\/wp-content\/uploads\/2022\/11\/3_3nach9_Judith_Rakers_und_Giovanni_di_Lorenzo_2019-130x86.jpg 130w, https:\/\/smago.de\/ws2\/wp-content\/uploads\/2022\/11\/3_3nach9_Judith_Rakers_und_Giovanni_di_Lorenzo_2019-674x445.jpg 674w, https:\/\/smago.de\/ws2\/wp-content\/uploads\/2022\/11\/3_3nach9_Judith_Rakers_und_Giovanni_di_Lorenzo_2019-791x522.jpg 791w, https:\/\/smago.de\/ws2\/wp-content\/uploads\/2022\/11\/3_3nach9_Judith_Rakers_und_Giovanni_di_Lorenzo_2019-288x190.jpg 288w, https:\/\/smago.de\/ws2\/wp-content\/uploads\/2022\/11\/3_3nach9_Judith_Rakers_und_Giovanni_di_Lorenzo_2019-435x287.jpg 435w, https:\/\/smago.de\/ws2\/wp-content\/uploads\/2022\/11\/3_3nach9_Judith_Rakers_und_Giovanni_di_Lorenzo_2019-150x100.jpg 150w\" sizes=\"(max-width: 800px) 100vw, 800px\" \/><figcaption id=\"caption-attachment-192851\" class=\"wp-caption-text\"><em>Foto-Credit: Radio Bremen \/ Matthias Hornung<\/em><\/figcaption><\/figure>\n","protected":false},"excerpt":{"rendered":"<p>NDR fernsehen + hr fernsehen, 22:00 Uhr &#8211; 00:10 Uhr! Moderation: Judith Rakers und Giovanni di Lorenzo!<\/p>\n","protected":false},"author":2,"featured_media":192851,"comment_status":"open","ping_status":"closed","sticky":false,"template":"","format":"standard","meta":{"_FSMCFIC_featured_image_caption":"","_FSMCFIC_featured_image_nocaption":"","_FSMCFIC_featured_image_hide":""},"categories":[27,128],"tags":[215],"acf":[],"_links":{"self":[{"href":"https:\/\/smago.de\/ws2\/wp-json\/wp\/v2\/posts\/192850"}],"collection":[{"href":"https:\/\/smago.de\/ws2\/wp-json\/wp\/v2\/posts"}],"about":[{"href":"https:\/\/smago.de\/ws2\/wp-json\/wp\/v2\/types\/post"}],"author":[{"embeddable":true,"href":"https:\/\/smago.de\/ws2\/wp-json\/wp\/v2\/users\/2"}],"replies":[{"embeddable":true,"href":"https:\/\/smago.de\/ws2\/wp-json\/wp\/v2\/comments?post=192850"}],"version-history":[{"count":1,"href":"https:\/\/smago.de\/ws2\/wp-json\/wp\/v2\/posts\/192850\/revisions"}],"predecessor-version":[{"id":192852,"href":"https:\/\/smago.de\/ws2\/wp-json\/wp\/v2\/posts\/192850\/revisions\/192852"}],"wp:featuredmedia":[{"embeddable":true,"href":"https:\/\/smago.de\/ws2\/wp-json\/wp\/v2\/media\/192851"}],"wp:attachment":[{"href":"https:\/\/smago.de\/ws2\/wp-json\/wp\/v2\/media?parent=192850"}],"wp:term":[{"taxonomy":"category","embeddable":true,"href":"https:\/\/smago.de\/ws2\/wp-json\/wp\/v2\/categories?post=192850"},{"taxonomy":"post_tag","embeddable":true,"href":"https:\/\/smago.de\/ws2\/wp-json\/wp\/v2\/tags?post=192850"}],"curies":[{"name":"wp","href":"https:\/\/api.w.org\/{rel}","templated":true}]}}