{"id":192768,"date":"2022-11-23T13:17:55","date_gmt":"2022-11-23T12:17:55","guid":{"rendered":"https:\/\/smago.de\/ws2\/?p=192768"},"modified":"2022-11-23T15:49:06","modified_gmt":"2022-11-23T14:49:06","slug":"sesamstrasse-50-jahre-sesamstrasse-programmhighlights-zum-jubilaeum","status":"publish","type":"post","link":"https:\/\/smago.de\/ws2\/kinderprogramm\/sesamstrasse-50-jahre-sesamstrasse-programmhighlights-zum-jubilaeum\/","title":{"rendered":"&#8222;SESAMSTRASSE&#8220; <br>50 Jahre Sesamstra\u00dfe \u2013 Programmhighlights zum Jubil\u00e4um!"},"content":{"rendered":"<p style=\"text-align: justify;\">Der Jubil\u00e4ums-Tag beginnt im Ersten mit einem <strong>\u201etagesthemen Special: 50 Jahre Sesamstra\u00dfe<\/strong>\u201c um 07:20 Uhr, moderiert von \u00a0Caren Miosga &#8230;:<br \/>\n<!--more--><\/p>\n<p>&nbsp;<\/p>\n<p>&nbsp;<\/p>\n<p style=\"text-align: justify;\">Die deutsche Sesamstra\u00dfe feiert am 8. Januar ihr Jubil\u00e4um mit Programm-Highlights im Ersten, bei KiKA, im NDR Fernsehen und in der ARD Mediathek. Auf den Tag genau vor 50 Jahren startete das erfolgreiche Kinderprogramm, das der NDR federf\u00fchrend produziert und das Generationen von Kindern pr\u00e4gte.<\/p>\n<p style=\"text-align: justify;\">Der Jubil\u00e4ums-Tag beginnt im Ersten mit einem <strong>\u201etagesthemen Special: 50 Jahre Sesamstra\u00dfe<\/strong>\u201c um 07.20 Uhr. Caren Miosga moderiert die Sondersendung. Gemeinsam mit Elmo, Wolle, Pferd berichtet sie von den Vorbereitungen der gro\u00dfen Jubil\u00e4umsfeier. Und das Kr\u00fcmelmonster spricht seinen ersten tagesthemen-Kommentar.<\/p>\n<p style=\"text-align: justify;\">\u201eTausend tolle Sachen!\u201c ist eine Hommage an die Sesamstra\u00dfe: Prominente Geburtstagsg\u00e4ste erinnern sich an ihre Kindheit mit der Sesamstra\u00dfe. Meltem Kaptan, Wotan Wilke M\u00f6hring, Bernhard Ho\u00ebcker, Lisa Feller, Ingo Zamperoni, Aline Abboud, Bl\u00fcmchen, Adel Tawil, B\u00fclent Ceylan und Lisa-Marie Koroll gehen auf Zeitreise. Sie kommentieren unvergessliche Momente aus 50 Jahren Sesamstra\u00dfe. \u201eTausend tolle Sachen!\u201c zeigt Fernsehsch\u00e4tze Jahrzehnt f\u00fcr Jahrzehnt \u2013 beginnend mit den 1970er Jahren. Zu sehen sind die f\u00fcnf 30-min\u00fctigen Folgen Online First in der ARD Mediathek ab 1. Januar und am Sonntag, 8. Januar von 7.30 Uhr an in Das Erste.<\/p>\n<p style=\"text-align: justify;\">KiKA feiert ab 17.35 Uhr \u201e<strong>50 Jahre Sesamstra\u00dfe: Die Geburtstagssendung\u201c. <\/strong>Ernie plant eine \u00dcberraschungsparty f\u00fcr Bert und spannt dabei seinen Freund schon in die Vorbereitungen viel st\u00e4rker ein, als dem lieb ist. In den weiteren Magazin-Spots dreht sich ebenfalls alles ums Feiern: Show-Moderator R\u00fcdiger begr\u00fc\u00dft die traurige Familie Kummer in seiner Spiel-Show \u201eFreude beginnt mit 50\u201c. In der Doku-Reihe \u201eDas kann ich schon selbst\u201c zeigt Leni, wie sie ihren sechsten Geburtstag mit vielen Freundinnen feiert und selbst \u201eWisch &amp; Mop\u201c sind in Partylaune \u2013 Konfetti und Trubel garantiert!<\/p>\n<p style=\"text-align: justify;\">Das <strong>NDR Kinderradio<\/strong> gratuliert der Sesamstra\u00dfe bei <strong>\u201eMikado am Sonntag\u201c<\/strong> mit vielen \u00dcberraschungen. Zu h\u00f6ren auf NDR Info von 8.04 Uhr bis 9 Uhr und in der ARD Audiothek.<\/p>\n<p style=\"text-align: justify;\">Und es wird getalkt! Die Schauspielerin <strong>Julia Stinshoff<\/strong> f\u00fchrt seit nunmehr zehn Jahren mit Elmo durch die Sesamstra\u00dfe. Am 5. Januar um 18.45 Uhr nimmt sie mit Monstern und Puppen Platz auf dem roten Sofa bei <strong>DAS!<\/strong> im NDR Fernsehen. In der <strong>NDR Talk Show<\/strong> am 13. Januar ab 22.30 Uhr sind Ernie und Bert zu Gast \u2013 nat\u00fcrlich nicht allein, sondern mit den <strong>Puppenspielern Carsten Haffke (Bert) und Martin Paas (Ernie).<\/strong><\/p>\n<p>&nbsp;<\/p>\n<p>&nbsp;<\/p>\n<p>&nbsp;<\/p>\n<p>&nbsp;<\/p>\n<p style=\"text-align: justify;\"><strong>Aktionstag im Museum f\u00fcr Kunst und Gewerbe Hamburg<\/strong><\/p>\n<p>&nbsp;<\/p>\n<p>&nbsp;<\/p>\n<p style=\"text-align: justify;\">Ein bunter Aktionstag rund um die Sesamstra\u00dfe findet am Sonntag, 8. Januar von 10 bis 18 Uhr im Museum f\u00fcr Kunst und Gewerbe Hamburg (MK&amp;G) statt. F\u00fcr Kinder gibt es kreative Mitmachangebote \u2013 sie k\u00f6nnen malen, basteln und kneten. Ernie und Bert sind dabei und beantworten Kindern und Erwachsenen ihre Fragen. Elmo l\u00e4dt ein zum \u201eMeet &amp; Greet\u201c. Im Podiumsgespr\u00e4ch \u201eBeing Samson\u201c erz\u00e4hlen die Puppenspieler Peter R\u00f6ders und Klaus Esch von der Herausforderung und ihren Erfahrungen den gro\u00dfen B\u00e4ren zu spielen.<\/p>\n<p style=\"text-align: justify;\">Der NDR kooperiert anl\u00e4sslich des Jubil\u00e4ums \u201e50 Jahre Sesamstra\u00dfe\u201c mit dem MK&amp;G. Der Aktionstag bietet einen Vorgeschmack auf die Sonderausstellung \u201eSesamstra\u00dfe. 50 Jahre Wer, Wie, Was!\u201c, die vom 7. Mai 2023 bis zum 7. Januar 2024 zu sehen und zu erleben ist. Im Fokus stehen dabei die Gestaltung und die handwerkliche Produktion der Sendung von den Anf\u00e4ngen bis heute.<\/p>\n<p>&nbsp;<\/p>\n<p>&nbsp;<\/p>\n<p style=\"text-align: justify;\"><em>Die Angebote der Sesamstra\u00dfe sind auf <a href=\"http:\/\/sesamstrasse.de\/\">sesamstrasse.de<\/a>, in der ARD Mediathek, auf <a href=\"http:\/\/kika.de\/\">kika.de<\/a> und auf <a href=\"http:\/\/kikaninchen.de\/\">kikaninchen.de<\/a>; in der\u00a0\u201eSesamstrasse\u201c-App, der KiKANiNCHEN-App sowie im KiKA-Player\u00a0jederzeit verf\u00fcgbar. Die Sesamstra\u00dfe ist wochentags um 7.45 Uhr\u00a0bei KiKA\u00a0zu sehen. Im NDR Fernsehen l\u00e4uft sie dienstags bis freitags um 6 Uhr. \u00a0<\/em><\/p>\n<p>&nbsp;<\/p>\n<p>&nbsp;<\/p>\n<figure id=\"attachment_192770\" aria-describedby=\"caption-attachment-192770\" style=\"width: 800px\" class=\"wp-caption alignnone\"><img decoding=\"async\" loading=\"lazy\" class=\"size-large wp-image-192770\" src=\"https:\/\/smago.de\/ws2\/wp-content\/uploads\/2022\/11\/2_50_Jahre_Sesamstrasse_Logo-800x381.jpg\" alt=\"\" width=\"800\" height=\"381\" srcset=\"https:\/\/smago.de\/ws2\/wp-content\/uploads\/2022\/11\/2_50_Jahre_Sesamstrasse_Logo-800x381.jpg 800w, https:\/\/smago.de\/ws2\/wp-content\/uploads\/2022\/11\/2_50_Jahre_Sesamstrasse_Logo-522x248.jpg 522w, https:\/\/smago.de\/ws2\/wp-content\/uploads\/2022\/11\/2_50_Jahre_Sesamstrasse_Logo-292x139.jpg 292w, https:\/\/smago.de\/ws2\/wp-content\/uploads\/2022\/11\/2_50_Jahre_Sesamstrasse_Logo-768x365.jpg 768w, https:\/\/smago.de\/ws2\/wp-content\/uploads\/2022\/11\/2_50_Jahre_Sesamstrasse_Logo-1536x731.jpg 1536w, https:\/\/smago.de\/ws2\/wp-content\/uploads\/2022\/11\/2_50_Jahre_Sesamstrasse_Logo-2048x974.jpg 2048w, https:\/\/smago.de\/ws2\/wp-content\/uploads\/2022\/11\/2_50_Jahre_Sesamstrasse_Logo-392x187.jpg 392w, https:\/\/smago.de\/ws2\/wp-content\/uploads\/2022\/11\/2_50_Jahre_Sesamstrasse_Logo-130x62.jpg 130w, https:\/\/smago.de\/ws2\/wp-content\/uploads\/2022\/11\/2_50_Jahre_Sesamstrasse_Logo-870x414.jpg 870w, https:\/\/smago.de\/ws2\/wp-content\/uploads\/2022\/11\/2_50_Jahre_Sesamstrasse_Logo-435x207.jpg 435w\" sizes=\"(max-width: 800px) 100vw, 800px\" \/><figcaption id=\"caption-attachment-192770\" class=\"wp-caption-text\"><em>Foto-Credit: NDR &#8211; Sesame Workshop<\/em><\/figcaption><\/figure>\n<p>&nbsp;<\/p>\n<p>&nbsp;<\/p>\n<p>&nbsp;<\/p>\n<figure id=\"attachment_192769\" aria-describedby=\"caption-attachment-192769\" style=\"width: 800px\" class=\"wp-caption alignnone\"><img decoding=\"async\" loading=\"lazy\" class=\"size-large wp-image-192769\" src=\"https:\/\/smago.de\/ws2\/wp-content\/uploads\/2022\/11\/1_50_Jahre_Sesamstrasse_Logo-800x448.jpg\" alt=\"\" width=\"800\" height=\"448\" srcset=\"https:\/\/smago.de\/ws2\/wp-content\/uploads\/2022\/11\/1_50_Jahre_Sesamstrasse_Logo-800x448.jpg 800w, https:\/\/smago.de\/ws2\/wp-content\/uploads\/2022\/11\/1_50_Jahre_Sesamstrasse_Logo-522x292.jpg 522w, https:\/\/smago.de\/ws2\/wp-content\/uploads\/2022\/11\/1_50_Jahre_Sesamstrasse_Logo-268x150.jpg 268w, https:\/\/smago.de\/ws2\/wp-content\/uploads\/2022\/11\/1_50_Jahre_Sesamstrasse_Logo-768x430.jpg 768w, https:\/\/smago.de\/ws2\/wp-content\/uploads\/2022\/11\/1_50_Jahre_Sesamstrasse_Logo-1536x860.jpg 1536w, https:\/\/smago.de\/ws2\/wp-content\/uploads\/2022\/11\/1_50_Jahre_Sesamstrasse_Logo-2048x1147.jpg 2048w, https:\/\/smago.de\/ws2\/wp-content\/uploads\/2022\/11\/1_50_Jahre_Sesamstrasse_Logo-392x220.jpg 392w, https:\/\/smago.de\/ws2\/wp-content\/uploads\/2022\/11\/1_50_Jahre_Sesamstrasse_Logo-130x73.jpg 130w, https:\/\/smago.de\/ws2\/wp-content\/uploads\/2022\/11\/1_50_Jahre_Sesamstrasse_Logo-794x445.jpg 794w, https:\/\/smago.de\/ws2\/wp-content\/uploads\/2022\/11\/1_50_Jahre_Sesamstrasse_Logo-870x487.jpg 870w, https:\/\/smago.de\/ws2\/wp-content\/uploads\/2022\/11\/1_50_Jahre_Sesamstrasse_Logo-292x164.jpg 292w, https:\/\/smago.de\/ws2\/wp-content\/uploads\/2022\/11\/1_50_Jahre_Sesamstrasse_Logo-435x244.jpg 435w\" sizes=\"(max-width: 800px) 100vw, 800px\" \/><figcaption id=\"caption-attachment-192769\" class=\"wp-caption-text\"><em>\u00a9 NDR &#8211; Sesame Workshop<\/em><\/figcaption><\/figure>\n<p>&nbsp;<\/p>\n<p>&nbsp;<\/p>\n<p>&nbsp;<\/p>\n<figure id=\"attachment_192798\" aria-describedby=\"caption-attachment-192798\" style=\"width: 800px\" class=\"wp-caption alignnone\"><img decoding=\"async\" loading=\"lazy\" class=\"size-large wp-image-192798\" src=\"https:\/\/smago.de\/ws2\/wp-content\/uploads\/2022\/11\/1_50_Jahre_deutsche_Sesamstrasse-800x448.jpg\" alt=\"\" width=\"800\" height=\"448\" srcset=\"https:\/\/smago.de\/ws2\/wp-content\/uploads\/2022\/11\/1_50_Jahre_deutsche_Sesamstrasse-800x448.jpg 800w, https:\/\/smago.de\/ws2\/wp-content\/uploads\/2022\/11\/1_50_Jahre_deutsche_Sesamstrasse-522x292.jpg 522w, https:\/\/smago.de\/ws2\/wp-content\/uploads\/2022\/11\/1_50_Jahre_deutsche_Sesamstrasse-268x150.jpg 268w, https:\/\/smago.de\/ws2\/wp-content\/uploads\/2022\/11\/1_50_Jahre_deutsche_Sesamstrasse-768x430.jpg 768w, https:\/\/smago.de\/ws2\/wp-content\/uploads\/2022\/11\/1_50_Jahre_deutsche_Sesamstrasse-1536x860.jpg 1536w, https:\/\/smago.de\/ws2\/wp-content\/uploads\/2022\/11\/1_50_Jahre_deutsche_Sesamstrasse-2048x1147.jpg 2048w, https:\/\/smago.de\/ws2\/wp-content\/uploads\/2022\/11\/1_50_Jahre_deutsche_Sesamstrasse-392x220.jpg 392w, https:\/\/smago.de\/ws2\/wp-content\/uploads\/2022\/11\/1_50_Jahre_deutsche_Sesamstrasse-130x73.jpg 130w, https:\/\/smago.de\/ws2\/wp-content\/uploads\/2022\/11\/1_50_Jahre_deutsche_Sesamstrasse-794x445.jpg 794w, https:\/\/smago.de\/ws2\/wp-content\/uploads\/2022\/11\/1_50_Jahre_deutsche_Sesamstrasse-870x487.jpg 870w, https:\/\/smago.de\/ws2\/wp-content\/uploads\/2022\/11\/1_50_Jahre_deutsche_Sesamstrasse-292x164.jpg 292w, https:\/\/smago.de\/ws2\/wp-content\/uploads\/2022\/11\/1_50_Jahre_deutsche_Sesamstrasse-435x244.jpg 435w\" sizes=\"(max-width: 800px) 100vw, 800px\" \/><figcaption id=\"caption-attachment-192798\" class=\"wp-caption-text\"><\/em> <em>Die Sesamstra\u00dfe feiert Geburtstag &#8211; v.l.n.r.: Kr\u00fcmel, die Schnecke Finchen, Elmo, Bert, Ernie, Pferd, Wolf, Wolle, Abby und Grobi<\/em><\/p>\n<p><em>\u00a9 NDR &#8211; Sesame Workshop<\/em><\/figcaption><\/figure>\n","protected":false},"excerpt":{"rendered":"<p>Der Jubil\u00e4ums-Tag beginnt im Ersten mit einem \u201etagesthemen Special: 50 Jahre Sesamstra\u00dfe\u201c um 07:20 Uhr, moderiert von \u00a0Caren Miosga &#8230;:<\/p>\n","protected":false},"author":2,"featured_media":192798,"comment_status":"open","ping_status":"closed","sticky":false,"template":"","format":"standard","meta":{"_FSMCFIC_featured_image_caption":"","_FSMCFIC_featured_image_nocaption":"","_FSMCFIC_featured_image_hide":""},"categories":[20,128],"tags":[222],"acf":[],"_links":{"self":[{"href":"https:\/\/smago.de\/ws2\/wp-json\/wp\/v2\/posts\/192768"}],"collection":[{"href":"https:\/\/smago.de\/ws2\/wp-json\/wp\/v2\/posts"}],"about":[{"href":"https:\/\/smago.de\/ws2\/wp-json\/wp\/v2\/types\/post"}],"author":[{"embeddable":true,"href":"https:\/\/smago.de\/ws2\/wp-json\/wp\/v2\/users\/2"}],"replies":[{"embeddable":true,"href":"https:\/\/smago.de\/ws2\/wp-json\/wp\/v2\/comments?post=192768"}],"version-history":[{"count":4,"href":"https:\/\/smago.de\/ws2\/wp-json\/wp\/v2\/posts\/192768\/revisions"}],"predecessor-version":[{"id":192800,"href":"https:\/\/smago.de\/ws2\/wp-json\/wp\/v2\/posts\/192768\/revisions\/192800"}],"wp:featuredmedia":[{"embeddable":true,"href":"https:\/\/smago.de\/ws2\/wp-json\/wp\/v2\/media\/192798"}],"wp:attachment":[{"href":"https:\/\/smago.de\/ws2\/wp-json\/wp\/v2\/media?parent=192768"}],"wp:term":[{"taxonomy":"category","embeddable":true,"href":"https:\/\/smago.de\/ws2\/wp-json\/wp\/v2\/categories?post=192768"},{"taxonomy":"post_tag","embeddable":true,"href":"https:\/\/smago.de\/ws2\/wp-json\/wp\/v2\/tags?post=192768"}],"curies":[{"name":"wp","href":"https:\/\/api.w.org\/{rel}","templated":true}]}}