{"id":192621,"date":"2022-11-22T00:00:27","date_gmt":"2022-11-21T23:00:27","guid":{"rendered":"https:\/\/smago.de\/ws2\/?p=192621"},"modified":"2022-11-23T00:47:15","modified_gmt":"2022-11-22T23:47:15","slug":"roland-kaiser-dieter-semmelmann-grandiose-laudatio-von-roland-kaiser-auf-seinen-lieben-freund-und-weggefaehrten-dieter-semmelmann","status":"publish","type":"post","link":"https:\/\/smago.de\/ws2\/schlager\/roland-kaiser-dieter-semmelmann-grandiose-laudatio-von-roland-kaiser-auf-seinen-lieben-freund-und-weggefaehrten-dieter-semmelmann\/","title":{"rendered":"ROLAND KAISER &#8211; DIETER SEMMELMANN <br>Hervorragende Laudatio von ROLAND KAISER auf seinen &#8222;lieben Freund und Weggef\u00e4hrten&#8220; DIETER SEMMELMANN!"},"content":{"rendered":"<p style=\"text-align: justify;\">Dieter Semmelmann (&#8222;Semmel Concerts&#8220;) wurde am 19.11.2022 im Rahmen einer festlichen Gala zum 33. Jubil\u00e4um der &#8222;Solidarfonds-Stiftung NRW&#8220; in der Kategorie &#8222;Live-Entertainment&#8220; mit einem Award ausgezeichnet!<br \/>\n<!--more--><\/p>\n<p>&nbsp;<\/p>\n<p>&nbsp;<\/p>\n<p>&nbsp;<\/p>\n<p style=\"text-align: justify;\">Stell&#8216; dir vor, du erh\u00e4ltst einen Award &#8211; und kein Geringerer als ROLAND KAISER h\u00e4lt die Laudatio auf dich. Dann KANNST du nur alles richtig gemacht haben in deinem Leben &#8230;<\/p>\n<p style=\"text-align: justify;\">Der legend\u00e4re Konzertveranstalter und &#8222;K\u00e4mpfer&#8220; f\u00fcr unsere gesamte Branche Dieter Semmelmann (&#8222;Semmel Concerts&#8220;) wurde am 19.11.2022 im Rahmen einer festlichen Gala zum 33. Jubil\u00e4um der &#8222;Solidarfonds-Stiftung NRW&#8220; in der Kategorie &#8222;Live-Entertainment&#8220; mit einem Award ausgezeichnet!<\/p>\n<p style=\"text-align: justify;\">Lesen Sie HIER die Laudatio von Roland Kaiser im Original-Wortlaut:<\/p>\n<p>&nbsp;<\/p>\n<p>&nbsp;<\/p>\n<p style=\"text-align: justify;\"><em>&#8222;Liebe Preistr\u00e4gerinnen und Preistr\u00e4ger, guten Abend, liebe Laudatoren, guten Abend, meine Damen und Herren.<\/em><\/p>\n<p style=\"text-align: justify;\"><em>Lieber DIETER SEMMELMANN, mein lieber Freund und Weggef\u00e4hrte,<\/em><\/p>\n<p style=\"text-align: justify;\"><em>als einer der gr\u00f6\u00dften und erfolgreichsten Konzertveranstalter Europas bist du bereits vielfach ausgezeichnet worden \u2013 v\u00f6llig zurecht. Denn in dieser Branche hast du mehr erreicht als die meisten deiner Mitbewerber. Heute Abend ehren wir dich f\u00fcr dein soziales Engagement. Denn dort bist du genauso unterwegs, und zwar ebenfalls erfolgreich \u2013 auch wenn du das nicht immer an die gro\u00dfe Glocke h\u00e4ngst.\u00a0<\/em><\/p>\n<p style=\"text-align: justify;\"><em>In deinen fantastischen Events, die du organisierst, erleben wir ein Feuerwerk, Scheinwerferlicht und gro\u00dfe Shows. Anders ist das bei deinem sozialen Engagement. Dort verzichtest du auf jeden Knalleffekt. Du tust Gutes um der Sache Willen und nicht, um daf\u00fcr bewundert zu werden. Im Focus steht f\u00fcr dich einzig und allein das Wohl derer, die unsere Hilfe ben\u00f6tigen. Du setzt dich f\u00fcr deine Mitmenschen ein, ohne dich selbst in Szene zu setzen.<\/em><\/p>\n<p style=\"text-align: justify;\"><em>So kenne und sch\u00e4tze ich dich seit langem als Mensch, als Freund und als Veranstalter. Denn auch deinen Beruf \u00fcbst du eher im Hintergrund aus. Du k\u00fcmmerst dich darum, dass es allen anderen gut geht \u2013 denen auf der B\u00fchne und denen vor der B\u00fchne. Du tust viel \u2013 immer mit Fingerspitzengef\u00fchl, Erfahrung und Energie. Vor allem aber mit einem gro\u00dfen Herzen.<\/em><\/p>\n<p style=\"text-align: justify;\"><em>Der erfolgreiche Gesch\u00e4ftsmann und der stille Wohlt\u00e4ter \u2013 diese beiden Seiten deiner Pers\u00f6nlichkeit k\u00f6nnen und m\u00fcssen wir nicht trennen, denn beides zeigt den DIETER SEMMELMANN so wie ich ihn seit mittlerweile 20 Jahre kennen \u2013 als einen Mann, der einen Blick hat f\u00fcr die Bed\u00fcrfnisse anderer Menschen, der niemanden allein l\u00e4sst, der zupackt, der organisiert, T\u00fcren \u00f6ffnet und Probleme l\u00f6st.\u00a0 Und das nicht nur f\u00fcr Stars wie MIREILLE MATHIEU, HANS ZIMMER, DIE KELLY FAMILY, JUSTIN BIBER oder CELINE DION, sondern auch f\u00fcr Menschen, die alles andere als im Rampenlicht stehen und die auf unsere Hilfe angewiesen sind.<\/em><\/p>\n<p style=\"text-align: justify;\"><em>Du unterst\u00fctzt mit Spendenaktionen und deiner \u00d6ffentlichkeitsarbeit zahlreiche Organisationen wie Kinderhospize, die Berliner Tafel, UNICEF und nat\u00fcrlich \u2013 und da bin ich sehr stolz drauf \u2013 auch die Solidarfondsstiftung NRW. Denn das Wohl von benachteiligten Kindern und Jugendlichen liegt dir genau wie uns am Herzen.<\/em><\/p>\n<p style=\"text-align: justify;\"><em>Um Hilfsprojekte wie die unserer Stiftung zu f\u00f6rdern, machst du auch eigene Mittel locker. Statt Kunden und Gesch\u00e4ftsfreunden zu Weihnachten die obligatorische Flasche Wein oder die Schachtel Pralinen zukommen zu lassen, spendest du lieber das Geld an gemeinn\u00fctzige Organisationen. \u00dcbrigens, DIETER, ich bekomme zu Weihnachten schon seit Jahren nichts mehr von dir geschenkt, wei\u00dft du das? Und damit machst du mir die gr\u00f6\u00dfte Freude \u2013 Dankesch\u00f6n daf\u00fcr!<\/em><\/p>\n<p style=\"text-align: justify;\"><em>Ich bewundere deine Energie, deine \u00dcberzeugungskraft und dein unerm\u00fcdliches Engagement. Unglaublich, dass ein einzelner Mensch so viel bewegen kann. Eigentlich m\u00fcsstest du nicht DIETER SEMMELMANN, sondern DIETER SUPERMANN hei\u00dfen, finde ich. Und eigentlich k\u00f6nnte die \u201eKaisermania\u201c \u201eDietermania\u201c hei\u00dfen. Es ist dein Konzept, du hast dir den Namen ausgedacht. Und es ist auch dein Verdienst, dass an der Elbe nicht einfach ROLAND-KAISER-Konzerte stattfinden, sondern Events, bei denen die ganze Stadt auf den Beinen ist und ausgelassen feiert. Ja- das Baby tr\u00e4gt schon meinen Namen, aber der leibliche Vater bist du.<\/em><\/p>\n<p style=\"text-align: justify;\"><em>Meine Aufgabe ist es, dann hinterher das Publikum auf h\u00f6chstem Niveau zu unterhalten, um alles andere k\u00fcmmerst du dich. Aber auch hier bel\u00e4sst du es nicht beim Entertainment, sondern du nutzt die gro\u00dfe B\u00fchne, um Gutes zu tun. Zum Beispiel laufen bei den Konzerten auf den Gro\u00dfbildleinw\u00e4nden Trailer, die auf unsere Stiftung hinweisen. Das ist wichtig, denn es schafft Aufmerksamkeit f\u00fcr Probleme, f\u00fcr Menschen, die in Problemen stecken, deren Sorgen wir sonst nicht l\u00f6sen k\u00f6nnen.<\/em><\/p>\n<p style=\"text-align: justify;\"><em>Aber du bel\u00e4sst es nicht bei der Publicity allein, denn von der kann man sich nichts kaufen. Du sorgst daf\u00fcr, dass Spenden flie\u00dfen. Wo VIPs und Freunde sonst gro\u00dfz\u00fcgig mit Freikarten bedacht werden, h\u00e4ltst du die Hand auf \u2013 nat\u00fcrlich v\u00f6llig selbstlos. Denn \u201eFreikarte\u201c bedeutet im Fall von KAISER-Konzerten \u2013 die Empf\u00e4nger sind so frei, pro Ticket 20 EUR spenden zu d\u00fcrfen. Auf diese Art und Weise tun unsere G\u00e4ste Gutes, w\u00e4hrend wir die G\u00e4ste gut unterhalten.<\/em><\/p>\n<p style=\"text-align: justify;\"><em>Lieber DIETER, wenn es um das Wohl deiner Mitmenschen geht, bist du immer sofort zur Stelle. Auf dein JA zur Hilfsbereitschaft k\u00f6nnen wir alle vertrauen. Und f\u00fcr dieses unbedingte JA verdienst du unseren Respekt. Heute Abend wird dich sicher niemand fragen: Warum hast du nicht NEIN gesagt?<\/em><\/p>\n<p style=\"text-align: justify;\"><em>Mit deinem JA zu den Menschen und deinem gro\u00dfen sozialen Engagement leistest du einen gro\u00dfen Beitrag dazu, die Solidarfondsstiftung darin zu unterst\u00fctzen, jungen Menschen in schwierigen Situationen zu helfen.<\/em><\/p>\n<p style=\"text-align: justify;\"><em>In Anerkennung deiner herausragenden sozialen Verdienste verleiht dir die Solidarfondsstiftung NRW den Solidarfonds-Award 2022 in der Kategorie Live-Entertainment.<\/em><\/p>\n<p>&nbsp;<\/p>\n<p style=\"text-align: justify;\"><em>Lieber DIETER, herzlichen Gl\u00fcckwunsch!&#8220;<\/em><\/p>\n<p>&nbsp;<\/p>\n<p>&nbsp;<\/p>\n<figure id=\"attachment_192760\" aria-describedby=\"caption-attachment-192760\" style=\"width: 800px\" class=\"wp-caption alignnone\"><img decoding=\"async\" loading=\"lazy\" class=\"size-large wp-image-192760\" src=\"https:\/\/smago.de\/ws2\/wp-content\/uploads\/2022\/11\/Roland_Kaiser_Dieter_Semmelmann-800x533.jpg\" alt=\"\" width=\"800\" height=\"533\" srcset=\"https:\/\/smago.de\/ws2\/wp-content\/uploads\/2022\/11\/Roland_Kaiser_Dieter_Semmelmann-800x533.jpg 800w, https:\/\/smago.de\/ws2\/wp-content\/uploads\/2022\/11\/Roland_Kaiser_Dieter_Semmelmann-522x348.jpg 522w, https:\/\/smago.de\/ws2\/wp-content\/uploads\/2022\/11\/Roland_Kaiser_Dieter_Semmelmann-225x150.jpg 225w, https:\/\/smago.de\/ws2\/wp-content\/uploads\/2022\/11\/Roland_Kaiser_Dieter_Semmelmann-768x512.jpg 768w, https:\/\/smago.de\/ws2\/wp-content\/uploads\/2022\/11\/Roland_Kaiser_Dieter_Semmelmann-392x261.jpg 392w, https:\/\/smago.de\/ws2\/wp-content\/uploads\/2022\/11\/Roland_Kaiser_Dieter_Semmelmann-130x87.jpg 130w, https:\/\/smago.de\/ws2\/wp-content\/uploads\/2022\/11\/Roland_Kaiser_Dieter_Semmelmann-668x445.jpg 668w, https:\/\/smago.de\/ws2\/wp-content\/uploads\/2022\/11\/Roland_Kaiser_Dieter_Semmelmann-783x522.jpg 783w, https:\/\/smago.de\/ws2\/wp-content\/uploads\/2022\/11\/Roland_Kaiser_Dieter_Semmelmann-285x190.jpg 285w, https:\/\/smago.de\/ws2\/wp-content\/uploads\/2022\/11\/Roland_Kaiser_Dieter_Semmelmann-435x290.jpg 435w, https:\/\/smago.de\/ws2\/wp-content\/uploads\/2022\/11\/Roland_Kaiser_Dieter_Semmelmann-150x100.jpg 150w, https:\/\/smago.de\/ws2\/wp-content\/uploads\/2022\/11\/Roland_Kaiser_Dieter_Semmelmann-370x247.jpg 370w, https:\/\/smago.de\/ws2\/wp-content\/uploads\/2022\/11\/Roland_Kaiser_Dieter_Semmelmann.jpg 1080w\" sizes=\"(max-width: 800px) 100vw, 800px\" \/><figcaption id=\"caption-attachment-192760\" class=\"wp-caption-text\"><em>Foto-Credit: <strong><a href=\"https:\/\/www.solidarfonds-nrw.de\/\">Solidarfonds-Stiftung NRW<\/a><\/strong><\/em><\/figcaption><\/figure>\n<p style=\"text-align: justify;\">\n","protected":false},"excerpt":{"rendered":"<p>Dieter Semmelmann (&#8222;Semmel Concerts&#8220;) wurde am 19.11.2022 im Rahmen einer festlichen Gala zum 33. Jubil\u00e4um der &#8222;Solidarfonds-Stiftung NRW&#8220; in der<\/p>\n","protected":false},"author":2,"featured_media":192760,"comment_status":"open","ping_status":"closed","sticky":false,"template":"","format":"standard","meta":{"_FSMCFIC_featured_image_caption":"","_FSMCFIC_featured_image_nocaption":"","_FSMCFIC_featured_image_hide":""},"categories":[29,39],"tags":[2684,207],"acf":[],"_links":{"self":[{"href":"https:\/\/smago.de\/ws2\/wp-json\/wp\/v2\/posts\/192621"}],"collection":[{"href":"https:\/\/smago.de\/ws2\/wp-json\/wp\/v2\/posts"}],"about":[{"href":"https:\/\/smago.de\/ws2\/wp-json\/wp\/v2\/types\/post"}],"author":[{"embeddable":true,"href":"https:\/\/smago.de\/ws2\/wp-json\/wp\/v2\/users\/2"}],"replies":[{"embeddable":true,"href":"https:\/\/smago.de\/ws2\/wp-json\/wp\/v2\/comments?post=192621"}],"version-history":[{"count":5,"href":"https:\/\/smago.de\/ws2\/wp-json\/wp\/v2\/posts\/192621\/revisions"}],"predecessor-version":[{"id":192762,"href":"https:\/\/smago.de\/ws2\/wp-json\/wp\/v2\/posts\/192621\/revisions\/192762"}],"wp:featuredmedia":[{"embeddable":true,"href":"https:\/\/smago.de\/ws2\/wp-json\/wp\/v2\/media\/192760"}],"wp:attachment":[{"href":"https:\/\/smago.de\/ws2\/wp-json\/wp\/v2\/media?parent=192621"}],"wp:term":[{"taxonomy":"category","embeddable":true,"href":"https:\/\/smago.de\/ws2\/wp-json\/wp\/v2\/categories?post=192621"},{"taxonomy":"post_tag","embeddable":true,"href":"https:\/\/smago.de\/ws2\/wp-json\/wp\/v2\/tags?post=192621"}],"curies":[{"name":"wp","href":"https:\/\/api.w.org\/{rel}","templated":true}]}}