{"id":192048,"date":"2022-11-11T15:39:22","date_gmt":"2022-11-11T14:39:22","guid":{"rendered":"https:\/\/smago.de\/ws2\/?p=192048"},"modified":"2022-11-11T15:41:29","modified_gmt":"2022-11-11T14:41:29","slug":"vader-abraham-pierre-kartner-vader-abraham-ist-tot","status":"publish","type":"post","link":"https:\/\/smago.de\/ws2\/schlager\/vader-abraham-pierre-kartner-vader-abraham-ist-tot\/","title":{"rendered":"VADER ABRAHAM ((PIERRE KARTNER)) <br>Vader Abraham ist tot!"},"content":{"rendered":"<p>Er wurde 87 Jahre alt!<br \/>\n<!--more--><\/p>\n<p>&nbsp;<\/p>\n<p>&nbsp;<\/p>\n<p>&nbsp;<\/p>\n<p>PIERRE KARTNER, besser bekannt als VADER ABRAHAM, ist tot.<\/p>\n<p>Wie seine Familie mitteilt, ist er am Dienstag (08.11.2022) im Alter von 87 Jahren verstorben.<\/p>\n<p>&nbsp;<\/p>\n<p>&nbsp;<\/p>\n<p>***<\/p>\n<div style=\"text-align: justify;\">\n<p>&nbsp;<\/p>\n<\/div>\n<div style=\"text-align: justify;\">\n<p>Petrus Antonius Laurentius Kartner (* 11. April 1935 in Elst, heute zu Overbetuwe; \u2020 8. November 2022) war ein niederl\u00e4ndischer S\u00e4nger, Komponist, Texter und Produzent. Er schuf unter anderem die B\u00fchnenfigur des <em>Vader Abraham<\/em> und wurde schlie\u00dflich auch in Deutschland durch &#8222;Das Lied der Schl\u00fcmpfe&#8220; von 1977 bekannt.<\/p>\n<\/div>\n<div style=\"text-align: justify;\">Pierre Kartner hat allerdings auch unter anderem Namen bzw. in anderen Formationen Lieder komponiert, ver\u00f6ffentlicht und dargeboten. Zu seinen erfolgreichsten Hits geh\u00f6rt &#8222;In \u2019t kleine caf\u00e9 aan de haven&#8220; (\u201eDie kleine Kneipe\u201c bzw. \u201eDas kleine Beisl\u201c).<\/div>\n<div style=\"text-align: justify;\"><\/div>\n<div style=\"text-align: justify;\"><\/div>\n<div><\/div>\n<div><\/div>\n<div style=\"text-align: justify;\"><\/div>\n<div style=\"text-align: justify;\"><strong>Leben<\/strong><\/div>\n<div style=\"text-align: justify;\"><\/div>\n<div style=\"text-align: justify;\"><\/div>\n<div style=\"text-align: justify;\">\n<p>Pierre Kartner wurde auf dem Bahnhof Elst als Sohn des Bahnhofsvorstehers geboren. Er wuchs mit zwei Br\u00fcdern und einer Schwester auf. Mit acht Jahren nahm er an einem Gesangswettbewerb teil und gewann den ersten Preis. Er brachte sich selbst das Gitarrenspiel bei und lernte auch Klavier und E-Bass.<\/p>\n<\/div>\n<div style=\"text-align: justify;\">\n<p>Nach der Schule machte Kartner zun\u00e4chst eine Ausbildung zum Konditor, dann kam er zum Milit\u00e4r.<\/p>\n<p>Zusammen mit Jan van Toren und Jaap Goed\u00e8l gr\u00fcndete er ein Trio mit dem Namen \u201eThe Headlines\u201c, sp\u00e4ter \u201eThe Lettersets\u201c. Die Texte der Gruppe schrieb Kartner meist selbst. Die Gruppe konnte bald die ersten Schallplatten aufnehmen und absolvierte einige Fernsehauftritte. Dennoch trennte sich die Gruppe bald wieder.<\/p>\n<\/div>\n<p>&nbsp;<\/p>\n<p>&nbsp;<\/p>\n<p>&nbsp;<\/p>\n<p>&nbsp;<\/p>\n<div style=\"text-align: justify;\">\n<p><strong>Musikalische Karriere<\/strong><\/p>\n<p>&nbsp;<\/p>\n<p>Nach seiner Heirat f\u00fchrte Kartner mit seiner Frau einen Imbissstand, bevor sie nach Antwerpen zogen, wo Kartner in einer S\u00fc\u00dfwarenfabrik arbeitete. Nach einem erneuten Umzug nach Lichtaart betrieb die Familie ebenfalls einen Imbissstand und eine Tankstelle. Da Kartner auch bei einer Schallplattenfirma arbeiten konnte, hatte er schlie\u00dflich die M\u00f6glichkeit, sein erstes Solo-Album Pierre: &#8222;Ik wil nog even met je praten&#8220; (\u201ePierre: Ich will noch eben mit dir reden\u201c) zu ver\u00f6ffentlichen. Dabei nannte er sich nur \u201ePierre\u201c. Das Album wurde aber kein Erfolg. Auch die weiteren Ver\u00f6ffentlichungen konnten sich nicht durchsetzen, so dass die Familie 1967 wieder in die Niederlande, in die Stadt Breda, umzog, wo sie von Gelegenheitsjobs lebte. Anfang der Siebzigerjahre moderierte Pierre Kartner Sendungen bei dem Piratensender Radio Veronica.<\/p>\n<\/div>\n<div style=\"text-align: justify;\">Dann stellten sich erste Erfolge als S\u00e4nger ein. Die Ver\u00f6ffentlichung des Titels &#8222;Bij Lily Marleen kijk je zomaar door haar kanten bloesje heen&#8220; (\u201eBei Lily Marleen schaut man einfach durch ihre Spitzenbluse hindurch\u201c) unter dem Namen \u201eLord Wanhoop\u201c brachte Kartner den Durchbruch. Danach arbeitete er als Produzent verschiedener S\u00e4nger und ver\u00f6ffentlichte allein oder mit anderen unter verschiedenen Namen (zum Beispiel \u201ePierre Kartner\u201c, \u201eRood-Wit-Blauw Trio\u201c, \u201eDe Aardmannetjes\u201c, \u201eLos Vastos\u201c, \u201ePierre &amp; zijn Pietjes\u201c, \u201eNol en Marie\u201c und \u201eDe Uilen\u201c, \u201eDuo X\u201c) mehrere Singles, von denen die mit dem \u201eDuo X\u201c sehr erfolgreich waren.<\/div>\n<div style=\"text-align: justify;\">\n<p>F\u00fcr eine Karnevals-Nummer schrieb Kartner den Titel &#8222;Vader Abraham had zeven zonen&#8220; (\u201eVater Abraham hatte sieben S\u00f6hne\u201c). Da sich kein Interpret f\u00fcr dieses Lied fand, sang Kartner das Lied schlie\u00dflich selbst. Dabei sollte er sich so verkleiden wie die biblische Figur Abraham. Dieser Auftritt brachte Erfolg. Vader Abraham ver\u00f6ffentlichte fortan zahlreiche Titel unter dem neuen Pseudonym. So sang er 1971 mit dem 13-j\u00e4hrigen Kinderstar Wilma Landkroon das Duett &#8222;Zou het erg zijn&#8220; (\u201eW\u00e4re es schlimm?\u201c, sp\u00e4ter als &#8222;Was wird sein, fragt der Schlumpf&#8220; bekannt), das sehr erfolgreich wurde (Platz 1 der niederl\u00e4ndischen Charts). Als Background-Stimme wirkte Kartner auch bei Landkroons Anti-Kriegslied &#8222;Ik heb een vraag&#8220; (\u201eIch habe eine Frage\u201c) sowie bei ihrem Hit &#8222;Geloof, hoop en liefde&#8220; (\u201eGlaube, Hoffnung und Liebe\u201c) mit.<\/p>\n<\/div>\n<div style=\"text-align: justify;\">Dann machte sich Pierre Kartner vor allem aber auch als Texter, Komponist und Produzent einen Namen. Er schrieb den niederl\u00e4ndischen Beitrag zum Eurovision Song Contest 1973. &#8222;De oude muziekant&#8220; (\u201eDer alte Musikant\u201c), gesungen von Ben Cramer, belegte Platz 14. 1976 hatte er seinen internationalen Durchbruch. Sein Lied &#8222;In \u2019t kleine caf\u00e9 aan de haven&#8220; (\u201eIn dem kleinen Caf\u00e9 am Hafen\u201c) wurde mit ihm als S\u00e4nger ein gro\u00dfer Erfolg in den Niederlanden. Die deutsche Aufnahme, getextet von Michael Kunze, &#8222;Die kleine Kneipe&#8220;, wurde Peter Alexanders gr\u00f6\u00dfter Erfolg. In franz\u00f6sischer Sprache wurde das Lied von Joe Dassin und Mireille Mathieu aufgenommen, wobei die Version von Joe Dassin in Frankreich, Kanada, Neuseeland und Australien ein Nr.-1-Hit wurde. Davey Arthur and the Fureys nahmen das Lied in englischer Sprache auf. Heute gibt es fast 200 Aufnahmen dieses Liedes.<\/div>\n<div style=\"text-align: justify;\">\n<p>1977 komponierte und ver\u00f6ffentlichte Kartner &#8222;\u2019t Smurfenlied&#8220; (\u201eDas Lied der Schl\u00fcmpfe\u201c), bei dem er alle Texte selbst eingesungen hatte und sie anschlie\u00dfend in unterschiedlichen Geschwindigkeiten einmischte. Dadurch entstand der Effekt einer Interaktion zwischen ihm selbst als Frontmann und einem Chor der Schl\u00fcmpfe. Dieses Lied wurde 1978 zum gr\u00f6\u00dften Erfolg als S\u00e4nger f\u00fcr Vader Abraham. Er belegte damit sechsmal den ersten Platz in der ZDF-Hitparade. Auch der Nachfolgetitel &#8222;Was wird sein, fragt der Schlumpf&#8220; kam auf die vorderen Pl\u00e4tze. In der disco mit Ilja Richter war er mit den Titeln &#8222;Bier, Bier, Schl\u00fcmpfe, Bier&#8220; (1980) und &#8222;Willi, Willi&#8220; (1981) vertreten.<\/p>\n<\/div>\n<div style=\"text-align: justify;\">Auch die im Folgenden ver\u00f6ffentlichte Langspielplatte &#8222;In Smurfenland&#8220; (\u201eIm Land der Schl\u00fcmpfe\u201c) verkaufte sich sehr gut. Vader Abraham spielte \u201eDas Lied der Schl\u00fcmpfe\u201c neben Niederl\u00e4ndisch auch auf Deutsch, Franz\u00f6sisch, Englisch und Spanisch ein. Das Lied wurde mehrfach mit Goldenen Schallplatten ausgezeichnet. In Skandinavien erschienen CoverVersionen und in zahlreichen L\u00e4ndern auf der ganzen Welt wurde &#8222;Das Lied der Schl\u00fcmpfe&#8220; ein Hit. Vader Abraham gab danach Konzerte auf der ganzen Welt. Einen seiner gr\u00f6\u00dften Auftritte hatte er in Mexiko.<\/div>\n<div style=\"text-align: justify;\"><\/div>\n<div style=\"text-align: justify;\">Auch in den 1980er und 1990er Jahren war Vader Abraham weiterhin als Texter, Komponist und Produzent erfolgreich. Zuletzt schrieb er meist f\u00fcr andere K\u00fcnstler, arbeitete aber auch weiterhin als S\u00e4nger.<\/div>\n<div style=\"text-align: justify;\">\n<p>Als Autor schrieb Kartner unter anderem Titel f\u00fcr folgende K\u00fcnstler: Ireen Sheer (&#8222;Heut Qbend hab ich Kopfweh&#8220;), Nana Mouskouri (&#8222;Drau\u00dfen vor der T\u00fcr&#8220;), Elfi Graf (&#8222;Am sch\u00f6nsten ist es zu Hause&#8220;), Heino (&#8222;Mary Rose&#8220;, &#8222;So\u2019n alter Schunkelwalzer&#8220;), Peter Orloff (&#8222;Zwischen Kirche und Kneipe&#8220;). Einen gro\u00dfen Erfolg hatte auch Eberhard Hertel mit dem Lied &#8222;Kleine Fische werden gro\u00df&#8220;.<\/p>\n<\/div>\n<div style=\"text-align: justify;\">\n<p>F\u00fcr die finnisch-japanische Zeichentrickserie &#8222;Mumins&#8220; von 1990, deren 52 Folgen in Deutschland vom ZDF gezeigt wurden, schrieb Vader Abraham das Titellied.<\/p>\n<\/div>\n<div style=\"text-align: justify;\">\n<p>2006 erschien eine Neufassung &#8222;Das Lied der Schl\u00fcmpfe 2006&#8220; unter dem Namen \u201eVader Abraham feat. Attention-X\u201c. Es konnte sich jedoch nicht in den Charts platzieren.<\/p>\n<\/div>\n<div style=\"text-align: justify;\">\n<p>F\u00fcr den Eurovision Song Contest 2010 schrieb er den niederl\u00e4ndischen Beitrag &#8222;Ik ben verliefd (Sha-la-lie)&#8220;, der von Sieneke interpretiert wurde und von Sebastian Charelle in deutscher Sprache gesungen wurde.<\/p>\n<\/div>\n<div style=\"text-align: justify;\">Kartner starb am 8. November 2022.<\/div>\n<div><\/div>\n<div>\n<p>Er war verheiratet und hat einen Sohn.<\/p>\n<\/div>\n<div><\/div>\n<div><\/div>\n<div><strong>Ehrungen<\/strong><\/div>\n<div><\/div>\n<div><\/div>\n<div><\/div>\n<div>\n<p>Kartner erhielt 128 Goldene Schallplatten als Komponist und 129 Goldene und Platin-Schallplatten mit seinen Schl\u00fcmpfen.<\/p>\n<\/div>\n<div>In Deutschland erhielt er ferner 1978 den &#8222;Bronzenen L\u00f6wen&#8220; von Radio Luxemburg und 1979 die &#8222;Goldene Europa&#8220;.<\/div>\n","protected":false},"excerpt":{"rendered":"<p>Er wurde 87 Jahre alt!<\/p>\n","protected":false},"author":2,"featured_media":141616,"comment_status":"open","ping_status":"closed","sticky":false,"template":"","format":"standard","meta":{"_FSMCFIC_featured_image_caption":"","_FSMCFIC_featured_image_nocaption":"","_FSMCFIC_featured_image_hide":""},"categories":[29,39],"tags":[1824],"acf":[],"_links":{"self":[{"href":"https:\/\/smago.de\/ws2\/wp-json\/wp\/v2\/posts\/192048"}],"collection":[{"href":"https:\/\/smago.de\/ws2\/wp-json\/wp\/v2\/posts"}],"about":[{"href":"https:\/\/smago.de\/ws2\/wp-json\/wp\/v2\/types\/post"}],"author":[{"embeddable":true,"href":"https:\/\/smago.de\/ws2\/wp-json\/wp\/v2\/users\/2"}],"replies":[{"embeddable":true,"href":"https:\/\/smago.de\/ws2\/wp-json\/wp\/v2\/comments?post=192048"}],"version-history":[{"count":4,"href":"https:\/\/smago.de\/ws2\/wp-json\/wp\/v2\/posts\/192048\/revisions"}],"predecessor-version":[{"id":192055,"href":"https:\/\/smago.de\/ws2\/wp-json\/wp\/v2\/posts\/192048\/revisions\/192055"}],"wp:featuredmedia":[{"embeddable":true,"href":"https:\/\/smago.de\/ws2\/wp-json\/wp\/v2\/media\/141616"}],"wp:attachment":[{"href":"https:\/\/smago.de\/ws2\/wp-json\/wp\/v2\/media?parent=192048"}],"wp:term":[{"taxonomy":"category","embeddable":true,"href":"https:\/\/smago.de\/ws2\/wp-json\/wp\/v2\/categories?post=192048"},{"taxonomy":"post_tag","embeddable":true,"href":"https:\/\/smago.de\/ws2\/wp-json\/wp\/v2\/tags?post=192048"}],"curies":[{"name":"wp","href":"https:\/\/api.w.org\/{rel}","templated":true}]}}