{"id":192027,"date":"2022-11-11T10:14:46","date_gmt":"2022-11-11T09:14:46","guid":{"rendered":"https:\/\/smago.de\/ws2\/?p=192027"},"modified":"2022-11-11T10:14:46","modified_gmt":"2022-11-11T09:14:46","slug":"mark-keller-schauspieler-und-saenger-mark-keller-verwirklicht-musik-herzensprojekt-mit-telamo","status":"publish","type":"post","link":"https:\/\/smago.de\/ws2\/schlager\/mark-keller-schauspieler-und-saenger-mark-keller-verwirklicht-musik-herzensprojekt-mit-telamo\/","title":{"rendered":"MARK KELLER <br>Schauspieler und S\u00e4nger Mark Keller verwirklicht Musik-Herzensprojekt mit TELAMO!"},"content":{"rendered":"<p>Neues Album \u201eMein kleines Gl\u00fcck\u201c erscheint am 24.02.2023 beim M\u00fcnchner Label!<br \/>\n<!--more--><\/p>\n<p>&nbsp;<\/p>\n<p style=\"text-align: justify;\">\n<p style=\"text-align: justify;\">Der Schauspieler und S\u00e4nger MARK KELLER arbeitet mit TELAMO zusammen und wird am 24. Februar 2023 sein neues Album \u201eMein kleines Gl\u00fcck\u201c beim M\u00fcnchener Label ver\u00f6ffentlichen. Bereits heute erscheint die erste Single \u201eDas alte Lied\u201c &#8211; eine aus dem Leben gegriffene Geschichte, die f\u00fcr Mark Keller der Beginn einer besonderen musikalischen Reise ist.<\/p>\n<p><strong>Mark Keller:<\/strong> <em>\u201eMit diesem neuen Longplayer erf\u00fcllt sich f\u00fcr mich ein Lebenstraum und ich bin gl\u00fccklich, dass ich ihn gemeinsam mit TELAMO verwirklichen kann. Alles was ich mir musikalisch gew\u00fcnscht habe, wird bei diesem Herzensprojekt zu h\u00f6ren sein: Gro\u00dfe Emotionen, gro\u00dfes Orchester und ber\u00fchrende Texte. Ganz besonders freue ich mich, dass auch mein Sohn Aaron mit mir singen wird.\u201c<\/em><\/p>\n<p>&nbsp;<\/p>\n<p style=\"text-align: justify;\"><strong>Ken Otremba, TELAMO Gesch\u00e4ftsf\u00fchrer:<\/strong> <em>\u201eMark Keller begeistert nicht nur als Schauspieler wie in der Erfolgsserie \u201eDer Bergdoktor\u201c ein Millionenpublikum, sondern beweist auch seit vielen Jahren seine herausragende Qualit\u00e4t als S\u00e4nger. Wir sind gl\u00fccklich, dass Mark sich f\u00fcr TELAMO als Labelpartner entschieden hat und dieses ganz pers\u00f6nliche Album gemeinsam mit uns ver\u00f6ffentlichen wird.\u201c<\/em><\/p>\n<p>&nbsp;<\/p>\n<p>&nbsp;<\/p>\n<p style=\"text-align: justify;\">Getragen von dem beeindruckenden Arrangement eines Sinfonieorchesters pr\u00e4sentiert sich Mark Keller mit der ersten Single \u201eDas alte Lied\u201c (V\u00d6: 11.11.2022) bedingungslos ehrlich, melancholisch und mitrei\u00dfend zugleich.<\/p>\n<p>F\u00fcr den leidenschaftlichen Musiker schlie\u00dft sich mit diesem Album ein Kreis. Bereits Ende der 80-er gelang Keller in der legend\u00e4ren \u201eRudi Carrell Show\u201c mit seiner gefeierten Interpretation eines Dean Martin-Klassikers der Durchbruch. Nach seiner Ausbildung zum KFZ-Mechaniker und seinem Studium an der Freiburger Schauspielschule konnte er als Leads\u00e4nger der Big Band der Bundeswehr drei Jahre lang seine musikalischen Qualit\u00e4ten unter Beweis stellen. Heute gilt er nicht nur als beliebter Schauspieler, dessen Weg ihn von der ARD-Serie \u201eSterne des S\u00fcdens\u201c \u00fcber die RTL-Actionserie \u201eAlarm f\u00fcr Cobra 11\u201c bis zum ZDF-Dauerbrenner \u201eDer Bergdoktor\u201c f\u00fchrte, sondern auch als eine der besten Stimmen Deutschlands \u2013 wie nicht zuletzt sein zweiter Platz bei \u201eThe Masked Singer\u201c im vergangenen Fr\u00fchjahr untermauern sollte. Doch jetzt hat er es endlich geschafft, sein erstes deutschsprachiges Album fertigzustellen.<\/p>\n<p>&nbsp;<\/p>\n<p>&nbsp;<\/p>\n<p>&nbsp;<\/p>\n<figure id=\"attachment_192028\" aria-describedby=\"caption-attachment-192028\" style=\"width: 800px\" class=\"wp-caption alignnone\"><img decoding=\"async\" loading=\"lazy\" class=\"size-large wp-image-192028\" src=\"https:\/\/smago.de\/ws2\/wp-content\/uploads\/2022\/11\/Signing_MarkKeller_Goldbrunner_Keller_Otrembac-Telamo-800x565.jpg\" alt=\"\" width=\"800\" height=\"565\" srcset=\"https:\/\/smago.de\/ws2\/wp-content\/uploads\/2022\/11\/Signing_MarkKeller_Goldbrunner_Keller_Otrembac-Telamo-800x565.jpg 800w, https:\/\/smago.de\/ws2\/wp-content\/uploads\/2022\/11\/Signing_MarkKeller_Goldbrunner_Keller_Otrembac-Telamo-522x368.jpg 522w, https:\/\/smago.de\/ws2\/wp-content\/uploads\/2022\/11\/Signing_MarkKeller_Goldbrunner_Keller_Otrembac-Telamo-213x150.jpg 213w, https:\/\/smago.de\/ws2\/wp-content\/uploads\/2022\/11\/Signing_MarkKeller_Goldbrunner_Keller_Otrembac-Telamo-768x542.jpg 768w, https:\/\/smago.de\/ws2\/wp-content\/uploads\/2022\/11\/Signing_MarkKeller_Goldbrunner_Keller_Otrembac-Telamo-1536x1084.jpg 1536w, https:\/\/smago.de\/ws2\/wp-content\/uploads\/2022\/11\/Signing_MarkKeller_Goldbrunner_Keller_Otrembac-Telamo-385x272.jpg 385w, https:\/\/smago.de\/ws2\/wp-content\/uploads\/2022\/11\/Signing_MarkKeller_Goldbrunner_Keller_Otrembac-Telamo-130x92.jpg 130w, https:\/\/smago.de\/ws2\/wp-content\/uploads\/2022\/11\/Signing_MarkKeller_Goldbrunner_Keller_Otrembac-Telamo-630x445.jpg 630w, https:\/\/smago.de\/ws2\/wp-content\/uploads\/2022\/11\/Signing_MarkKeller_Goldbrunner_Keller_Otrembac-Telamo-740x522.jpg 740w, https:\/\/smago.de\/ws2\/wp-content\/uploads\/2022\/11\/Signing_MarkKeller_Goldbrunner_Keller_Otrembac-Telamo-269x190.jpg 269w, https:\/\/smago.de\/ws2\/wp-content\/uploads\/2022\/11\/Signing_MarkKeller_Goldbrunner_Keller_Otrembac-Telamo-411x290.jpg 411w, https:\/\/smago.de\/ws2\/wp-content\/uploads\/2022\/11\/Signing_MarkKeller_Goldbrunner_Keller_Otrembac-Telamo.jpg 1683w\" sizes=\"(max-width: 800px) 100vw, 800px\" \/><figcaption id=\"caption-attachment-192028\" class=\"wp-caption-text\"><em>Trafen sich in M\u00fcnchen zur Vertragsunterzeichnung v.li. n. re: Birte Goldbrunner (Senior Director Marketing &amp; Promotion),<\/em><br \/><em>Mark Keller, Ken Otremba (TELAMO-Gesch\u00e4ftsf\u00fchrer)<\/em><\/p>\n<p><em>Foto-Credit: TELAMO<\/em><\/figcaption><\/figure>\n","protected":false},"excerpt":{"rendered":"<p>Neues Album \u201eMein kleines Gl\u00fcck\u201c erscheint am 24.02.2023 beim M\u00fcnchner Label!<\/p>\n","protected":false},"author":2,"featured_media":192028,"comment_status":"open","ping_status":"closed","sticky":false,"template":"","format":"standard","meta":{"_FSMCFIC_featured_image_caption":"","_FSMCFIC_featured_image_nocaption":"","_FSMCFIC_featured_image_hide":""},"categories":[29,39],"tags":[2747],"acf":[],"_links":{"self":[{"href":"https:\/\/smago.de\/ws2\/wp-json\/wp\/v2\/posts\/192027"}],"collection":[{"href":"https:\/\/smago.de\/ws2\/wp-json\/wp\/v2\/posts"}],"about":[{"href":"https:\/\/smago.de\/ws2\/wp-json\/wp\/v2\/types\/post"}],"author":[{"embeddable":true,"href":"https:\/\/smago.de\/ws2\/wp-json\/wp\/v2\/users\/2"}],"replies":[{"embeddable":true,"href":"https:\/\/smago.de\/ws2\/wp-json\/wp\/v2\/comments?post=192027"}],"version-history":[{"count":1,"href":"https:\/\/smago.de\/ws2\/wp-json\/wp\/v2\/posts\/192027\/revisions"}],"predecessor-version":[{"id":192029,"href":"https:\/\/smago.de\/ws2\/wp-json\/wp\/v2\/posts\/192027\/revisions\/192029"}],"wp:featuredmedia":[{"embeddable":true,"href":"https:\/\/smago.de\/ws2\/wp-json\/wp\/v2\/media\/192028"}],"wp:attachment":[{"href":"https:\/\/smago.de\/ws2\/wp-json\/wp\/v2\/media?parent=192027"}],"wp:term":[{"taxonomy":"category","embeddable":true,"href":"https:\/\/smago.de\/ws2\/wp-json\/wp\/v2\/categories?post=192027"},{"taxonomy":"post_tag","embeddable":true,"href":"https:\/\/smago.de\/ws2\/wp-json\/wp\/v2\/tags?post=192027"}],"curies":[{"name":"wp","href":"https:\/\/api.w.org\/{rel}","templated":true}]}}