{"id":191875,"date":"2022-11-08T16:14:53","date_gmt":"2022-11-08T15:14:53","guid":{"rendered":"https:\/\/smago.de\/ws2\/?p=191875"},"modified":"2022-11-08T16:15:34","modified_gmt":"2022-11-08T15:15:34","slug":"marianne-michael-heute-vorabend-08-11-2022-in-der-sendung-das-auf-dem-roten-sofa-zu-gast","status":"publish","type":"post","link":"https:\/\/smago.de\/ws2\/uncategorized\/marianne-michael-heute-vorabend-08-11-2022-in-der-sendung-das-auf-dem-roten-sofa-zu-gast\/","title":{"rendered":"MARIANNE &#038; MICHAEL <br>Heute Vorabend (08.11.2022) in der Sendung &#8222;DAS!&#8220; auf dem &#8222;Roten Sofa&#8220; zu Gast!"},"content":{"rendered":"<p>18:45 Uhr &#8211; 19:30 Uhr (Wh.: 09.11., 05:15 Uhr &#8211; 06:00 Uhr)!<br \/>\n<!--more--><\/p>\n<p>&nbsp;<\/p>\n<p>&nbsp;<\/p>\n<p style=\"text-align: justify;\">In der Volksmusik sind die beiden quasi lebende Legenden: MARIANNE &amp; MICHAEL. Schlie\u00dflich stehen sie mittlerweile im 50. Jahr gemeinsam auf der B\u00fchne! Auch privat sind Marianne und Michael Hartl ein unzertrennliches Paar, das in guten wie in schlechten Zeiten zusammenh\u00e4lt. Michael erlitt im M\u00e4rz diesen Jahres einen\u00a0schweren Schlaganfall, lag tagelang im\u00a0Koma. Der 73-J\u00e4hrige sagt heute: &#8222;Ohne meine Marianne w\u00e4re ich nicht mehr da, sie hat mir durch ihr schnelles Handeln das Leben gerettet.&#8220;<\/p>\n<p style=\"text-align: justify;\">Wie die beiden dennoch in diesem Herbst auf Weihnachtstournee gehen und warum sich das Volksmusik-Duo langsam aus dem Showgesch\u00e4ft zur\u00fcckziehen will, erz\u00e4hlen Marianne und Michael auf dem Roten Sofa.<\/p>\n<p>&nbsp;<\/p>\n<p>&nbsp;<\/p>\n<p>&nbsp;<\/p>\n<p><strong><a href=\"https:\/\/www.kuenstlershow.de\/management-booking\/marianne-michael\/\">TERMINE &amp; TICKETS &#8211; TOURNEE &#8222;WEIHNACHTEN MIT MARIANNE &amp; MICHAEL&#8220; &#8230;:<\/a><\/strong><\/p>\n","protected":false},"excerpt":{"rendered":"<p>18:45 Uhr &#8211; 19:30 Uhr (Wh.: 09.11., 05:15 Uhr &#8211; 06:00 Uhr)!<\/p>\n","protected":false},"author":2,"featured_media":191876,"comment_status":"open","ping_status":"closed","sticky":false,"template":"","format":"standard","meta":{"_FSMCFIC_featured_image_caption":"","_FSMCFIC_featured_image_nocaption":"","_FSMCFIC_featured_image_hide":""},"categories":[1],"tags":[748],"acf":[],"_links":{"self":[{"href":"https:\/\/smago.de\/ws2\/wp-json\/wp\/v2\/posts\/191875"}],"collection":[{"href":"https:\/\/smago.de\/ws2\/wp-json\/wp\/v2\/posts"}],"about":[{"href":"https:\/\/smago.de\/ws2\/wp-json\/wp\/v2\/types\/post"}],"author":[{"embeddable":true,"href":"https:\/\/smago.de\/ws2\/wp-json\/wp\/v2\/users\/2"}],"replies":[{"embeddable":true,"href":"https:\/\/smago.de\/ws2\/wp-json\/wp\/v2\/comments?post=191875"}],"version-history":[{"count":2,"href":"https:\/\/smago.de\/ws2\/wp-json\/wp\/v2\/posts\/191875\/revisions"}],"predecessor-version":[{"id":191878,"href":"https:\/\/smago.de\/ws2\/wp-json\/wp\/v2\/posts\/191875\/revisions\/191878"}],"wp:featuredmedia":[{"embeddable":true,"href":"https:\/\/smago.de\/ws2\/wp-json\/wp\/v2\/media\/191876"}],"wp:attachment":[{"href":"https:\/\/smago.de\/ws2\/wp-json\/wp\/v2\/media?parent=191875"}],"wp:term":[{"taxonomy":"category","embeddable":true,"href":"https:\/\/smago.de\/ws2\/wp-json\/wp\/v2\/categories?post=191875"},{"taxonomy":"post_tag","embeddable":true,"href":"https:\/\/smago.de\/ws2\/wp-json\/wp\/v2\/tags?post=191875"}],"curies":[{"name":"wp","href":"https:\/\/api.w.org\/{rel}","templated":true}]}}