{"id":191686,"date":"2022-11-03T23:59:36","date_gmt":"2022-11-03T22:59:36","guid":{"rendered":"https:\/\/smago.de\/ws2\/?p=191686"},"modified":"2022-11-03T16:48:39","modified_gmt":"2022-11-03T15:48:39","slug":"dagmar-berghoff-johannes-oerding-u-a-fr-04-11-2022-in-der-ndr-talk-show-zu-gast","status":"publish","type":"post","link":"https:\/\/smago.de\/ws2\/schlager\/dagmar-berghoff-johannes-oerding-u-a-fr-04-11-2022-in-der-ndr-talk-show-zu-gast\/","title":{"rendered":"DAGMAR BERGHOFF, JOHANNES OERDING u.a. <br>Fr., 04.11.2022, in der &#8222;NDR Talk Show&#8220; zu Gast!"},"content":{"rendered":"<p>NDR fernsehen + hr fernsehen, 22:00 Uhr &#8211; 00:00 Uhr! Moderation: Hubertus Meyer-Burckhardt und Bettina Tietjen!<br \/>\n<!--more--><\/p>\n<p>&nbsp;<\/p>\n<p>&nbsp;<\/p>\n<p>&nbsp;<\/p>\n<p style=\"text-align: justify;\">Bettina Tietjen und Hubertus Meyer-Burckhardt begr\u00fc\u00dfen in der &#8222;NDR Talk Show&#8220; aus Hamburg folgende G\u00e4ste:<\/p>\n<p>&nbsp;<\/p>\n<p>&nbsp;<\/p>\n<p>Johannes Oerding, Musiker<br \/>\nNelson M\u00fcller, Koch und Gastronom<br \/>\nConstantin Schreiber, &#8222;tagesschau&#8220;-Sprecher, und Dagmar Berghoff, ehemalige Nachrichtensprecherin<br \/>\nWana und Hila Limar, Unternehmerinnen<br \/>\nAndrea Petkovic, Tennisspielerin<br \/>\nDoris Kunstmann, Schauspielerin<br \/>\nLukas Sam Schreiber, Autor und Podcaster<\/p>\n<p>&nbsp;<\/p>\n<p>&nbsp;<\/p>\n<p>&nbsp;<\/p>\n<p>&nbsp;<\/p>\n<ul style=\"text-align: justify;\">\n<li><strong>Johannes Oerding, Musiker<\/strong><\/li>\n<\/ul>\n<p>&nbsp;<\/p>\n<p style=\"text-align: justify;\">Mit 17 Jahren beschloss er, die Musik zu seinem Beruf zu machen, was seine Eltern anfangs \u00fcberhaupt nicht f\u00fcr eine gute Idee hielten. Deswegen studierte er dann zus\u00e4tzlich noch BWL und machte auch den Abschluss. Johannes Oerding hat inzwischen hinl\u00e4nglich bewiesen, dass sein Musikplan von Anfang an richtig war. Der 40-J\u00e4hrige geh\u00f6rt zu Deutschlands erfolgreichsten Musikern und f\u00fcllt m\u00fchelos die gr\u00f6\u00dften Stadien des Landes. Im November ver\u00f6ffentlicht der Wahlhamburger sein siebtes Album &#8222;Plan A&#8220; und performt daraus den Song &#8222;Kaleidoskop&#8220; unplugged in der &#8222;NDR Talk Show&#8220;.<\/p>\n<p>&nbsp;<\/p>\n<p>&nbsp;<\/p>\n<p>&nbsp;<\/p>\n<p>&nbsp;<\/p>\n<ul style=\"text-align: justify;\">\n<li><strong>Nelson M\u00fcller, Koch und Gastronom<\/strong><\/li>\n<\/ul>\n<p>&nbsp;<\/p>\n<p style=\"text-align: justify;\">Kochen, Singen, B\u00fccher schreiben, im Fernsehen auftreten: Nelson M\u00fcller ist ein viel besch\u00e4ftigter Mann und dabei h\u00f6chst erfolgreich. Als Vierj\u00e4hriger kam er von Ghana nach Deutschland und wuchs in Stuttgart in einer deutschen Pflegefamilie auf, deren Namen er angenommen hat. Nach seiner Ausbildung zum Koch auf Sylt hat er schon in einigen Restaurants von Nord bis S\u00fcd am Herd gestanden. Die aktuelle Heimat des Sternekochs ist Essen, wo er gleich zwei Restaurants f\u00fchrt. In seinem aktuellen Buch &#8222;Gutes Essen&#8220; und in der &#8222;NDR Talk Show&#8220; verr\u00e4t er seine Lieblingsrezepte und gibt Tipps f\u00fcr nachhaltiges und saisonales Kochen.<\/p>\n<p>&nbsp;<\/p>\n<p>&nbsp;<\/p>\n<p>&nbsp;<\/p>\n<p>&nbsp;<\/p>\n<p>&nbsp;<\/p>\n<ul style=\"text-align: justify;\">\n<li><strong>Constantin Schreiber, &#8222;tagesschau&#8220;-Sprecher, und Dagmar Berghoff, ehemalige Nachrichtensprecherin<\/strong><\/li>\n<\/ul>\n<p>&nbsp;<\/p>\n<p style=\"text-align: justify;\">Dagmar Berghoff war 1976 die erste Frau, die die &#8222;tagesschau&#8220; gesprochen hat, Constantin Schreiber spricht seit 2020 die Hauptausgabe der quotenstarken Nachrichtensendung um 20.00 Uhr in Das Erste. Die First Lady der &#8222;tagesschau&#8220;, die im Januar 2023 80 Jahre alt wird, und der 43-j\u00e4hrige Journalist und Autor Constantin Schreiber haben sich f\u00fcr lange, tiefgreifende, aber auch am\u00fcsante Gespr\u00e4che zusammengefunden und ver\u00f6ffentlichen im November ein gemeinsames Buch. Darin und in der &#8222;NDR Talk Show&#8220; erz\u00e4hlen sie, wie sich die Geschlechterrollen im Beruf und im Alltag im Laufe der Zeit ver\u00e4ndert haben, sie sprechen \u00fcber Schicksalsschl\u00e4ge und \u00fcber den Mut, trotz allem mit Optimismus und Zuversicht weiterzumachen.<\/p>\n<p>&nbsp;<\/p>\n<p>&nbsp;<\/p>\n<p>&nbsp;<\/p>\n<p>&nbsp;<\/p>\n<p>&nbsp;<\/p>\n<ul style=\"text-align: justify;\">\n<li><strong>Wana und Hila Limar, Unternehmerinnen<\/strong><\/li>\n<\/ul>\n<p>&nbsp;<\/p>\n<p style=\"text-align: justify;\">Im August 2021 \u00fcbernahmen die Taliban die Macht in Afghanistan. Welche Konsequenzen das vor allem f\u00fcr Frauen und Kinder hat, damit werden Wana und Hila Limar fast t\u00e4glich bei ihrer Arbeit konfrontiert. Wana ist als Influencerin und Moderatorin bekannt, aber auch als Aktivistin. Zusammen mit ihrer Schwester Hila Limar engagiert sie sich schon seit fast 15 Jahren mit ihrem Verein Visions for Children f\u00fcr Bildungschancen in Afghanistan. Die Schwestern selbst mussten als Kinder aus dem Land fliehen und fanden in Hamburg ein neues Zuhause. Jetzt haben die beiden ein Social Business in ihrer alten Heimat gegr\u00fcndet: ein nachhaltiges Schmucklabel, das die Familien vor Ort unterst\u00fctzt. Welche H\u00fcrden sie dabei meistern m\u00fcssen und was derzeit die gr\u00f6\u00dften Herausforderungen f\u00fcr die Menschen in Afghanistan sind, das erz\u00e4hlen die Schwestern in der &#8222;NDR Talk Show&#8220;.<\/p>\n<p>&nbsp;<\/p>\n<p>&nbsp;<\/p>\n<p>&nbsp;<\/p>\n<p>&nbsp;<\/p>\n<p>&nbsp;<\/p>\n<ul style=\"text-align: justify;\">\n<li><strong>Andrea Petkovic, Tennisspielerin<\/strong><\/li>\n<\/ul>\n<p>&nbsp;<\/p>\n<p style=\"text-align: justify;\">Andrea Petkovic z\u00e4hlt zu den bekanntesten und erfolgreichsten Tennisspielerinnen der Welt. Doch damit ist jetzt Schluss: Die 35-J\u00e4hrige hat gerade ihre Karriere als Profisportlerin beendet. Andrea Petkovic hat in ihrer Karriere sieben WTA-Turniere gewonnen und ihr letzter Grand-Slam-Auftritt endete mit Tr\u00e4nen. Die einstige Weltranglistenneunte gab bei den US Open Ende August noch einmal alles, doch nach etwas mehr als zwei Stunden musste sie sich der Schweizer Olympiasiegerin Belinda Bencic geschlagen geben und schied in der Vorrunde aus. Es folgten pure Emotionen, denn der Abschied aus dem Profisport f\u00e4llt der Sportlerin nicht leicht. In der &#8222;NDR Talk Show &#8222;berichtet Andrea Petkovic, die sich in den letzten Jahren als Moderatorin im ZDF, als Autorin und Bloggerin einen Namen gemacht hat, wie es in ihrem Leben weitergeht.<\/p>\n<p>&nbsp;<\/p>\n<p>&nbsp;<\/p>\n<p>&nbsp;<\/p>\n<p>&nbsp;<\/p>\n<p>&nbsp;<\/p>\n<ul style=\"text-align: justify;\">\n<li><strong>Doris Kunstmann, Schauspielerin<\/strong><\/li>\n<\/ul>\n<p>&nbsp;<\/p>\n<p style=\"text-align: justify;\">Sie geh\u00f6rt zu den gro\u00dfen deutschen Schauspielerinnen: Doris Kunstmann. Mit der Simmel-Verfilmung &#8222;Und Jimmy ging zum Regenbogen&#8220; feiert die Hamburgerin 1971 im Kino ihren gro\u00dfen Durchbruch, im Fernsehen spielt sie in unz\u00e4hligen Serien und Filmen, von &#8222;Derrick&#8220; \u00fcber &#8222;Tatort&#8220; bis &#8222;Um Himmels willen&#8220;. Jetzt ist die 78-J\u00e4hrige als Frau Jensen in &#8222;Die Discounter&#8220; zu sehen, der zweiten Staffel einer Serie um einen fiktiven Supermarkt in Hamburg-Altona. Warum sie selbst die Freie und Hansestadt verlassen hat und jetzt in Schleswig-Holstein lebt, das verr\u00e4t die zweifache Gro\u00dfmutter Doris Kunstmann in der &#8222;NDR Talk Show&#8220;.<\/p>\n<p>&nbsp;<\/p>\n<p>&nbsp;<\/p>\n<p>&nbsp;<\/p>\n<p>&nbsp;<\/p>\n<p>&nbsp;<\/p>\n<ul style=\"text-align: justify;\">\n<li><strong>Lukas Sam Schreiber, Autor und Podcaster<\/strong><\/li>\n<\/ul>\n<p>&nbsp;<\/p>\n<p style=\"text-align: justify;\">Claudia Schreiber ist krank. Als sie vor drei Jahren einen Zusammenbruch erleidet, dauert es Wochen, bis klar wird, dass sie an Alzheimer leidet. Seither verliert sie sich selbst jeden Tag ein bisschen. Und ihre S\u00f6hne verlieren ihre Mutter, die als Journalistin und Schriftstellerin immer mit ihrem Kopf gearbeitet hat. Lukas Sam Schreiber, Claudias j\u00fcngerer Sohn, 1991 geboren, hat nun ihre Geschichte aufgeschrieben. Kurz nach der Diagnose hat er ihr einen ihrer Lebensw\u00fcnsche erf\u00fcllt: Er ist mit ihr in die S\u00fcdsee gereist, nach Aitutaki, einer winzigen Insel im Pazifik. Auf der Reise ist der erfolgreiche Podcast &#8222;Aitutaki-Blues&#8220; entstanden. Und Lukas hat seine Mutter und ihre Krankheit noch einmal ganz anders kennengelernt.<\/p>\n<p>&nbsp;<\/p>\n<p>&nbsp;<\/p>\n<p>&nbsp;<\/p>\n<figure id=\"attachment_191687\" aria-describedby=\"caption-attachment-191687\" style=\"width: 800px\" class=\"wp-caption alignnone\"><img decoding=\"async\" loading=\"lazy\" class=\"size-large wp-image-191687\" src=\"https:\/\/smago.de\/ws2\/wp-content\/uploads\/2022\/11\/1_NDR_Talk_Show_PW4422-800x448.jpg\" alt=\"\" width=\"800\" height=\"448\" srcset=\"https:\/\/smago.de\/ws2\/wp-content\/uploads\/2022\/11\/1_NDR_Talk_Show_PW4422-800x448.jpg 800w, https:\/\/smago.de\/ws2\/wp-content\/uploads\/2022\/11\/1_NDR_Talk_Show_PW4422-522x292.jpg 522w, https:\/\/smago.de\/ws2\/wp-content\/uploads\/2022\/11\/1_NDR_Talk_Show_PW4422-268x150.jpg 268w, https:\/\/smago.de\/ws2\/wp-content\/uploads\/2022\/11\/1_NDR_Talk_Show_PW4422-768x430.jpg 768w, https:\/\/smago.de\/ws2\/wp-content\/uploads\/2022\/11\/1_NDR_Talk_Show_PW4422-1536x860.jpg 1536w, https:\/\/smago.de\/ws2\/wp-content\/uploads\/2022\/11\/1_NDR_Talk_Show_PW4422-2048x1147.jpg 2048w, https:\/\/smago.de\/ws2\/wp-content\/uploads\/2022\/11\/1_NDR_Talk_Show_PW4422-392x220.jpg 392w, https:\/\/smago.de\/ws2\/wp-content\/uploads\/2022\/11\/1_NDR_Talk_Show_PW4422-130x73.jpg 130w, https:\/\/smago.de\/ws2\/wp-content\/uploads\/2022\/11\/1_NDR_Talk_Show_PW4422-794x445.jpg 794w, https:\/\/smago.de\/ws2\/wp-content\/uploads\/2022\/11\/1_NDR_Talk_Show_PW4422-870x487.jpg 870w, https:\/\/smago.de\/ws2\/wp-content\/uploads\/2022\/11\/1_NDR_Talk_Show_PW4422-292x164.jpg 292w, https:\/\/smago.de\/ws2\/wp-content\/uploads\/2022\/11\/1_NDR_Talk_Show_PW4422-435x244.jpg 435w\" sizes=\"(max-width: 800px) 100vw, 800px\" \/><figcaption id=\"caption-attachment-191687\" class=\"wp-caption-text\"><em>\u00a9 NDR<\/em><\/figcaption><\/figure>\n","protected":false},"excerpt":{"rendered":"<p>NDR fernsehen + hr fernsehen, 22:00 Uhr &#8211; 00:00 Uhr! Moderation: Hubertus Meyer-Burckhardt und Bettina Tietjen!<\/p>\n","protected":false},"author":2,"featured_media":191687,"comment_status":"open","ping_status":"closed","sticky":false,"template":"","format":"standard","meta":{"_FSMCFIC_featured_image_caption":"","_FSMCFIC_featured_image_nocaption":"","_FSMCFIC_featured_image_hide":""},"categories":[29,128],"tags":[254],"acf":[],"_links":{"self":[{"href":"https:\/\/smago.de\/ws2\/wp-json\/wp\/v2\/posts\/191686"}],"collection":[{"href":"https:\/\/smago.de\/ws2\/wp-json\/wp\/v2\/posts"}],"about":[{"href":"https:\/\/smago.de\/ws2\/wp-json\/wp\/v2\/types\/post"}],"author":[{"embeddable":true,"href":"https:\/\/smago.de\/ws2\/wp-json\/wp\/v2\/users\/2"}],"replies":[{"embeddable":true,"href":"https:\/\/smago.de\/ws2\/wp-json\/wp\/v2\/comments?post=191686"}],"version-history":[{"count":3,"href":"https:\/\/smago.de\/ws2\/wp-json\/wp\/v2\/posts\/191686\/revisions"}],"predecessor-version":[{"id":191690,"href":"https:\/\/smago.de\/ws2\/wp-json\/wp\/v2\/posts\/191686\/revisions\/191690"}],"wp:featuredmedia":[{"embeddable":true,"href":"https:\/\/smago.de\/ws2\/wp-json\/wp\/v2\/media\/191687"}],"wp:attachment":[{"href":"https:\/\/smago.de\/ws2\/wp-json\/wp\/v2\/media?parent=191686"}],"wp:term":[{"taxonomy":"category","embeddable":true,"href":"https:\/\/smago.de\/ws2\/wp-json\/wp\/v2\/categories?post=191686"},{"taxonomy":"post_tag","embeddable":true,"href":"https:\/\/smago.de\/ws2\/wp-json\/wp\/v2\/tags?post=191686"}],"curies":[{"name":"wp","href":"https:\/\/api.w.org\/{rel}","templated":true}]}}