{"id":191676,"date":"2022-11-04T00:00:45","date_gmt":"2022-11-03T23:00:45","guid":{"rendered":"https:\/\/smago.de\/ws2\/?p=191676"},"modified":"2022-11-04T21:48:20","modified_gmt":"2022-11-04T20:48:20","slug":"thomas-anders-max-raabe-u-a-heute-04-11-2022-in-der-talk-show-riverboat-berlin-zu-gast","status":"publish","type":"post","link":"https:\/\/smago.de\/ws2\/schlager\/thomas-anders-max-raabe-u-a-heute-04-11-2022-in-der-talk-show-riverboat-berlin-zu-gast\/","title":{"rendered":"THOMAS ANDERS, MAX RAABE u.a. <br>Heute (04.11.2022) in der Talk-Show &#8222;Riverboat Berlin&#8220; zu Gast!"},"content":{"rendered":"<p style=\"text-align: justify;\">MDR FERNSEHEN + rbb FERNSEHEN, 22:00 Uhr &#8211; 00:10 Uhr! Moderation: Kim Fisher und (!) Dieter Hallervorden!<br \/>\n<!--more--><\/p>\n<p>&nbsp;<\/p>\n<p>&nbsp;<\/p>\n<p>&nbsp;<\/p>\n<p><strong>Die G\u00e4ste der Sendung:<\/strong><\/p>\n<p>&nbsp;<\/p>\n<p>&nbsp;<\/p>\n<p>* Wolfgang Joop, Designer, K\u00fcnstler, Autor, Unternehmer<br \/>\n* Thomas Anders, S\u00e4nger<br \/>\n* Caroline Peters, Schauspielerin<br \/>\n* Max Raabe, S\u00e4nger<br \/>\n* Thorsten Schr\u00f6der, Journalist, Moderator &amp; Autor<br \/>\n* Tanja Szewczenko, ehemalige Eiskunstl\u00e4uferin und Schauspielerin<br \/>\n* Steve Windolf, Schauspieler<br \/>\n* Jochen Kowalski, Countertenor<\/p>\n<p>&nbsp;<\/p>\n<p>&nbsp;<\/p>\n<p>&nbsp;<\/p>\n<p>&nbsp;<\/p>\n<p style=\"text-align: justify;\"><strong>Wolfgang Joop (Modesch\u00f6pfer)<\/strong><\/p>\n<p>&nbsp;<\/p>\n<p style=\"text-align: justify;\">Er geh\u00f6rt zu den weltweit bekanntesten und erfolgreichsten Deutschen: der Potsdamer Wolfgang Joop. Vor 40 Jahren feiert er mit der ersten eigenen Pr\u00eat-\u00e0-porter Damenkollektion seinen Durchbruch, eine beispiellose Karriere als Modedesigner folgt. Trotz seines enormen Erfolges hat Wolfgang Joop seine Wurzeln nie vergessen: 1944 in Potsdam geboren, zieht er als Zehnj\u00e4hriger mit seiner Familie in den Westen &#8211; doch die Sehnsucht nach der Heimat begleitet ihn ein Leben lang. Vor 20 Jahren kehrt Wolfgang Joop auf das Gut seiner Familie zur\u00fcck, wo er inzwischen mit Ehemann, Ex-Frau, Tochter und Enkelkindern lebt. An Ruhestand mag der K\u00fcnstler noch lange nicht denken, zu sehr besch\u00e4ftigt ihn sein aktuelles Modelabel, das sich Nachhaltigkeit auf die Fahnen geschrieben hat.<\/p>\n<p>&nbsp;<\/p>\n<p>&nbsp;<\/p>\n<p>&nbsp;<\/p>\n<p style=\"text-align: justify;\"><strong>Thomas Anders (S\u00e4nger und Musikproduzent)<\/strong><\/p>\n<p>&nbsp;<\/p>\n<p style=\"text-align: justify;\">Auch er z\u00e4hlt zu den Weltstars aus Deutschland: der Pop- und Schlagers\u00e4nger Thomas Anders. Mit \u201eModern Talking\u201c erlangt er in den 80er Jahren Weltruhm, ist mit &#8222;You\u2019re My Heart, You\u2018re My Soul&#8220; in 81 L\u00e4ndern auf Platz 1. Auch nach der Trennung von Dieter Bohlen spielt Thomas Anders weiterhin in der ersten Pop-Liga. Als Solo-K\u00fcnstler begeistert er bis heute in Osteuropa, aber auch in den USA ein Millionenpublikum. Schon als Kind macht der als Bernd Weidung geborene Anders mit Gesang auf sich aufmerksam, leistet sich von seinen ersten Engagements Taxifahrten zur Schule oder Samtanz\u00fcge. Im M\u00e4rz wird der &#8222;Gentleman Of Music&#8220; 60 Jahre jung.<\/p>\n<p>&nbsp;<\/p>\n<p>&nbsp;<\/p>\n<p>&nbsp;<\/p>\n<p>&nbsp;<\/p>\n<p style=\"text-align: justify;\"><strong>Caroline Peters (Schauspielerin)<\/strong><\/p>\n<p>&nbsp;<\/p>\n<p style=\"text-align: justify;\">Die ARD-Kultserie &#8222;Mord mit Aussicht&#8220; katapultiert sie vor gut zehn Jahren in die Herzen eines Millionen-Publikums. Schon davor kann Caroline Peters eine namhafte Theaterkarriere vorweisen und wird mehrfach als Theaterschauspielerin des Jahres ausgezeichnet. Seit 2021 sorgt sie als Ensemblemitglied der Berliner Schaub\u00fchne f\u00fcr volle H\u00e4user. Eine Erfolgsgeschichte, die die Wahlberlinerin, die auch in Wien lebt, derzeit auf der Kinoleinwand fortschreibt: in der Kom\u00f6dien-Fortsetzung \u201eDer Nachname\u201c lockt das Ensemble um Caroline Peters am ersten Wochenende mehr Zuschauer in die Kinos als der erfolgreiche Vorg\u00e4nger &#8222;Der Vorname&#8220;.<\/p>\n<p>&nbsp;<\/p>\n<p>&nbsp;<\/p>\n<p>&nbsp;<\/p>\n<p>&nbsp;<\/p>\n<p style=\"text-align: justify;\"><strong>Thorsten Schr\u00f6der (Tagesschau-Sprecher)<\/strong><\/p>\n<p>&nbsp;<\/p>\n<p style=\"text-align: justify;\">Er ist vermutlich der fitteste Nachrichtensprecher Deutschlands, denn im Oktober hat Thorsten Schr\u00f6der bereits zum zweiten Mal nach 2017 den Ironman Hawaii bezwungen \u2013 den h\u00e4rtesten Langdistanz-Triathlon der Welt. Zwei Jahre arbeitet der 54-j\u00e4hrige f\u00fcr sein gro\u00dfes sportliches Ziel, in den letzten Monaten vor dem Wettkampf mit bis zu 20 Stunden Training pro Woche. Schon als Kind braucht Torsten Schr\u00f6der viel Bewegung und will Fu\u00dfballer werden. Doch er studiert Volkswirtschaftslehre, wird Journalist und ist inzwischen seit \u00fcber 20 Jahren f\u00fcr die &#8222;Tagesschau&#8220; t\u00e4tig. Ein Traumjob f\u00fcr ihn, denn normalerweise mag Thorsten Schr\u00f6der weder Krawatten noch Stillstehen.<\/p>\n<p>&nbsp;<\/p>\n<p>&nbsp;<\/p>\n<p>&nbsp;<\/p>\n<p>&nbsp;<\/p>\n<p style=\"text-align: justify;\"><strong>Max Raabe (S\u00e4nger und Orchesterleiter)<\/strong><\/p>\n<p>&nbsp;<\/p>\n<p style=\"text-align: justify;\">&#8222;Wer hat hier schlechte Laune&#8220; singt Max Raabe auf seinem gleichnamigen neuen Album. Aufgewachsen auf einem westf\u00e4lischen Bauernhof widmet er sich schon als Kind mangels Alternativen der Musik. 1985 zieht Max Raabe nach Berlin, wo er sp\u00e4ter Gesang studiert. Hier trifft er auf weitere Freunde der Schlager- und Unterhaltungsmusik der 20er und 30er Jahre. Aus einem Studentenkreis heraus entsteht das heute legend\u00e4re &#8222;Palast Orchester&#8220; unter Max Raabes Leitung, das 1992 mit &#8222;Kein Schwein ruft mich an&#8220; den Durchbruch schafft. Seitdem tourt das Ensemble regelm\u00e4\u00dfig durch Deutschland, bespielt aber auch internationale B\u00fchnen. Immer dabei: der perfekt sitzende Frack und Max Raabes tadellose Manieren.<\/p>\n<p>&nbsp;<\/p>\n<p>&nbsp;<\/p>\n<p>&nbsp;<\/p>\n<p>&nbsp;<\/p>\n<p style=\"text-align: justify;\"><strong>Tanja Szewczenko (ehemalige Eiskunstl\u00e4uferin)<\/strong><\/p>\n<p>&nbsp;<\/p>\n<p style=\"text-align: justify;\">Erst eine Karriere als Eiskunstl\u00e4uferin, dann eine als Schauspielerin \u2013 das Leben von Tanja Szewczenko scheint lange Zeit gl\u00fccklich zu verlaufen. Doch nach der Geburt ihrer Tochter Jona vor elf Jahren versuchen sie und ihr Ehemann Norman jahrelang weitere Kinder zu bekommen, wobei etliche Versuche &#8211; auch auf k\u00fcnstlichen Wegen &#8211; scheitern. Nach teilweise dramatischen Fehlgeburten wird die heute 45-j\u00e4hrige pl\u00f6tzlich auf nat\u00fcrlichem Weg schwanger, bringt eineiige Zwillinge auf die Welt. In ihrem Buch &#8222;Durch die H\u00f6lle zum Gl\u00fcck&#8220; berichtet Tanja Szewczenko sehr eindr\u00fccklich \u00fcber ihr pers\u00f6nliches Schicksal, womit sie anderen Betroffenen Mut machen will.<\/p>\n<p>&nbsp;<\/p>\n<p>&nbsp;<\/p>\n<p>&nbsp;<\/p>\n<p>&nbsp;<\/p>\n<p style=\"text-align: justify;\"><strong>Jochen Kowalski (Operns\u00e4nger)<\/strong><\/p>\n<p>&nbsp;<\/p>\n<p style=\"text-align: justify;\">Dieser Mann passt in keine Schublade: Jochen Kowalski singt Opern von H\u00e4ndel bis Strau\u00df, Operette und Swing, Arien von Bach, Lieder von Schubert und Salonmusik. Au\u00dferdem hackt er gekonnt Koteletts, was er als Sohn eines brandenburgischen Fleischers fr\u00fch lernt. Schon als Kind will er S\u00e4nger werden und probt seine Opernarien im elterlichen Schlachtraum. Die Karriere von Jochen Kowalski beginnt vor genau 40 Jahren an der Komischen Oper Berlin, ab Mitte der 80er Jahre macht er sich auch international einen gro\u00dfen Namen als Countertenor. Dieser Tage gibt es ein Wiedersehen mit dem Weltstar aus Brandenburg: er steht in der Oper &#8222;Die Kr\u00f6nung der Poppea&#8220; an der Staatsoper Unter den Linden auf der B\u00fchne.<\/p>\n<p>&nbsp;<\/p>\n<p>&nbsp;<\/p>\n<p>&nbsp;<\/p>\n<p>&nbsp;<\/p>\n<p style=\"text-align: justify;\"><strong>Steve Windolf (Schauspieler)<\/strong><\/p>\n<p>&nbsp;<\/p>\n<p style=\"text-align: justify;\">Bevor er Karriere als Schauspieler macht, ist sein Leben etwas planlos: der in F\u00fcrstenwalde aufgewachsene Steve Windolf verdient sein Geld zun\u00e4chst als Fu\u00dfbodenleger oder Postbote, bis es ihn auf die B\u00fchne zieht und er in Leipzig Schauspiel studiert. Noch w\u00e4hrend der Ausbildung startet Steve Windolf seine Karriere in der ARD-Erfolgsserie &#8222;In aller Freundschaft&#8220;, inzwischen ist der 40-j\u00e4hrige fester Bestandteil der deutschen Fernsehunterhaltung (u.a. &#8222;Polizeiruf 110&#8220; und &#8222;Ku\u00b4damm 56&#8220;). Aktuell baut sich der Wahlberliner ein zweites Standbein auf: als \u00fcberzeugter Veganer gr\u00fcndet er ein Fitness-Food-Startup. Denn Steve Windolf f\u00fchlt sich durch seine vegane Ern\u00e4hrung mit 40 besser als mit 30 Jahren.<\/p>\n<p>&nbsp;<\/p>\n<div class=\"mceTemp\"><\/div>\n<p>&nbsp;<\/p>\n<p>&nbsp;<\/p>\n<figure id=\"attachment_191679\" aria-describedby=\"caption-attachment-191679\" style=\"width: 800px\" class=\"wp-caption alignnone\"><img decoding=\"async\" loading=\"lazy\" class=\"size-large wp-image-191679\" src=\"https:\/\/smago.de\/ws2\/wp-content\/uploads\/2022\/11\/1_RIVERBOAT_BERLIN_Logo_2021-800x448.jpg\" alt=\"\" width=\"800\" height=\"448\" srcset=\"https:\/\/smago.de\/ws2\/wp-content\/uploads\/2022\/11\/1_RIVERBOAT_BERLIN_Logo_2021-800x448.jpg 800w, https:\/\/smago.de\/ws2\/wp-content\/uploads\/2022\/11\/1_RIVERBOAT_BERLIN_Logo_2021-522x292.jpg 522w, https:\/\/smago.de\/ws2\/wp-content\/uploads\/2022\/11\/1_RIVERBOAT_BERLIN_Logo_2021-268x150.jpg 268w, https:\/\/smago.de\/ws2\/wp-content\/uploads\/2022\/11\/1_RIVERBOAT_BERLIN_Logo_2021-768x430.jpg 768w, https:\/\/smago.de\/ws2\/wp-content\/uploads\/2022\/11\/1_RIVERBOAT_BERLIN_Logo_2021-1536x860.jpg 1536w, https:\/\/smago.de\/ws2\/wp-content\/uploads\/2022\/11\/1_RIVERBOAT_BERLIN_Logo_2021-2048x1147.jpg 2048w, https:\/\/smago.de\/ws2\/wp-content\/uploads\/2022\/11\/1_RIVERBOAT_BERLIN_Logo_2021-392x220.jpg 392w, https:\/\/smago.de\/ws2\/wp-content\/uploads\/2022\/11\/1_RIVERBOAT_BERLIN_Logo_2021-130x73.jpg 130w, https:\/\/smago.de\/ws2\/wp-content\/uploads\/2022\/11\/1_RIVERBOAT_BERLIN_Logo_2021-794x445.jpg 794w, https:\/\/smago.de\/ws2\/wp-content\/uploads\/2022\/11\/1_RIVERBOAT_BERLIN_Logo_2021-870x487.jpg 870w, https:\/\/smago.de\/ws2\/wp-content\/uploads\/2022\/11\/1_RIVERBOAT_BERLIN_Logo_2021-292x164.jpg 292w, https:\/\/smago.de\/ws2\/wp-content\/uploads\/2022\/11\/1_RIVERBOAT_BERLIN_Logo_2021-435x244.jpg 435w\" sizes=\"(max-width: 800px) 100vw, 800px\" \/><figcaption id=\"caption-attachment-191679\" class=\"wp-caption-text\"><em>\u00a9 rbb<\/em><\/figcaption><\/figure>\n","protected":false},"excerpt":{"rendered":"<p>MDR FERNSEHEN + rbb FERNSEHEN, 22:00 Uhr &#8211; 00:10 Uhr! Moderation: Kim Fisher und (!) Dieter Hallervorden!<\/p>\n","protected":false},"author":2,"featured_media":191679,"comment_status":"open","ping_status":"closed","sticky":false,"template":"","format":"standard","meta":{"_FSMCFIC_featured_image_caption":"","_FSMCFIC_featured_image_nocaption":"","_FSMCFIC_featured_image_hide":""},"categories":[29,128],"tags":[131],"acf":[],"_links":{"self":[{"href":"https:\/\/smago.de\/ws2\/wp-json\/wp\/v2\/posts\/191676"}],"collection":[{"href":"https:\/\/smago.de\/ws2\/wp-json\/wp\/v2\/posts"}],"about":[{"href":"https:\/\/smago.de\/ws2\/wp-json\/wp\/v2\/types\/post"}],"author":[{"embeddable":true,"href":"https:\/\/smago.de\/ws2\/wp-json\/wp\/v2\/users\/2"}],"replies":[{"embeddable":true,"href":"https:\/\/smago.de\/ws2\/wp-json\/wp\/v2\/comments?post=191676"}],"version-history":[{"count":5,"href":"https:\/\/smago.de\/ws2\/wp-json\/wp\/v2\/posts\/191676\/revisions"}],"predecessor-version":[{"id":191781,"href":"https:\/\/smago.de\/ws2\/wp-json\/wp\/v2\/posts\/191676\/revisions\/191781"}],"wp:featuredmedia":[{"embeddable":true,"href":"https:\/\/smago.de\/ws2\/wp-json\/wp\/v2\/media\/191679"}],"wp:attachment":[{"href":"https:\/\/smago.de\/ws2\/wp-json\/wp\/v2\/media?parent=191676"}],"wp:term":[{"taxonomy":"category","embeddable":true,"href":"https:\/\/smago.de\/ws2\/wp-json\/wp\/v2\/categories?post=191676"},{"taxonomy":"post_tag","embeddable":true,"href":"https:\/\/smago.de\/ws2\/wp-json\/wp\/v2\/tags?post=191676"}],"curies":[{"name":"wp","href":"https:\/\/api.w.org\/{rel}","templated":true}]}}