{"id":191654,"date":"2022-11-03T00:00:24","date_gmt":"2022-11-02T23:00:24","guid":{"rendered":"https:\/\/smago.de\/ws2\/?p=191654"},"modified":"2022-11-02T22:06:01","modified_gmt":"2022-11-02T21:06:01","slug":"sibylle-sibylle-ueberrascht-ihre-fans-mit-dem-winter-und-weihnachtsalbum-dezembertraum","status":"publish","type":"post","link":"https:\/\/smago.de\/ws2\/pop-schlager\/sibylle-sibylle-ueberrascht-ihre-fans-mit-dem-winter-und-weihnachtsalbum-dezembertraum\/","title":{"rendered":"SIBYLLE <br>Sibylle \u00fcberrascht ihre Fans mit dem Winter- und Weihnachtsalbum &#8222;Dezembertr\u00e4ume&#8220;!"},"content":{"rendered":"<p style=\"text-align: justify;\">Neben bekannten traditionellen Liedern befinden sich auch Neuaufnahmen und unver\u00f6ffentlichte Titel der S\u00e4ngerin und Textdichterin auf dieser einmaligen Zusammenstellung!<br \/>\n<!--more--><\/p>\n<p>&nbsp;<\/p>\n<p>&nbsp;<\/p>\n<div>\n<p style=\"text-align: justify;\" align=\"center\"><span lang=\"DE\">Mit dem aktuellen Album hat sich <b>SIBYLLE<\/b> ihren \u201eDezembertraum\u201c erf\u00fcllt und bringt eine CD mit 14 winterlich-weihnachtlichen Titeln plus einem Bonustrack heraus.<\/span><\/p>\n<p style=\"text-align: justify;\" align=\"center\">Neben bekannten traditionellen Liedern befinden sich auch Neuaufnahmen und unver\u00f6ffentlichte Titel der S\u00e4ngerin auf der Compilation. Einige dieser Songs waren bisher nicht auf Tontr\u00e4gern und auch nicht digital verf\u00fcgbar.<\/p>\n<p style=\"text-align: justify;\" align=\"center\">Das Album startet mit der sehnsuchtsvollen Ballade <b>\u201eEndlich f\u00e4llt der erste Schnee\u201c<\/b>, die von Sibylle mit ihrer sch\u00f6nen Stimme interpretiert wird. Es geht um das Staunen und das Gl\u00fccksgef\u00fchl aus der Kinderzeit, wenn zum allerersten Mal im Jahr die Schneeflocken vom Himmel fallen.<\/p>\n<p style=\"text-align: justify;\" align=\"center\">Danach folgt der aus der ZDF-Sendung \u201eWinterwunderland\u201c bekannte Titel <b>\u201eNikolaus, heut Abend bin ich dein\u201c<\/b>in einer neu arrangierten modernen Fassung.<\/p>\n<p style=\"text-align: justify;\" align=\"center\">Eine Country-Version von <b>\u201eLeise rieselt der Schnee\u201c<\/b> gibt es in dieser musikalischen Anmutung mit mehrstimmigen Chors\u00e4tzen wahrscheinlich so noch nicht. Die Steel-Gitarre unterstreicht das Country-Feeling.<\/p>\n<p style=\"text-align: justify;\" align=\"center\">Der langsame Walzer <b>\u201eWeihnacht im Norden\u201c<\/b> findet sich auf dem Album als neu gemasterte Originalversion wieder und verbreitet ein nostalgisches nordisches Reetdach-Gef\u00fchl.<\/p>\n<p style=\"text-align: justify;\" align=\"center\">Eines der unver\u00f6ffentlichten Lieder auf dem Album ist die Geschichte <b>\u201eBalalaikas klangen durch die Winternacht\u201c<\/b>, die von der Sehnsucht eines alten Mannes nach seiner Heimat erz\u00e4hlt. Beim Klang der Balalaika tr\u00e4umt er sich nach Hause zur\u00fcck.<\/p>\n<p style=\"text-align: justify;\" align=\"center\"><b><span lang=\"DE\">\u201eEin Licht scheint f\u00fcr uns alle\u201c<\/span><\/b><span lang=\"DE\">, diese wundersch\u00f6ne Ballade mit dem Kinderchor der Musikschule Salzgitter aus dem Jahr 1999, klingt heute noch genauso anr\u00fchrend wie damals. Mit gef\u00fchlvoller Stimme singt <b>SIBYLLE <\/b>in diesem Lied \u00fcber Verbundenheit und Menschlichkeit in der vorweihnachtlichen Zeit und f\u00fcr den Frieden auf der Welt.<\/span><\/p>\n<p style=\"text-align: justify;\" align=\"center\">Einer der bei den Musikfans beliebtesten Titel von <b>SIBYLLE<\/b> ist der Up-Tempo Song <b>\u201eWinterwolf\u201c <\/b>mit modernen Gitarrenlicks und dem einf\u00fchlsamen Pianothema. Er erz\u00e4hlt von dem Mann, der als einsamer Wolf seinen Weg durchs Leben geht. Vielen kennen das im Harz gedrehte Musikvideo mit wundersch\u00f6nen Naturaufnahmen zum Song.<\/p>\n<p style=\"text-align: justify;\" align=\"center\">Ein weihnachtlicher Klassiker, den wohl jeder kennt ist <b>\u201eStill, still, still\u201c<\/b> im klassischen Gewand arrangiert und von <b>SIBYLLE<\/b> emotional gesungen.<\/p>\n<p style=\"text-align: justify;\" align=\"center\">Frisch und fr\u00f6hlich kommt der Popsong <b>\u201eIm letzten Winter\u201c<\/b> daher und verbreitet gute Laune mit seinem tanzbaren Groove und seiner Ohrwurm-Melodie. Hierzu gibt es ein beliebtes und \u201etierisch\u201c-sch\u00f6nes Musikvideo.<\/p>\n<p style=\"text-align: justify;\" align=\"center\"><b>\u201eWeihnacht mit dir\u201c<\/b> hat Kuschelfaktor-Qualit\u00e4t und erz\u00e4hlt von verliebten Herzen, die sich zur Weihnachtszeit endlich wieder in die Arme schlie\u00dfen k\u00f6nnen.<\/p>\n<p style=\"text-align: justify;\" align=\"center\">Die Neuaufnahme von <b>\u201eOh Tannenbaum\u201c<\/b> groovt unerwartet im tanzbaren Deep-House-Stil, ohne dass dem Original-Tannenbaum seine sch\u00f6ne Melodie abhandenkommt. Auch hier findet <b>SIBYLLE<\/b> wieder genau den richtigen Ton \ud83d\ude42<\/p>\n<p style=\"text-align: justify;\" align=\"center\">Ein weiterer unver\u00f6ffentlichter Titel aus dem Jahr 1999 ist die sehnsuchtsvolle Ballade <b>\u201eWenn alle Kerzen leuchten\u201c,<\/b> denn zur Weihnachtszeit freuen sich viele Menschen, nach einer Zeit der Trennung endlich wieder zusammen sein zu k\u00f6nnen.<\/p>\n<\/div>\n<div style=\"text-align: justify;\">\n<p style=\"text-align: justify;\" align=\"center\"><span style=\"text-align: justify;\">Zur bekannten Spendenaktion des Norddeutschen Rundfunks wurde das Lied <\/span><b style=\"text-align: justify;\">\u201eHand in Hand sind wir das Licht\u201c\u00a0<\/b><span style=\"text-align: justify;\">von <\/span><b style=\"text-align: justify;\">SIBYLLE<\/b><span style=\"text-align: justify;\"> und Armin Kandel geschrieben. Es erz\u00e4hlt von einer Zeit, in der die Menschlichkeit manchmal verloren zu gehen scheint. Doch gemeinsam mit Engagement und dem festen Glauben an das Gute werden immer wieder kleine Wunder entstehen.<\/span><\/p>\n<p><span style=\"text-align: justify;\">Das bekannte Weihnachtslied aus der ehemaligen DDR <\/span><b style=\"text-align: justify;\">\u201eSind die Lichter angez\u00fcndet\u201c<\/b><span style=\"text-align: justify;\"> wurde von <\/span><b style=\"text-align: justify;\">SIBYLLE<\/b><span style=\"text-align: justify;\"> neu interpretiert und im irischen Folk-Charakter arrangiert. Unterst\u00fctzt wird das Lied durch einen erfrischenden Kinderchor mit eigener Melodie<\/span><\/p>\n<p><span style=\"text-align: justify;\">Als BONUS -Track befindet sich auf der CD ein besonderes Gimmick. Es ist ein weiterer festlicher Mix des Songs <\/span><b style=\"text-align: justify;\">\u201eIm letzten Winter\u201c<\/b><span style=\"text-align: justify;\"> in einer wundersch\u00f6nen vorweihnachtlichen Crossover-Fassung.<\/span><\/p>\n<\/div>\n","protected":false},"excerpt":{"rendered":"<p>Neben bekannten traditionellen Liedern befinden sich auch Neuaufnahmen und unver\u00f6ffentlichte Titel der S\u00e4ngerin und Textdichterin auf dieser einmaligen Zusammenstellung!<\/p>\n","protected":false},"author":2,"featured_media":191655,"comment_status":"open","ping_status":"closed","sticky":false,"template":"","format":"standard","meta":{"_FSMCFIC_featured_image_caption":"","_FSMCFIC_featured_image_nocaption":"","_FSMCFIC_featured_image_hide":""},"categories":[28,39],"tags":[1006],"acf":[],"_links":{"self":[{"href":"https:\/\/smago.de\/ws2\/wp-json\/wp\/v2\/posts\/191654"}],"collection":[{"href":"https:\/\/smago.de\/ws2\/wp-json\/wp\/v2\/posts"}],"about":[{"href":"https:\/\/smago.de\/ws2\/wp-json\/wp\/v2\/types\/post"}],"author":[{"embeddable":true,"href":"https:\/\/smago.de\/ws2\/wp-json\/wp\/v2\/users\/2"}],"replies":[{"embeddable":true,"href":"https:\/\/smago.de\/ws2\/wp-json\/wp\/v2\/comments?post=191654"}],"version-history":[{"count":4,"href":"https:\/\/smago.de\/ws2\/wp-json\/wp\/v2\/posts\/191654\/revisions"}],"predecessor-version":[{"id":191659,"href":"https:\/\/smago.de\/ws2\/wp-json\/wp\/v2\/posts\/191654\/revisions\/191659"}],"wp:featuredmedia":[{"embeddable":true,"href":"https:\/\/smago.de\/ws2\/wp-json\/wp\/v2\/media\/191655"}],"wp:attachment":[{"href":"https:\/\/smago.de\/ws2\/wp-json\/wp\/v2\/media?parent=191654"}],"wp:term":[{"taxonomy":"category","embeddable":true,"href":"https:\/\/smago.de\/ws2\/wp-json\/wp\/v2\/categories?post=191654"},{"taxonomy":"post_tag","embeddable":true,"href":"https:\/\/smago.de\/ws2\/wp-json\/wp\/v2\/tags?post=191654"}],"curies":[{"name":"wp","href":"https:\/\/api.w.org\/{rel}","templated":true}]}}