{"id":191570,"date":"2022-10-29T23:59:23","date_gmt":"2022-10-29T21:59:23","guid":{"rendered":"https:\/\/smago.de\/ws2\/?p=191570"},"modified":"2022-10-29T21:44:40","modified_gmt":"2022-10-29T19:44:40","slug":"luc-timber-mit-und-in-ihm-lebt-der-perfekte-traum","status":"publish","type":"post","link":"https:\/\/smago.de\/ws2\/uncategorized\/luc-timber-mit-und-in-ihm-lebt-der-perfekte-traum\/","title":{"rendered":"LUC TIMBER <br>Mit und in ihm lebt &#8222;Der perfekte Traum&#8220;!"},"content":{"rendered":"<p>Die Song-Ver\u00f6ffentlichung erfolgt am 04.11.2022 via Fiesta Records (Andreas Rosmiarek)!<br \/>\n<!--more--><\/p>\n<p style=\"text-align: justify;\">\n<p style=\"text-align: justify;\">\nWenn die unendliche Leidenschaft zwischen zwei Menschen alle Grenzen der Vorstellungskraft sprengt, wenn sich alle Vors\u00e4tze und Kontrollversuche im Nichts der dunklen Nacht aufl\u00f6sen, und Raum und Zeit keine Bedeutung mehr haben, dann lebt mit und in dem S\u00e4nger LUC TIMBER \u201eDer perfekte Traum\u201c. Ein Traum von Allem. Greifbar oder doch nur reine Sehnsucht?<\/p>\n<p style=\"text-align: justify;\">Das neueste Lied des S\u00e4ngers Luc Timber nimmt uns mit auf seine pers\u00f6nliche und lebendige Reise durch die Liebe, das Leben und den deutschen Schlager.<\/p>\n<p style=\"text-align: justify;\">Geschrieben wurde der Titel von Thorsten Schmidt, Ingo Ruth und Franco Ferraro.<\/p>\n","protected":false},"excerpt":{"rendered":"<p>Die Song-Ver\u00f6ffentlichung erfolgt am 04.11.2022 via Fiesta Records (Andreas Rosmiarek)!<\/p>\n","protected":false},"author":2,"featured_media":191571,"comment_status":"open","ping_status":"closed","sticky":false,"template":"","format":"standard","meta":{"_FSMCFIC_featured_image_caption":"","_FSMCFIC_featured_image_nocaption":"","_FSMCFIC_featured_image_hide":""},"categories":[1],"tags":[2738],"acf":[],"_links":{"self":[{"href":"https:\/\/smago.de\/ws2\/wp-json\/wp\/v2\/posts\/191570"}],"collection":[{"href":"https:\/\/smago.de\/ws2\/wp-json\/wp\/v2\/posts"}],"about":[{"href":"https:\/\/smago.de\/ws2\/wp-json\/wp\/v2\/types\/post"}],"author":[{"embeddable":true,"href":"https:\/\/smago.de\/ws2\/wp-json\/wp\/v2\/users\/2"}],"replies":[{"embeddable":true,"href":"https:\/\/smago.de\/ws2\/wp-json\/wp\/v2\/comments?post=191570"}],"version-history":[{"count":1,"href":"https:\/\/smago.de\/ws2\/wp-json\/wp\/v2\/posts\/191570\/revisions"}],"predecessor-version":[{"id":191572,"href":"https:\/\/smago.de\/ws2\/wp-json\/wp\/v2\/posts\/191570\/revisions\/191572"}],"wp:featuredmedia":[{"embeddable":true,"href":"https:\/\/smago.de\/ws2\/wp-json\/wp\/v2\/media\/191571"}],"wp:attachment":[{"href":"https:\/\/smago.de\/ws2\/wp-json\/wp\/v2\/media?parent=191570"}],"wp:term":[{"taxonomy":"category","embeddable":true,"href":"https:\/\/smago.de\/ws2\/wp-json\/wp\/v2\/categories?post=191570"},{"taxonomy":"post_tag","embeddable":true,"href":"https:\/\/smago.de\/ws2\/wp-json\/wp\/v2\/tags?post=191570"}],"curies":[{"name":"wp","href":"https:\/\/api.w.org\/{rel}","templated":true}]}}