{"id":191442,"date":"2022-10-27T23:59:45","date_gmt":"2022-10-27T21:59:45","guid":{"rendered":"https:\/\/smago.de\/ws2\/?p=191442"},"modified":"2022-10-28T00:10:48","modified_gmt":"2022-10-27T22:10:48","slug":"dj-bobo-u-a-fr-28-10-2022-in-der-talk-show-3nach9-zu-gast","status":"publish","type":"post","link":"https:\/\/smago.de\/ws2\/pop\/dj-bobo-u-a-fr-28-10-2022-in-der-talk-show-3nach9-zu-gast\/","title":{"rendered":"DJ BOBO u.a. <br>Fr. (28.10.2022) in der Talk-Show &#8222;3nach9&#8220; zu Gast!"},"content":{"rendered":"<p>NDR fernsehen + hr fernsehen, 22:00 Uhr &#8211; 00:10 Uhr! Moderation: Judith Rakers und Giovanni di Lorenzo!<br \/>\n<!--more--><\/p>\n<p>&nbsp;<\/p>\n<div>Judith Rakers und Giovanni di Lorenzo begr\u00fc\u00dfen folgende G\u00e4ste &#8230;:<\/p>\n<\/div>\n<div>\u2022Ingo Zamperoni<\/div>\n<div>\u2022Lang Lang und Gina Alice<\/div>\n<div>\u2022Jens Spahn<\/div>\n<div>\u2022Nazan Eckes<\/div>\n<div>\u2022DJ BoBo<\/div>\n<div>\u2022Urban Priol<\/div>\n<div>\u2022Thorsten Schr\u00f6der<\/div>\n<div><\/div>\n<div><\/div>\n<div style=\"text-align: justify;\"><\/div>\n<div style=\"text-align: justify;\"><\/div>\n<div style=\"text-align: justify;\"><\/div>\n<div style=\"text-align: justify;\"><\/div>\n<div style=\"text-align: justify;\"><\/div>\n<div style=\"text-align: justify;\"><strong>\u2022Ingo Zamperoni<\/strong><\/div>\n<div style=\"text-align: justify;\"><\/div>\n<div><\/div>\n<div style=\"text-align: justify;\">Ingo Zamperoni ist Journalist und Moderator der &#8222;tagesthemen&#8220;. Aufgrund seiner Familie und seiner beruflichen Vergangenheit, f\u00fchlt er sich nach wie vor mit Amerika eng verbunden. So reiste der Journalist kurz vor den Halbzeitwahlen, die am 8. November 2022 in den Vereinigten Staaten stattfinden, quer durch den Kontinent, um die Stimmung im Land zu erkunden und um zu schauen, wie sich das Land nach der Abwahl von Donald Trump ver\u00e4ndert hat. Zamperonis famili\u00e4r-politische Spurensuche f\u00fchrt von Montana einmal durch die USA, nach Texas, Louisiana und Neuengland. Bei &#8222;3nach9&#8220; berichtet er \u00fcber seine spannenden und eindr\u00fccklichsten Erlebnisse.<\/div>\n<div><\/div>\n<div><\/div>\n<div><\/div>\n<div><\/div>\n<div><\/div>\n<div style=\"text-align: justify;\"><strong>\u2022Lang Lang und Gina Alice<\/strong><\/div>\n<div><\/div>\n<div style=\"text-align: justify;\"><\/div>\n<div style=\"text-align: justify;\">Gina Alice ist eine deutsch-koreanische Pianistin, deren musikalisches Talent schon sehr fr\u00fch erkannt und gef\u00f6rdert wurde. Neben ihrer musikalischen Begabung, beherrscht sie f\u00fcnf Sprachen. In welcher sie sich mit ihrem chinesischen Ehemann, dem Starpianisten Lang Lang, unterh\u00e4lt, wird man bei ihrem ersten gemeinsamen Besuch einer Talkshow herausfinden. Die Eltern eines Sohnes werden auch gemeinsam am Fl\u00fcgel eine exklusive Kostprobe aus dem neuesten Werk des Klaviervirtuosen zum Besten geben. Darin entf\u00fchrt Lang Lang seine H\u00f6rerinnen und H\u00f6rer in die Welt von Disneys Klassikern der Filmgeschichte. Da wird Vorfreude auf Melodien aus &#8222;Pinocchio&#8220;, &#8222;Aladdin&#8220; und &#8222;K\u00f6nig der L\u00f6wen&#8220; geweckt.<\/div>\n<div><\/div>\n<div><\/div>\n<div><\/div>\n<div><\/div>\n<div><\/div>\n<div><\/div>\n<div style=\"text-align: justify;\"><strong>\u2022Jens Spahn<\/strong><\/div>\n<div><\/div>\n<div style=\"text-align: justify;\"><\/div>\n<div style=\"text-align: justify;\">&#8222;M\u00fcnsterl\u00e4nder. Ehemann. Katholik. Mitglied des CDU- Pr\u00e4sidiums. Parlamentarier. Fraktionsvize&#8220;, so kurz und knapp beschreibt sich Jens Spahn auf seiner Homepage. Nicht zu vergessen: 2018 wurde er als Bundesminister f\u00fcr Gesundheit vereidigt und hatte ab Januar 2020 durch die Pandemie mit besonderen Herausforderungen zu k\u00e4mpfen. Nun hat der Ex- Gesundheitsminister ein Buch \u00fcber die Coronakrise und ihre Auswirkungen auf die Gesellschaft geschrieben. Wie der Politiker r\u00fcckblickend \u00fcber die schweren Zeiten denkt und die Zukunft sieht, erz\u00e4hlt er bei &#8222;3nach9&#8220;.<\/div>\n<div><\/div>\n<div><\/div>\n<div><\/div>\n<div><\/div>\n<div><\/div>\n<div><\/div>\n<div style=\"text-align: justify;\"><strong>\u2022Nazan Eckes<\/strong><\/div>\n<div><\/div>\n<div style=\"text-align: justify;\"><\/div>\n<div style=\"text-align: justify;\">Nazan Eckes ist ein echter Superstar, allein auf Instagram folgen ihr fast 360.000 Menschen. Dort konnte man auch sehen, wie sie k\u00fcrzlich mit ihren beiden Geschwistern den 70. Geburtstag ihrer Mutter feierte. Die Moderatorin und Tochter t\u00fcrkischer Einwanderer bezeichnet ihre Mutter liebevoll als &#8222;beste Mama, Oma und K\u00f6chin&#8220;. Nun hat sie deren Lieblingsrezepte kreativ und modern umgesetzt. Welche Rituale aus ihrer Kindheit Nazan Eckes heute an ihre beiden S\u00f6hne weitergibt und ob sie es schafft, Giovanni di Lorenzo vom Geschmack des Knoblauchs zu \u00fcberzeugen, erf\u00e4hrt man bei &#8222;3nach9&#8220;.<\/div>\n<div><\/div>\n<div><\/div>\n<div><\/div>\n<div><\/div>\n<div><\/div>\n<div><\/div>\n<div style=\"text-align: justify;\"><strong>\u2022DJ BoBo<\/strong><\/div>\n<div><\/div>\n<div style=\"text-align: justify;\"><\/div>\n<div style=\"text-align: justify;\">Er ist der K\u00f6nig der B\u00fchnenshows: DJ BoBo wei\u00df, wie man die Massen begeistert. Mit Hits wie &#8222;Pray&#8220; und &#8222;Chihuahua&#8220; sorgt der Perfektionist bei seinen Fans f\u00fcr gute Laune und so manchen Ohrwurm. Aufgewachsen in einem kleinen Ort im Kanton Aargau, verfolgte der gelernte B\u00e4ckermeister seinen musikalischen Traum und mauserte sich vom Dorf-DJ zum Dancefloor-Star. Heute z\u00e4hlt der Produzent zu den erfolgreichsten europ\u00e4ischen K\u00fcnstlern der Popmusik. Nun feiert das Ausnahmetalent sein 30-j\u00e4hriges B\u00fchnenjubil\u00e4um und geht 2023 endlich wieder auf Tour. Wie wichtig Flei\u00df und Beharrlichkeit f\u00fcr seine Karriere waren, wie er mit Kritik umgeht und wann der Strahlemann auch mal schlechte Laune hat, verr\u00e4t DJ BoBo in der Talkshow aus Bremen.<\/div>\n<div><\/div>\n<div><\/div>\n<div><\/div>\n<div><\/div>\n<div><\/div>\n<div style=\"text-align: justify;\"><strong>\u2022Urban Priol<\/strong><\/div>\n<div><\/div>\n<div style=\"text-align: justify;\"><\/div>\n<div style=\"text-align: justify;\">Toupierter Haarkranz, schrilles Hemd, auf dem Tisch ein alkoholfreies Weizenbier: Markenzeichen von Urban Priol. Der geb\u00fcrtige Aschaffenburger absolvierte bereits mit Anfang 20 erste B\u00fchnenauftritte und stieg im Laufe der Jahre zur ersten Garde der deutschen Kabarettisten auf. Im August wurde er Ehrenpreistr\u00e4ger des Satire- und Kleinkunstpreises Prix Pantheon. Auf die scharfz\u00fcngigen Jahresr\u00fcckblicke des ehemaligen Lehramtsstudierenden freuen sich Fans schon monatelang. Erste Kostproben daraus gibt es bei &#8222;3nach9&#8220;.<\/div>\n<div><\/div>\n<div><\/div>\n<div><\/div>\n<div><\/div>\n<div><\/div>\n<div style=\"text-align: justify;\"><strong>\u2022Thorsten Schr\u00f6der<\/strong><\/div>\n<div><\/div>\n<div style=\"text-align: justify;\"><\/div>\n<div style=\"text-align: justify;\">Als Sprecher der &#8222;tagesschau&#8220; informiert er \u00fcber die Nachrichten des Tages. Doch in seiner freien Zeit tauscht er den Businessanzug gegen Sportklamotten und leistet H\u00f6chstleistungen im Wasser, auf dem Rad und der Laufstrecke. Der Journalist Thorsten Schr\u00f6der ist begeisterter Triathlet und erf\u00fcllt sich in diesem Jahr nun schon zum zweiten Mal einen gro\u00dfen Traum: Der 54-J\u00e4hrige startet Anfang Oktober bei der Triathlon-Weltmeisterschaft, dem Ironman auf Hawaii. 3,8 Kilometer Schwimmen, 180,2 Kilometer Radfahren und 42,195 Kilometer Laufen stehen auf dem Programm des Norddeutschen. Was gut drei Wochen nach dem Start noch schmerzt? Danach wird Thorsten Schr\u00f6der nat\u00fcrlich in der Sendung gefragt.<\/div>\n<div style=\"text-align: justify;\"><\/div>\n<div><\/div>\n<div><\/div>\n<div><\/div>\n<div>\n<figure id=\"attachment_164303\" aria-describedby=\"caption-attachment-164303\" style=\"width: 800px\" class=\"wp-caption alignnone\"><img decoding=\"async\" loading=\"lazy\" class=\"size-large wp-image-164303\" src=\"https:\/\/smago.de\/ws2\/wp-content\/uploads\/2021\/04\/3nach9_Radio-Bremen-Matthias-Hornung-800x450.jpg\" alt=\"\" width=\"800\" height=\"450\" srcset=\"https:\/\/smago.de\/ws2\/wp-content\/uploads\/2021\/04\/3nach9_Radio-Bremen-Matthias-Hornung-800x450.jpg 800w, https:\/\/smago.de\/ws2\/wp-content\/uploads\/2021\/04\/3nach9_Radio-Bremen-Matthias-Hornung-522x294.jpg 522w, https:\/\/smago.de\/ws2\/wp-content\/uploads\/2021\/04\/3nach9_Radio-Bremen-Matthias-Hornung-267x150.jpg 267w, https:\/\/smago.de\/ws2\/wp-content\/uploads\/2021\/04\/3nach9_Radio-Bremen-Matthias-Hornung-768x432.jpg 768w, https:\/\/smago.de\/ws2\/wp-content\/uploads\/2021\/04\/3nach9_Radio-Bremen-Matthias-Hornung-1536x864.jpg 1536w, https:\/\/smago.de\/ws2\/wp-content\/uploads\/2021\/04\/3nach9_Radio-Bremen-Matthias-Hornung-2048x1152.jpg 2048w, https:\/\/smago.de\/ws2\/wp-content\/uploads\/2021\/04\/3nach9_Radio-Bremen-Matthias-Hornung-392x221.jpg 392w, https:\/\/smago.de\/ws2\/wp-content\/uploads\/2021\/04\/3nach9_Radio-Bremen-Matthias-Hornung-130x73.jpg 130w, https:\/\/smago.de\/ws2\/wp-content\/uploads\/2021\/04\/3nach9_Radio-Bremen-Matthias-Hornung-791x445.jpg 791w, https:\/\/smago.de\/ws2\/wp-content\/uploads\/2021\/04\/3nach9_Radio-Bremen-Matthias-Hornung-870x489.jpg 870w, https:\/\/smago.de\/ws2\/wp-content\/uploads\/2021\/04\/3nach9_Radio-Bremen-Matthias-Hornung-292x164.jpg 292w, https:\/\/smago.de\/ws2\/wp-content\/uploads\/2021\/04\/3nach9_Radio-Bremen-Matthias-Hornung-435x245.jpg 435w, https:\/\/smago.de\/ws2\/wp-content\/uploads\/2021\/04\/3nach9_Radio-Bremen-Matthias-Hornung-895x503.jpg 895w\" sizes=\"(max-width: 800px) 100vw, 800px\" \/><figcaption id=\"caption-attachment-164303\" class=\"wp-caption-text\"><em>Foto-Credit: Radio Bremen \/ Matthias Hornung<\/em><\/figcaption><\/figure>\n<\/div>\n","protected":false},"excerpt":{"rendered":"<p>NDR fernsehen + hr fernsehen, 22:00 Uhr &#8211; 00:10 Uhr! Moderation: Judith Rakers und Giovanni di Lorenzo!<\/p>\n","protected":false},"author":2,"featured_media":164303,"comment_status":"open","ping_status":"closed","sticky":false,"template":"","format":"standard","meta":{"_FSMCFIC_featured_image_caption":"","_FSMCFIC_featured_image_nocaption":"","_FSMCFIC_featured_image_hide":""},"categories":[27,128],"tags":[215],"acf":[],"_links":{"self":[{"href":"https:\/\/smago.de\/ws2\/wp-json\/wp\/v2\/posts\/191442"}],"collection":[{"href":"https:\/\/smago.de\/ws2\/wp-json\/wp\/v2\/posts"}],"about":[{"href":"https:\/\/smago.de\/ws2\/wp-json\/wp\/v2\/types\/post"}],"author":[{"embeddable":true,"href":"https:\/\/smago.de\/ws2\/wp-json\/wp\/v2\/users\/2"}],"replies":[{"embeddable":true,"href":"https:\/\/smago.de\/ws2\/wp-json\/wp\/v2\/comments?post=191442"}],"version-history":[{"count":1,"href":"https:\/\/smago.de\/ws2\/wp-json\/wp\/v2\/posts\/191442\/revisions"}],"predecessor-version":[{"id":191443,"href":"https:\/\/smago.de\/ws2\/wp-json\/wp\/v2\/posts\/191442\/revisions\/191443"}],"wp:featuredmedia":[{"embeddable":true,"href":"https:\/\/smago.de\/ws2\/wp-json\/wp\/v2\/media\/164303"}],"wp:attachment":[{"href":"https:\/\/smago.de\/ws2\/wp-json\/wp\/v2\/media?parent=191442"}],"wp:term":[{"taxonomy":"category","embeddable":true,"href":"https:\/\/smago.de\/ws2\/wp-json\/wp\/v2\/categories?post=191442"},{"taxonomy":"post_tag","embeddable":true,"href":"https:\/\/smago.de\/ws2\/wp-json\/wp\/v2\/tags?post=191442"}],"curies":[{"name":"wp","href":"https:\/\/api.w.org\/{rel}","templated":true}]}}