{"id":191327,"date":"2022-10-26T22:27:29","date_gmt":"2022-10-26T20:27:29","guid":{"rendered":"https:\/\/smago.de\/ws2\/?p=191327"},"modified":"2022-10-26T22:27:29","modified_gmt":"2022-10-26T20:27:29","slug":"faeaschtbaenkler-faeaschtbaenkler-mit-gold-und-platin-ausgezeichnet","status":"publish","type":"post","link":"https:\/\/smago.de\/ws2\/party-schlager\/faeaschtbaenkler-faeaschtbaenkler-mit-gold-und-platin-ausgezeichnet\/","title":{"rendered":"F\u00c4ASCHTB\u00c4NKLER <br> F\u00c4ASCHTB\u00c4NKLER mit Gold und Platin ausgezeichnet!"},"content":{"rendered":"<p>Wir gratulieren !!!<br \/>\n<!--more--><\/p>\n<p>&nbsp;<\/p>\n<p style=\"text-align: justify;\">\n<p style=\"text-align: justify;\"><strong>Wien \u2013<\/strong> Am Abend des 25.10.2022 meldet die Planet.tt Bank Austria Halle Gasometer Wien \u201eAusverkauft!\u201c. Die Schweizer Band F\u00c4ASCHTB\u00c4NKLER hatten zum Konzert geladen.<\/p>\n<p style=\"text-align: justify;\">Die F\u00e4aschtb\u00e4nkler stehen f\u00fcr genre\u00fcbergreifenden Pop-Hardstyleblow mit Volksmusikinstrumenten, f\u00fcr rasante, einmalige Genre-Mash-ups \u2013 und vor allem f\u00fcr randvolle, explodierende Hallen und Tanzfl\u00e4chen. Sie sind Poperneuerer und gro\u00dfartige Hitmaker mit ungew\u00f6hnlichem Instrumentenarsenal, Massen-Entertainer mit Bodenhaftung und echte Tanzwut-Vision\u00e4re. Und genau daf\u00fcr liebt ihr Publikum sie.<\/p>\n<p style=\"text-align: justify;\">Wie gro\u00df diese Liebe ist, durften Michael Hutter, Roman Pizio, Andreas Frei, Roman W\u00fcthrich und Marco Graber kurz vor ihrem Wien-Konzert sp\u00fcren. Bevor die f\u00fcnf Schweizer die B\u00fchne st\u00fcrmten, ehrte sie ihr Label Rosenklang mit Doppel-Platin und Dreifach-Gold.<\/p>\n<p style=\"text-align: justify;\">Die F\u00e4aschtb\u00e4nkler erhielten f\u00fcr ihre Single \u201eCan you english please\u201c Platin aus \u00d6sterreich und aus der Schweiz, f\u00fcr ihre Single \u201ePartyplanet\u201c bekamen sie Gold aus \u00d6sterreich und der Schweiz und, um das Full House komplett zu machen, wurde ihre Single \u201eHumpa Humpa\u201c noch mit Gold aus \u00d6sterreich ausgezeichnet.<\/p>\n<p style=\"text-align: justify;\">Seit Jahren arbeiten die F\u00e4aschtb\u00e4nkler mit Rosenklang als Label, Management und Booking eng zusammen. Vertrieb ist RoughTrade. Martin Simma, Inhaber Rosenklang, gratulierte der Band zu f\u00fcnffachem Edelmetall: \u201eHerzlichen Gl\u00fcckwunsch an die F\u00e4aschtb\u00e4nkler zu Doppelplatin und Dreifachgold! Eine enge, vertrauensvolle Arbeit, die schon seit mehreren Jahren ihre Fr\u00fcchte tr\u00e4gt und die sehr viel Freude macht. Die F\u00e4aschtb\u00e4nkler arbeiten mit wahnsinnig viel Engagement und Spa\u00df an der Sache und sind immer bereit neue Wege zu gehen. Wir von Rosenklang sind dankbar mit ihnen diesen Weg gemeinsam zu gehen und freuen uns auf alles, was noch vor uns liegt!\u201c<\/p>\n<p style=\"text-align: justify;\">Die F\u00e4aschtb\u00e4nkler sind genre\u00fcbergreifend und belegen damit eine einzigartige Stellung. Dies zeigt sich auch an den Festivals, auf denen die Band vertreten ist. Sie spielen bei den Rockfestivals &#8211; Nova-Rock in \u00d6sterreich, Gampel Open Air in der Schweiz, Taubertal Festival in Deutschland &#8211; genauso wie als Headliner beim Woodstock der Blasmusik oder beim Schlagerfestival Flumserberg.<\/p>\n<p style=\"text-align: justify;\">Auch die Acts, die mit ihnen zusammen bereits Songs machten, zeigt die Vielfalt, wie zum Beispiel HBz oder FiNCH. Gleichtzeitig liefern die F\u00e4aschtb\u00e4nkler schon seit einigen Staffeln die Trailermusik zu \u201eBauer sucht Frau\u201c in \u00d6sterreich.<\/p>\n<p style=\"text-align: justify;\">Unter dem Dach von Rosenklang ist das Musikmanagement, das neben F\u00e4aschtb\u00e4nkler auch\u00a0Acts wie voXXclub, Markus Becker, Julia Lindholm oder Troglauer betreut. Die Labels von\u00a0Rosenklang sind Rosenklang, popXsound (junger Pop-Schlager), IsHaltGeil (Party und\u00a0Comedy) und Strickfabrick (Indie-Pop).<\/p>\n<p>&nbsp;<\/p>\n<p>&nbsp;<\/p>\n<figure id=\"attachment_191328\" aria-describedby=\"caption-attachment-191328\" style=\"width: 800px\" class=\"wp-caption alignnone\"><img decoding=\"async\" loading=\"lazy\" class=\"size-large wp-image-191328\" src=\"https:\/\/smago.de\/ws2\/wp-content\/uploads\/2022\/10\/Fa_aschtba_nkler-Edelmetallverleihung-2022_Gesamtes-Team_c_Rosenklang-800x600.jpg\" alt=\"\" width=\"800\" height=\"600\" srcset=\"https:\/\/smago.de\/ws2\/wp-content\/uploads\/2022\/10\/Fa_aschtba_nkler-Edelmetallverleihung-2022_Gesamtes-Team_c_Rosenklang-800x600.jpg 800w, https:\/\/smago.de\/ws2\/wp-content\/uploads\/2022\/10\/Fa_aschtba_nkler-Edelmetallverleihung-2022_Gesamtes-Team_c_Rosenklang-522x392.jpg 522w, https:\/\/smago.de\/ws2\/wp-content\/uploads\/2022\/10\/Fa_aschtba_nkler-Edelmetallverleihung-2022_Gesamtes-Team_c_Rosenklang-200x150.jpg 200w, https:\/\/smago.de\/ws2\/wp-content\/uploads\/2022\/10\/Fa_aschtba_nkler-Edelmetallverleihung-2022_Gesamtes-Team_c_Rosenklang-768x576.jpg 768w, https:\/\/smago.de\/ws2\/wp-content\/uploads\/2022\/10\/Fa_aschtba_nkler-Edelmetallverleihung-2022_Gesamtes-Team_c_Rosenklang-1536x1152.jpg 1536w, https:\/\/smago.de\/ws2\/wp-content\/uploads\/2022\/10\/Fa_aschtba_nkler-Edelmetallverleihung-2022_Gesamtes-Team_c_Rosenklang-2048x1536.jpg 2048w, https:\/\/smago.de\/ws2\/wp-content\/uploads\/2022\/10\/Fa_aschtba_nkler-Edelmetallverleihung-2022_Gesamtes-Team_c_Rosenklang-363x272.jpg 363w, https:\/\/smago.de\/ws2\/wp-content\/uploads\/2022\/10\/Fa_aschtba_nkler-Edelmetallverleihung-2022_Gesamtes-Team_c_Rosenklang-130x98.jpg 130w, https:\/\/smago.de\/ws2\/wp-content\/uploads\/2022\/10\/Fa_aschtba_nkler-Edelmetallverleihung-2022_Gesamtes-Team_c_Rosenklang-593x445.jpg 593w, https:\/\/smago.de\/ws2\/wp-content\/uploads\/2022\/10\/Fa_aschtba_nkler-Edelmetallverleihung-2022_Gesamtes-Team_c_Rosenklang-696x522.jpg 696w, https:\/\/smago.de\/ws2\/wp-content\/uploads\/2022\/10\/Fa_aschtba_nkler-Edelmetallverleihung-2022_Gesamtes-Team_c_Rosenklang-253x190.jpg 253w, https:\/\/smago.de\/ws2\/wp-content\/uploads\/2022\/10\/Fa_aschtba_nkler-Edelmetallverleihung-2022_Gesamtes-Team_c_Rosenklang-387x290.jpg 387w\" sizes=\"(max-width: 800px) 100vw, 800px\" \/><figcaption id=\"caption-attachment-191328\" class=\"wp-caption-text\"><em>Das Foto (Credit: Rosenklang) zeigt (von links): Martin Simma (Rosenklang), Michael Hutter, Roman Pizio, Roman W\u00fcthrich, Marco Graber, Andreas Frei (alle F\u00e4aschtb\u00e4nkler), Diana Buchholz (Rosenklang).<\/em><\/figcaption><\/figure>\n","protected":false},"excerpt":{"rendered":"<p>Wir gratulieren !!!<\/p>\n","protected":false},"author":2,"featured_media":191328,"comment_status":"open","ping_status":"closed","sticky":false,"template":"","format":"standard","meta":{"_FSMCFIC_featured_image_caption":"","_FSMCFIC_featured_image_nocaption":"","_FSMCFIC_featured_image_hide":""},"categories":[26,39],"tags":[228],"acf":[],"_links":{"self":[{"href":"https:\/\/smago.de\/ws2\/wp-json\/wp\/v2\/posts\/191327"}],"collection":[{"href":"https:\/\/smago.de\/ws2\/wp-json\/wp\/v2\/posts"}],"about":[{"href":"https:\/\/smago.de\/ws2\/wp-json\/wp\/v2\/types\/post"}],"author":[{"embeddable":true,"href":"https:\/\/smago.de\/ws2\/wp-json\/wp\/v2\/users\/2"}],"replies":[{"embeddable":true,"href":"https:\/\/smago.de\/ws2\/wp-json\/wp\/v2\/comments?post=191327"}],"version-history":[{"count":1,"href":"https:\/\/smago.de\/ws2\/wp-json\/wp\/v2\/posts\/191327\/revisions"}],"predecessor-version":[{"id":191329,"href":"https:\/\/smago.de\/ws2\/wp-json\/wp\/v2\/posts\/191327\/revisions\/191329"}],"wp:featuredmedia":[{"embeddable":true,"href":"https:\/\/smago.de\/ws2\/wp-json\/wp\/v2\/media\/191328"}],"wp:attachment":[{"href":"https:\/\/smago.de\/ws2\/wp-json\/wp\/v2\/media?parent=191327"}],"wp:term":[{"taxonomy":"category","embeddable":true,"href":"https:\/\/smago.de\/ws2\/wp-json\/wp\/v2\/categories?post=191327"},{"taxonomy":"post_tag","embeddable":true,"href":"https:\/\/smago.de\/ws2\/wp-json\/wp\/v2\/tags?post=191327"}],"curies":[{"name":"wp","href":"https:\/\/api.w.org\/{rel}","templated":true}]}}