{"id":191283,"date":"2022-10-25T18:39:54","date_gmt":"2022-10-25T16:39:54","guid":{"rendered":"https:\/\/smago.de\/ws2\/?p=191283"},"modified":"2022-10-25T18:41:15","modified_gmt":"2022-10-25T16:41:15","slug":"peter-fox-peter-fox-meldet-sich-ueberraschend-mit-dem-song-zukunft-pink-feat-ines-zurueck","status":"publish","type":"post","link":"https:\/\/smago.de\/ws2\/pop\/peter-fox-peter-fox-meldet-sich-ueberraschend-mit-dem-song-zukunft-pink-feat-ines-zurueck\/","title":{"rendered":"PETER FOX <br>Peter Fox meldet sich \u00fcberraschend mit dem Song &#8222;Zukunft Pink&#8220; (feat. In\u00e9s) zur\u00fcck!"},"content":{"rendered":"<p>Sehen Sie HIER den Videoclip &#8230;:<br \/>\n<!--more--><\/p>\n<p>&nbsp;<\/p>\n<p style=\"text-align: justify;\">Er ist zur\u00fcck und h\u00e4lt fest: Die beste Zeit f\u00fcr Zukunft ist jetzt. Mit seiner neuen <strong>Single \u201cZukunft Pink\u201d<\/strong> liefert <strong>PETER FOX\u00a0<\/strong>ein Pl\u00e4doyer f\u00fcr die Hoffnung, f\u00fcr lebensnotwendige Leichtigkeit in schweren Zeiten, f\u00fcrs Loslassen und neu Anpacken.<\/p>\n<p>Inspiriert von famili\u00e4ren Hinterhofparties und dem Morgen danach, von aktuellen Beats aus S\u00fcd- und Westafrika sowie dem glasklaren Morgentau \u00fcber den Weiten Brandenburgs, zelebriert der <strong>Seeed<\/strong>-Frontmann an der Seite von <strong>In\u00e9z<\/strong> (eine H\u00e4lfte des Dresdener Duos <strong>\u00c4tna<\/strong>) darin Aufbruch und Zuversicht, Mut und Miteinander und reiht sich ganz nebenbei in die <em>\u2018<strong>Tax me now<\/strong>\u2019<\/em>-Bewegung ein.<\/p>\n<p style=\"text-align: justify;\">Lasst uns mutige Schritte machen, kleine Schritte gern, aber nach vorne. Und dann bleiben wir zusammen wach, bis die Wolken weg sind und die Zukunft wieder pink ist. &#8211; Diese Zukunft beschreibt Peter Fox, wie er es der deutschen Popmusik einst beigebracht hat: ohne jeden Schmonzes, mit hyper-pr\u00e4gnanten Bildern, die das ganz Gro\u00dfe klein und das gro\u00dfe Ganze greifbar machen.<\/p>\n<p>Neuer Sound, Classic Fox. <em>\u201cAlle malen schwarz, ich seh die Zukunft pink\u201d<\/em>, lautet seine Devise \u2013 HIER \u00a0im eindrucksvollen <strong>Musikvideo\u00a0<\/strong>zu bestaunen &#8230;:<\/p>\n<p><iframe loading=\"lazy\" src=\"\/\/www.youtube.com\/embed\/kNT87WiK1dg\" width=\"800\" height=\"449\" allowfullscreen=\"allowfullscreen\"><\/iframe><\/p>\n","protected":false},"excerpt":{"rendered":"<p>Sehen Sie HIER den Videoclip &#8230;:<\/p>\n","protected":false},"author":2,"featured_media":191284,"comment_status":"open","ping_status":"closed","sticky":false,"template":"","format":"aside","meta":{"_FSMCFIC_featured_image_caption":"","_FSMCFIC_featured_image_nocaption":"","_FSMCFIC_featured_image_hide":""},"categories":[27],"tags":[2728],"acf":[],"_links":{"self":[{"href":"https:\/\/smago.de\/ws2\/wp-json\/wp\/v2\/posts\/191283"}],"collection":[{"href":"https:\/\/smago.de\/ws2\/wp-json\/wp\/v2\/posts"}],"about":[{"href":"https:\/\/smago.de\/ws2\/wp-json\/wp\/v2\/types\/post"}],"author":[{"embeddable":true,"href":"https:\/\/smago.de\/ws2\/wp-json\/wp\/v2\/users\/2"}],"replies":[{"embeddable":true,"href":"https:\/\/smago.de\/ws2\/wp-json\/wp\/v2\/comments?post=191283"}],"version-history":[{"count":2,"href":"https:\/\/smago.de\/ws2\/wp-json\/wp\/v2\/posts\/191283\/revisions"}],"predecessor-version":[{"id":191286,"href":"https:\/\/smago.de\/ws2\/wp-json\/wp\/v2\/posts\/191283\/revisions\/191286"}],"wp:featuredmedia":[{"embeddable":true,"href":"https:\/\/smago.de\/ws2\/wp-json\/wp\/v2\/media\/191284"}],"wp:attachment":[{"href":"https:\/\/smago.de\/ws2\/wp-json\/wp\/v2\/media?parent=191283"}],"wp:term":[{"taxonomy":"category","embeddable":true,"href":"https:\/\/smago.de\/ws2\/wp-json\/wp\/v2\/categories?post=191283"},{"taxonomy":"post_tag","embeddable":true,"href":"https:\/\/smago.de\/ws2\/wp-json\/wp\/v2\/tags?post=191283"}],"curies":[{"name":"wp","href":"https:\/\/api.w.org\/{rel}","templated":true}]}}