{"id":190808,"date":"2022-10-15T11:11:55","date_gmt":"2022-10-15T09:11:55","guid":{"rendered":"https:\/\/smago.de\/ws2\/?p=190808"},"modified":"2022-10-15T11:11:55","modified_gmt":"2022-10-15T09:11:55","slug":"vincent-gross-vincent-gross-steigt-mit-frei-auf-platz-4-der-offiziellen-deutschen-album-charts-ein","status":"publish","type":"post","link":"https:\/\/smago.de\/ws2\/pop-schlager\/vincent-gross-vincent-gross-steigt-mit-frei-auf-platz-4-der-offiziellen-deutschen-album-charts-ein\/","title":{"rendered":"VINCENT GROSS <br>Vincent Gross steigt mit &#8222;Frei&#8220; auf Platz 4 der Offiziellen Deutschen Album Charts ein &#8230;"},"content":{"rendered":"<p>&#8230; und erreicht damit sein bisher bestes Chart-Ergebnis in Deutschland!<br \/>\n<!--more--><\/p>\n<p style=\"text-align: justify;\">\n<p style=\"text-align: justify;\">\n<p style=\"text-align: justify;\"><strong>S\u00e4nger, Songwriter, Moderator, Nr.1-K\u00fcnstler in der Schweiz &#8211; Vincent Gross<\/strong> hat sich in den letzten Jahren zu einer festen und erfolgreichen Gr\u00f6\u00dfe der Schlagerlandschaft in Deutschland, \u00d6sterreich und der Schweiz entwickelt. Nun schreibt er seine Erfolgsgeschichte fort und erreicht <strong>mit seinem neuen Album \u201eFrei\u201c<\/strong> &#8211; seinem mittlerweile vierten Studioalbum &#8211; <strong>Platz 4 <\/strong>und gleichzeitig <strong>das beste Ergebnis seiner bisherigen Karriere in den Offiziellen Deutschen Albumcharts.<\/strong> Vincent Gross geh\u00f6rt ohne Frage zu den spannendsten und erfolgreichsten m\u00e4nnlichen Schlagers\u00e4ngern, der aktuell auch bei der TV-Show \u201eImmer wieder sonntags\u201c (ARD) als Musikquiz-Moderator von sich reden macht.<\/p>\n<p>&nbsp;<\/p>\n<p>&nbsp;<\/p>\n<p style=\"text-align: justify;\"><strong>Ken Otremba, TELAMO-Gesch\u00e4ftsf\u00fchrer:\u00a0<\/strong><em>\u201eHerzlichen Gl\u00fcckwunsch an Vincent und sein Team zu diesem tollen Chart-Ergebnis! Einmal mehr beweist Vincent auch mit diesem Album, dass er einer der erfolgreichsten jungen S\u00e4nger im Popschlager-Segment ist! Wir freuen uns als Labelpartner auch in den kommenden Jahren seine Karriere weiter begleiten zu k\u00f6nnen.\u201c<\/em><\/p>\n<p>&nbsp;<\/p>\n<p>&nbsp;<\/p>\n<p style=\"text-align: justify;\">\u201eMit dem Album \u201eFrei\u201c will Vincent Gross in diesen turbulenten Zeiten ein St\u00fcckchen Freiheitsgef\u00fchl verbreiten und Freiheit in all ihren Facetten beleuchten. Die Freiheit, an alle Orte dieser Welt reisen zu k\u00f6nnen, die man sich ertr\u00e4umt \u2013 \u201eDu tr\u00e4umst nur\u201c. Die Freiheit, jeden Menschen offen und ohne Diskriminierung lieben zu k\u00f6nnen \u2013 \u201eC\u00b4est la vie\u201c. Die Freiheit, auf seinen Bauch zu h\u00f6ren, die Arme auszubreiten, in die Welt hinauszufliegen und sich einfach rundum frei zu f\u00fchlen.<\/p>\n<div style=\"text-align: justify;\">Die meisten Titel des Albums stammen aus Gross\u2018 eigener Feder, in Zusammenarbeit mit den Kreativk\u00f6pfen Frederik Bostr\u00f6m, Oliver Lukas und Pontus S\u00f6derqvist. Vincent Gross beweist mit \u201eFrei\u201c, dass im modernen Schlager neben Fun, Liebe und Party durchaus auch textlicher Tiefgang m\u00f6glich ist. \u201eFrei\u201c ist der beste Beweis daf\u00fcr.<\/p>\n<p>Das neue Album \u201eFrei\u201c ist am 07.10.2022 bei TELAMO erschienen.<\/p><\/div>\n<div><\/div>\n","protected":false},"excerpt":{"rendered":"<p>&#8230; und erreicht damit sein bisher bestes Chart-Ergebnis in Deutschland!<\/p>\n","protected":false},"author":2,"featured_media":190809,"comment_status":"open","ping_status":"closed","sticky":false,"template":"","format":"standard","meta":{"_FSMCFIC_featured_image_caption":"","_FSMCFIC_featured_image_nocaption":"","_FSMCFIC_featured_image_hide":""},"categories":[28],"tags":[51],"acf":[],"_links":{"self":[{"href":"https:\/\/smago.de\/ws2\/wp-json\/wp\/v2\/posts\/190808"}],"collection":[{"href":"https:\/\/smago.de\/ws2\/wp-json\/wp\/v2\/posts"}],"about":[{"href":"https:\/\/smago.de\/ws2\/wp-json\/wp\/v2\/types\/post"}],"author":[{"embeddable":true,"href":"https:\/\/smago.de\/ws2\/wp-json\/wp\/v2\/users\/2"}],"replies":[{"embeddable":true,"href":"https:\/\/smago.de\/ws2\/wp-json\/wp\/v2\/comments?post=190808"}],"version-history":[{"count":1,"href":"https:\/\/smago.de\/ws2\/wp-json\/wp\/v2\/posts\/190808\/revisions"}],"predecessor-version":[{"id":190810,"href":"https:\/\/smago.de\/ws2\/wp-json\/wp\/v2\/posts\/190808\/revisions\/190810"}],"wp:featuredmedia":[{"embeddable":true,"href":"https:\/\/smago.de\/ws2\/wp-json\/wp\/v2\/media\/190809"}],"wp:attachment":[{"href":"https:\/\/smago.de\/ws2\/wp-json\/wp\/v2\/media?parent=190808"}],"wp:term":[{"taxonomy":"category","embeddable":true,"href":"https:\/\/smago.de\/ws2\/wp-json\/wp\/v2\/categories?post=190808"},{"taxonomy":"post_tag","embeddable":true,"href":"https:\/\/smago.de\/ws2\/wp-json\/wp\/v2\/tags?post=190808"}],"curies":[{"name":"wp","href":"https:\/\/api.w.org\/{rel}","templated":true}]}}