{"id":190687,"date":"2022-10-14T00:00:31","date_gmt":"2022-10-13T22:00:31","guid":{"rendered":"https:\/\/smago.de\/ws2\/?p=190687"},"modified":"2022-10-13T22:03:19","modified_gmt":"2022-10-13T20:03:19","slug":"max-raabe-u-a-heute-14-10-2022-in-der-ndr-talk-show-zu-gast","status":"publish","type":"post","link":"https:\/\/smago.de\/ws2\/schlager\/max-raabe-u-a-heute-14-10-2022-in-der-ndr-talk-show-zu-gast\/","title":{"rendered":"MAX RAABE u.a. <br>Heute (14.10.2022) in der &#8222;NDR Talk Show&#8220; zu Gast!"},"content":{"rendered":"<div class=\"row collapse\"><span class=\"title columns\"><span class=\"subtitle\">NDR fernsehen + hr fernsehen, 22:00 Uhr &#8211; 00:00 Uhr! Moderation: Bettina Tietjen und Johannes Wimmer<\/span><\/span><span class=\"labels columns\"><span class=\"tip-label hasThumbImage mr10\" title=\"TV-Tipp!\">!<br \/>\n<\/span><\/span><!--more--><\/div>\n<div><\/div>\n<div><\/div>\n<div><\/div>\n<div><\/div>\n<div>\n<p>Bettina Tietjen und Johannes Wimmer begr\u00fc\u00dfen in der &#8222;NDR Talk Show&#8220; aus Hamburg folgende G\u00e4ste:<\/p>\n<\/div>\n<p>&nbsp;<\/p>\n<p>&nbsp;<\/p>\n<div>\n<ul>\n<li>Gregor Meyle, Musiker<\/li>\n<li>Andrea Wulf, Kulturhistorikerin<\/li>\n<li>Margarita Broich, Schauspielerin<\/li>\n<li>Haya und Nuriel Molcho, Gastro-Unternehmer<\/li>\n<li>Richard David Precht, Philosoph und Autor<\/li>\n<li>Max Raabe, Musiker<\/li>\n<li>Janin Ullmann, Moderatorin<\/li>\n<\/ul>\n<\/div>\n<p>&nbsp;<\/p>\n<p>&nbsp;<\/p>\n<p>&nbsp;<\/p>\n<p>&nbsp;<\/p>\n<ul style=\"text-align: justify;\">\n<li><strong>Gregor Meyle, Musiker<\/strong><\/li>\n<\/ul>\n<p>&nbsp;<\/p>\n<p style=\"text-align: justify;\">Er hat eine Stimme, die Hoffnung gibt auch in &#8222;unfreundlichen Zeiten&#8220;, wie er es nennt. Gregor Meyle ber\u00fchrt mit seinen Texten, seiner Gitarre und seinem neuen Album. Jahrelang arbeitet er als Tontechniker f\u00fcr alle gro\u00dfen Musiker des Landes und hatte so sein Ziel direkt vor Augen: Er will nicht neben oder hinter, sondern auf der B\u00fchne stehen! In einer Castingshow von Stefan Raab wagt er sich 2007 genau dorthin, wird Zweiter und bekommt einen Plattenvertrag. Den wahren Durchbruch erlebt er sieben Jahre sp\u00e4ter mit seiner Teilnahme bei &#8222;Sing meinen Song &#8211; das Tauschkonzert&#8220;. Danach spielt er vor Tausenden Fans. Zu ihnen pflegt er einen engen Kontakt und sagt, er w\u00fcrde jederzeit einen Wein mit ihnen trinken. Der nebenberufliche Winzer aus Baden-W\u00fcrttemberg wei\u00df, wovon er spricht. Welcher Song am besten zu welchem Wein passt, verr\u00e4t Gregor Meyle unter anderem in der NDR Talk Show.<\/p>\n<p>&nbsp;<\/p>\n<p>&nbsp;<\/p>\n<p>&nbsp;<\/p>\n<p>&nbsp;<\/p>\n<p>&nbsp;<\/p>\n<ul style=\"text-align: justify;\">\n<li><strong>Andrea Wulf, Kulturhistorikerin<\/strong><\/li>\n<\/ul>\n<p>&nbsp;<\/p>\n<p style=\"text-align: justify;\">Es gibt wenig Menschen, die Geschichte mit Worten so gut zum Leben erwecken k\u00f6nnen wie Andrea Wulf. Ihr ist es 2016 gelungen, ein 560-Seiten-Buch \u00fcber den Naturwissenschaftler Alexander von Humboldt zu einem veritablen Bestseller zu machen, der in 27 Sprachen \u00fcbersetzt wurde. Andrea Wulf hat selbst eine interessante Lebensgeschichte: Geboren und aufgewachsen ist sie in Indien und Deutschland, seit mehr als 20 Jahren lebt sie in London. Sie ist mit internationalen Preisen ausgezeichnet worden, sie schreibt unter anderem f\u00fcr die &#8222;New York Times&#8220;, die &#8222;Los Angeles Times&#8220;, &#8222;The Wall Street Journal&#8220; und &#8222;The Guardian&#8220;. &#8222;Fabelhafte Rebellen&#8220; hei\u00dft ihr neustes Werk, in dem es um die fr\u00fchen Romantiker wie Goethe, Schiller, Novalis und andere geht. Inwiefern diese &#8222;Rebellen&#8220; die Menschheitsgeschichte vorangebracht haben und ob auch sie eine rebellische Seite hat, erz\u00e4hlt Andrea Wulf in der NDR Talk Show.<\/p>\n<p>&nbsp;<\/p>\n<p>&nbsp;<\/p>\n<p>&nbsp;<\/p>\n<p>&nbsp;<\/p>\n<ul style=\"text-align: justify;\">\n<li><strong>Margarita Broich, Schauspielerin<\/strong><\/li>\n<\/ul>\n<p>&nbsp;<\/p>\n<p style=\"text-align: justify;\">Sie ist vielseitig talentiert und ein &#8222;zu sp\u00e4t im Leben&#8220; gibt es f\u00fcr sie nicht: Margarita Broich. Die Schauspielerin hat vor allem als Kommissarin Anna Janneke im Frankfurter &#8222;Tatort&#8220; oft den richtigen Riecher. Aber auch hinter der Kamera beweist die 62-J\u00e4hrige ein gutes Gesp\u00fcr, wenn sie als Fotografin andere in Szene setzt. Hochzeit statt mit 30 erst mit 60 und die Flitterwochen nicht entspannt am Strand, sondern f\u00fcr sechs Wochen auf Backpacking-Tour durch S\u00fcdostasien &#8211; f\u00fcr Margarita Broich hat das Leben keine Altersbeschr\u00e4nkungen. Im Herbst ist die Schauspielerin gleich in zwei neuen Filmen der ARD-Reihe &#8222;Meine Mutter?&#8220; zu sehen und spielt in einem davon erstmals eine Doppelrolle. Wie es war, in zweifacher Ausf\u00fchrung am Set zu drehen, warum die Fotografie von klein auf ihre gro\u00dfe Leidenschaft ist und was sie in ihrem Familienleben zurzeit besonders genie\u00dft, erz\u00e4hlt Margarita Broich in der NDR Talk Show.<\/p>\n<p>&nbsp;<\/p>\n<p>&nbsp;<\/p>\n<p>&nbsp;<\/p>\n<p>&nbsp;<\/p>\n<ul style=\"text-align: justify;\">\n<li><strong>Haya und Nuriel Molcho, Gastro-Unternehmer<\/strong><\/li>\n<\/ul>\n<p>&nbsp;<\/p>\n<p style=\"text-align: justify;\">Gibt es etwas Sch\u00f6neres, als nach Hause zu kommen und mit einem duftenden k\u00f6stlichen Gericht empfangen zu werden? F\u00fcr die K\u00f6chin und Autorin Haya Molcho und ihre Familie jedenfalls nicht. Deshalb hei\u00dft ihr neues Kochbuch &#8222;Coming Home&#8220;. Geboren in Tel Aviv, lernt Haya auf ihren Reisen die K\u00fcchen der Welt kennen. Im M\u00e4rz 2009 verwirklicht sie ihren Traum und er\u00f6ffnet ihr erstes Restaurant in Wien. Ihre drei S\u00f6hne steigen gleich ins Familiengesch\u00e4ft mit ein. Mittlerweile gibt es ihre Restaurants in Berlin, Hamburg, M\u00fcnchen, Z\u00fcrich, K\u00f6ln, Amsterdam, Mallorca und Paris. Der \u00e4lteste Sohn Nuriel ist f\u00fcr Marketing und PR zust\u00e4ndig und nebenbei auch noch Hutmacher. Was bei Molchos zu Hause auf den Tisch kommt, wer das Zepter in der K\u00fcche in der Hand h\u00e4lt und wonach Heimat schmeckt, das erz\u00e4hlen Haya und Nuriel Molcho in der NDR Talk Show.<\/p>\n<p>&nbsp;<\/p>\n<p>&nbsp;<\/p>\n<p>&nbsp;<\/p>\n<p>&nbsp;<\/p>\n<ul style=\"text-align: justify;\">\n<li><strong>Richard David Precht, Philosoph und Autor<\/strong><\/li>\n<\/ul>\n<p>&nbsp;<\/p>\n<p style=\"text-align: justify;\">Er ist einer der wichtigsten Intellektuellen des Landes und durchleuchtet die zentralen Themen unserer Zeit: Philosoph und Bestsellerautor Richard David Precht. Der geb\u00fcrtige Solinger lehrt Philosophie und \u00c4sthetik an zwei Hochschulen und moderiert ein ei<\/p>\n<p style=\"text-align: justify;\">genes TV-Format, sowie einen Podcast. Zusammen mit dem Soziologen Harald Welzer hat er nun die Medien in diesem Land unter die Lupe genommen und hat mit ihm das Buch &#8222;Die vierte Gewalt &#8211; Wie Mehrheitsmeinung gemacht wird, auch wenn sie keine ist&#8220; geschrieben. Die beiden haben herausgefunden, dass die Berichterstattung der Massenmedien von den Ansichten und Eindr\u00fccken gro\u00dfer Teile der Bev\u00f6lkerung abweicht &#8211; gerade, wenn es um brisante Geschehnisse geht. Woran das liegt und welche Folgen das hat, das erkl\u00e4rt Richard David Precht in der NDR Talk Show.<\/p>\n<p>&nbsp;<\/p>\n<p>&nbsp;<\/p>\n<p>&nbsp;<\/p>\n<p>&nbsp;<\/p>\n<ul style=\"text-align: justify;\">\n<li><strong>Max Raabe, Musiker<\/strong><\/li>\n<\/ul>\n<p>&nbsp;<\/p>\n<p style=\"text-align: justify;\">Mit seiner Baritonstimme bringt Max Raabe seit drei Jahrzehnten die 20er- und 30er-Jahre zum Klingen und hat diese Musik zu seinem Markenzeichen gemacht. Urspr\u00fcnglich wollte der geb\u00fcrtige Westfale Operns\u00e4nger werden. Um sein Studium zu finanzieren, gr\u00fcndet er 1986 das Palast Orchester, mit dem er 1992 seinen gro\u00dfen Durchbruch mit dem Titel &#8222;Kein Schwein ruft mich an&#8220; hat. Zur Opernkarriere kommt es nicht, daf\u00fcr zu Auftritten in der New Yorker &#8222;Carnegie Hall&#8220; und auf diversen internationalen Konzertb\u00fchnen. Weltweit feiert ihn das Publikum mit wahren Begeisterungsst\u00fcrmen. Seit 2011 arbeitet er mit Annette Humpe zusammen, die mit ihm die Erfolgs-CD &#8222;K\u00fcssen kann man nicht alleine&#8220; schreibt und produziert. Sein neustes Album tr\u00e4gt den Titel: &#8222;Wer hat hier schlechte Laune&#8220;. Mit seinem Palast Orchester wird Max Raabe in der NDR Talk Show f\u00fcr gute Laune sorgen und erz\u00e4hlen, was bei ihm zu schlechter Laune f\u00fchren kann.<\/p>\n<p>&nbsp;<\/p>\n<p>&nbsp;<\/p>\n<p>&nbsp;<\/p>\n<p>&nbsp;<\/p>\n<ul style=\"text-align: justify;\">\n<li><strong>Janin Ullmann, Moderatorin<\/strong><\/li>\n<\/ul>\n<p>&nbsp;<\/p>\n<p style=\"text-align: justify;\">Sie ist eine klassisch ausgebildete Ballettt\u00e4nzerin und ertanzte sich bei &#8222;Let`s Dance&#8220; im Mai den zweiten Platz: die Moderatorin Janin Ullmann. Perfekte Voraussetzungen also, um die Gala zum 35. Geburtstag des Filmklassikers &#8222;Dirty Dancing&#8220; zu moderieren. Mit 18 Jahren wird die Erfurterin Moderatorin beim Musiksender VIVA und interviewt Stars wie Beyonc\u00e9 und Naomi Campbell. Nebenbei ist sie selbst Star der Telenovela &#8222;Lotta in Love&#8220;. 2012 entscheidet sie sich gegen den Schauspielberuf und macht im NDR eine Ausbildung zur Journalistin. Hier moderiert sie 2014 und 2015 aus dem Greenroom des deutschen Vorentscheids zum Eurovision Song Contest. Sp\u00e4ter dann Formate von Sixx und ProSieben. In der &#8222;NDR Talk Show&#8220; verr\u00e4t Janin Ullmann, ob sie in Patrick Swayze verliebt war und legt vielleicht sogar noch einen Mambo aufs Parkett.<\/p>\n<p>&nbsp;<\/p>\n<p>&nbsp;<\/p>\n<figure id=\"attachment_190688\" aria-describedby=\"caption-attachment-190688\" style=\"width: 800px\" class=\"wp-caption alignnone\"><img decoding=\"async\" loading=\"lazy\" class=\"size-large wp-image-190688\" src=\"https:\/\/smago.de\/ws2\/wp-content\/uploads\/2022\/10\/1_NDR_Talk_Show_PW4522-800x448.jpg\" alt=\"\" width=\"800\" height=\"448\" srcset=\"https:\/\/smago.de\/ws2\/wp-content\/uploads\/2022\/10\/1_NDR_Talk_Show_PW4522-800x448.jpg 800w, https:\/\/smago.de\/ws2\/wp-content\/uploads\/2022\/10\/1_NDR_Talk_Show_PW4522-522x292.jpg 522w, https:\/\/smago.de\/ws2\/wp-content\/uploads\/2022\/10\/1_NDR_Talk_Show_PW4522-268x150.jpg 268w, https:\/\/smago.de\/ws2\/wp-content\/uploads\/2022\/10\/1_NDR_Talk_Show_PW4522-768x430.jpg 768w, https:\/\/smago.de\/ws2\/wp-content\/uploads\/2022\/10\/1_NDR_Talk_Show_PW4522-1536x860.jpg 1536w, https:\/\/smago.de\/ws2\/wp-content\/uploads\/2022\/10\/1_NDR_Talk_Show_PW4522-2048x1147.jpg 2048w, https:\/\/smago.de\/ws2\/wp-content\/uploads\/2022\/10\/1_NDR_Talk_Show_PW4522-392x220.jpg 392w, https:\/\/smago.de\/ws2\/wp-content\/uploads\/2022\/10\/1_NDR_Talk_Show_PW4522-130x73.jpg 130w, https:\/\/smago.de\/ws2\/wp-content\/uploads\/2022\/10\/1_NDR_Talk_Show_PW4522-794x445.jpg 794w, https:\/\/smago.de\/ws2\/wp-content\/uploads\/2022\/10\/1_NDR_Talk_Show_PW4522-870x487.jpg 870w, https:\/\/smago.de\/ws2\/wp-content\/uploads\/2022\/10\/1_NDR_Talk_Show_PW4522-292x164.jpg 292w, https:\/\/smago.de\/ws2\/wp-content\/uploads\/2022\/10\/1_NDR_Talk_Show_PW4522-435x244.jpg 435w\" sizes=\"(max-width: 800px) 100vw, 800px\" \/><figcaption id=\"caption-attachment-190688\" class=\"wp-caption-text\"><em>Dr. Johannes Wimmer und Bettina Tietjen<\/em><\/p>\n<p><em>\u00a9 NDR \/ Hendrik L\u00fcders<\/em><\/figcaption><\/figure>\n","protected":false},"excerpt":{"rendered":"<p>NDR fernsehen + hr fernsehen, 22:00 Uhr &#8211; 00:00 Uhr! Moderation: Bettina Tietjen und Johannes Wimmer!<\/p>\n","protected":false},"author":2,"featured_media":190688,"comment_status":"open","ping_status":"closed","sticky":false,"template":"","format":"standard","meta":{"_FSMCFIC_featured_image_caption":"","_FSMCFIC_featured_image_nocaption":"","_FSMCFIC_featured_image_hide":""},"categories":[29,128],"tags":[254],"acf":[],"_links":{"self":[{"href":"https:\/\/smago.de\/ws2\/wp-json\/wp\/v2\/posts\/190687"}],"collection":[{"href":"https:\/\/smago.de\/ws2\/wp-json\/wp\/v2\/posts"}],"about":[{"href":"https:\/\/smago.de\/ws2\/wp-json\/wp\/v2\/types\/post"}],"author":[{"embeddable":true,"href":"https:\/\/smago.de\/ws2\/wp-json\/wp\/v2\/users\/2"}],"replies":[{"embeddable":true,"href":"https:\/\/smago.de\/ws2\/wp-json\/wp\/v2\/comments?post=190687"}],"version-history":[{"count":3,"href":"https:\/\/smago.de\/ws2\/wp-json\/wp\/v2\/posts\/190687\/revisions"}],"predecessor-version":[{"id":190691,"href":"https:\/\/smago.de\/ws2\/wp-json\/wp\/v2\/posts\/190687\/revisions\/190691"}],"wp:featuredmedia":[{"embeddable":true,"href":"https:\/\/smago.de\/ws2\/wp-json\/wp\/v2\/media\/190688"}],"wp:attachment":[{"href":"https:\/\/smago.de\/ws2\/wp-json\/wp\/v2\/media?parent=190687"}],"wp:term":[{"taxonomy":"category","embeddable":true,"href":"https:\/\/smago.de\/ws2\/wp-json\/wp\/v2\/categories?post=190687"},{"taxonomy":"post_tag","embeddable":true,"href":"https:\/\/smago.de\/ws2\/wp-json\/wp\/v2\/tags?post=190687"}],"curies":[{"name":"wp","href":"https:\/\/api.w.org\/{rel}","templated":true}]}}