{"id":190474,"date":"2022-10-08T00:00:13","date_gmt":"2022-10-07T22:00:13","guid":{"rendered":"https:\/\/smago.de\/ws2\/?p=190474"},"modified":"2022-10-07T22:55:32","modified_gmt":"2022-10-07T20:55:32","slug":"roland-kaiser-u-a-heute-08-10-2022-in-der-sendung-verstehen-sie-spass-zu-gast","status":"publish","type":"post","link":"https:\/\/smago.de\/ws2\/nonsens\/roland-kaiser-u-a-heute-08-10-2022-in-der-sendung-verstehen-sie-spass-zu-gast\/","title":{"rendered":"ROLAND KAISER u.a. <br>Heute (08.10.2022) in der Sendung &#8222;Verstehen Sie Spa\u00df?&#8220; zu Gast!!"},"content":{"rendered":"<p>Live aus Berlin \/\/ Das Erste \/ ARD + ORF 1, 20:15 Uhr &#8211; 23:15 Uhr! Moderation: Barbara Sch\u00f6neberger!\u00a0<!--more--><\/p>\n<p>&nbsp;<\/p>\n<p>&nbsp;<\/p>\n<p style=\"text-align: justify;\">Es gibt wieder jede Menge Spa\u00dffilme mit versteckter Kamera \u2013 in der neuen Ausgabe von \u201eVerstehen Sie Spa\u00df?\u201c live aus Berlin am Samstag, dem 8. Oktober 2022, um 20.15 Uhr im Ersten \/ in der ARD + in ORF 1.<\/p>\n<p style=\"text-align: justify;\">Barbara Sch\u00f6neberger begr\u00fc\u00dft zahlreiche prominente G\u00e4ste wie die Schauspiel-Zwillinge Valentina und Cheyenne Pahde, die Reggae- und Hip-Hop-Band Culcha Candela, Stand-up-Comedienne Tahnee und die ARD-\u201eMorgenmagazin\u201c-Moderatoren Anna Planken und Till Nassif \u2013 die teils als Lockv\u00f6gel unterwegs waren und teils selbst in die Falle der versteckten Kamera geraten sind.<\/p>\n<p style=\"text-align: justify;\">Als Showact ist Schlager-Legende Roland Kaiser mit dabei, der seinen Song \u201eEs ist alles ok\u201c im Gep\u00e4ck hat und sein ganz pers\u00f6nliches \u201eVerstehen Sie Spa\u00df?\u201c-Geheimnis verr\u00e4t.<\/p>\n<p style=\"text-align: justify;\">Au\u00dferdem ist eine spektakul\u00e4re Illusion-Performance der Ehrlich Brothers zu sehen \u2013 aus \u201eDream &amp; Fly\u201c, der neuen Show des Magier-Duos.<\/p>\n<p>&nbsp;<\/p>\n<p>&nbsp;<\/p>\n<p>&nbsp;<\/p>\n<p>&nbsp;<\/p>\n<p>&nbsp;<\/p>\n<p style=\"text-align: justify;\"><strong>Die Spa\u00dffilme mit versteckter Kamera:<\/strong><\/p>\n<p>&nbsp;<\/p>\n<p>&nbsp;<\/p>\n<p>&nbsp;<\/p>\n<p>&nbsp;<\/p>\n<p style=\"text-align: justify;\"><strong>Barbara Sch\u00f6neberger als S\u00e4ngerin Linda im \u201eMorgenmagazin\u201c<\/strong><\/p>\n<p>&nbsp;<\/p>\n<p style=\"text-align: justify;\">Barbara Sch\u00f6neberger schreckt als Lockvogel Nr. 1 bei \u201eVerstehen Sie Spa\u00df?\u201c vor keiner aufwendigen Verwandlung zur\u00fcck: Mit Silikonmaske, falschen Z\u00e4hnen und neuer Haar- und Augenfarbe wird sie zu Linda, der neuen Background-S\u00e4ngerin von Culcha Candela. Der Auftritt im ARD-\u201eMorgenmagazin\u201c ist Lindas TV-Premiere. Dabei strapaziert sie die Nerven der Moderatoren Anna Planken und Till Nassif \u2013 u. a. mit lauten Zwischenrufen, unpassenden Bemerkungen und einer denkw\u00fcrdig schlechten Gesangsdarbietung.<\/p>\n<p>&nbsp;<\/p>\n<p>&nbsp;<\/p>\n<p>&nbsp;<\/p>\n<p>&nbsp;<\/p>\n<p style=\"text-align: justify;\"><strong>Die Pahde-Zwillinge im manipulierten \u201eVerstehen Sie Spa\u00df?\u201c-Auto<\/strong><\/p>\n<p>&nbsp;<\/p>\n<p>&nbsp;<\/p>\n<p style=\"text-align: justify;\">Ein Autokonzern will Valentina und Cheyenne Pahde als Werbegesichter f\u00fcr sein neuestes Modell engagieren. Als sich die Schauspielerinnen auf einer Teststrecke mit dem Prototypen vertraut machen, werden Hupe und Wischwasserpumpe wie von Geisterhand bet\u00e4tigt, die Fenster \u00f6ffnen sich genau dann, als es drau\u00dfen nass wird, und das sprechende Fahrassistenzsystem Busy alias Lockvogel Tahnee \u00fcbernimmt pl\u00f6tzlich das Kommando.<\/p>\n<p>&nbsp;<\/p>\n<p>&nbsp;<\/p>\n<p>&nbsp;<\/p>\n<p>&nbsp;<\/p>\n<p style=\"text-align: justify;\"><strong>Das zweite \u201eFirst Date\u201c von Doris und Michael<\/strong><\/p>\n<p>&nbsp;<\/p>\n<p>&nbsp;<\/p>\n<p style=\"text-align: justify;\">Verkleidet als Kandidatin Doris machte Barbara Sch\u00f6neberger in der letzten \u201eVerstehen Sie Spa\u00df?\u201c-Ausgabe bei der Kuppelshow \u201eFirst Dates \u2013 Ein Tisch f\u00fcr zwei\u201c nicht etwa ihrem Blind Date Michael sch\u00f6ne Augen, sondern dem \u00fcberraschten Barkeeper Nic. Nach diesem verpatzten Date ergreifen Doris und Michael ihre zweite Chance. Springt der Funke beim Wiedersehen am Ostseestrand \u00fcber? Die genervten Strandkorbnachbarn haben jedenfalls ihre Zweifel.<\/p>\n<p>&nbsp;<\/p>\n<p>&nbsp;<\/p>\n<figure id=\"attachment_190477\" aria-describedby=\"caption-attachment-190477\" style=\"width: 800px\" class=\"wp-caption alignnone\"><img decoding=\"async\" loading=\"lazy\" class=\"size-large wp-image-190477\" src=\"https:\/\/smago.de\/ws2\/wp-content\/uploads\/2022\/10\/orf_andy-tichler_20221007152451-800x448.jpg\" alt=\"\" width=\"800\" height=\"448\" srcset=\"https:\/\/smago.de\/ws2\/wp-content\/uploads\/2022\/10\/orf_andy-tichler_20221007152451-800x448.jpg 800w, https:\/\/smago.de\/ws2\/wp-content\/uploads\/2022\/10\/orf_andy-tichler_20221007152451-522x292.jpg 522w, https:\/\/smago.de\/ws2\/wp-content\/uploads\/2022\/10\/orf_andy-tichler_20221007152451-268x150.jpg 268w, https:\/\/smago.de\/ws2\/wp-content\/uploads\/2022\/10\/orf_andy-tichler_20221007152451-768x430.jpg 768w, https:\/\/smago.de\/ws2\/wp-content\/uploads\/2022\/10\/orf_andy-tichler_20221007152451-1536x860.jpg 1536w, https:\/\/smago.de\/ws2\/wp-content\/uploads\/2022\/10\/orf_andy-tichler_20221007152451-2048x1147.jpg 2048w, https:\/\/smago.de\/ws2\/wp-content\/uploads\/2022\/10\/orf_andy-tichler_20221007152451-392x220.jpg 392w, https:\/\/smago.de\/ws2\/wp-content\/uploads\/2022\/10\/orf_andy-tichler_20221007152451-130x73.jpg 130w, https:\/\/smago.de\/ws2\/wp-content\/uploads\/2022\/10\/orf_andy-tichler_20221007152451-794x445.jpg 794w, https:\/\/smago.de\/ws2\/wp-content\/uploads\/2022\/10\/orf_andy-tichler_20221007152451-870x487.jpg 870w, https:\/\/smago.de\/ws2\/wp-content\/uploads\/2022\/10\/orf_andy-tichler_20221007152451-292x164.jpg 292w, https:\/\/smago.de\/ws2\/wp-content\/uploads\/2022\/10\/orf_andy-tichler_20221007152451-435x244.jpg 435w\" sizes=\"(max-width: 800px) 100vw, 800px\" \/><figcaption id=\"caption-attachment-190477\" class=\"wp-caption-text\"><em>Foto-Credit: ORF &#8211; ARD &#8211; SWR \/ Benno Kraehahn<\/em><\/figcaption><\/figure>\n","protected":false},"excerpt":{"rendered":"<p>Live aus Berlin \/\/ Das Erste \/ ARD + ORF 1, 20:15 Uhr &#8211; 23:15 Uhr! Moderation: Barbara Sch\u00f6neberger!\u00a0<\/p>\n","protected":false},"author":2,"featured_media":190477,"comment_status":"open","ping_status":"closed","sticky":false,"template":"","format":"standard","meta":{"_FSMCFIC_featured_image_caption":"","_FSMCFIC_featured_image_nocaption":"","_FSMCFIC_featured_image_hide":""},"categories":[23,29,128],"tags":[263],"acf":[],"_links":{"self":[{"href":"https:\/\/smago.de\/ws2\/wp-json\/wp\/v2\/posts\/190474"}],"collection":[{"href":"https:\/\/smago.de\/ws2\/wp-json\/wp\/v2\/posts"}],"about":[{"href":"https:\/\/smago.de\/ws2\/wp-json\/wp\/v2\/types\/post"}],"author":[{"embeddable":true,"href":"https:\/\/smago.de\/ws2\/wp-json\/wp\/v2\/users\/2"}],"replies":[{"embeddable":true,"href":"https:\/\/smago.de\/ws2\/wp-json\/wp\/v2\/comments?post=190474"}],"version-history":[{"count":4,"href":"https:\/\/smago.de\/ws2\/wp-json\/wp\/v2\/posts\/190474\/revisions"}],"predecessor-version":[{"id":190504,"href":"https:\/\/smago.de\/ws2\/wp-json\/wp\/v2\/posts\/190474\/revisions\/190504"}],"wp:featuredmedia":[{"embeddable":true,"href":"https:\/\/smago.de\/ws2\/wp-json\/wp\/v2\/media\/190477"}],"wp:attachment":[{"href":"https:\/\/smago.de\/ws2\/wp-json\/wp\/v2\/media?parent=190474"}],"wp:term":[{"taxonomy":"category","embeddable":true,"href":"https:\/\/smago.de\/ws2\/wp-json\/wp\/v2\/categories?post=190474"},{"taxonomy":"post_tag","embeddable":true,"href":"https:\/\/smago.de\/ws2\/wp-json\/wp\/v2\/tags?post=190474"}],"curies":[{"name":"wp","href":"https:\/\/api.w.org\/{rel}","templated":true}]}}