{"id":190407,"date":"2022-10-06T16:12:43","date_gmt":"2022-10-06T14:12:43","guid":{"rendered":"https:\/\/smago.de\/ws2\/?p=190407"},"modified":"2022-10-06T16:14:04","modified_gmt":"2022-10-06T14:14:04","slug":"laura-wilde-am-29-10-2022-laesst-sies-richtig-krachen-10-2-jahre-laura-wilde-mein-jubilaeumskonzert%f0%9f%8e%b5%f0%9f%a5%b0","status":"publish","type":"post","link":"https:\/\/smago.de\/ws2\/pop-schlager\/laura-wilde-am-29-10-2022-laesst-sies-richtig-krachen-10-2-jahre-laura-wilde-mein-jubilaeumskonzert%f0%9f%8e%b5%f0%9f%a5%b0\/","title":{"rendered":"LAURA WILDE <br>Am 29.10.2022 l\u00e4sst sie&#8217;s richtig krachen: &#8222;10 + 2 Jahre Laura Wilde\u201c &#8211; mein Jubil\u00e4umskonzert&#x1f3b5;&#x1f970;&#8220;!"},"content":{"rendered":"<p>Hierf\u00fcr hat sie sich eine ganz besondere Location ausgesucht &#8230;:<br \/>\n<!--more--><\/p>\n<p>&nbsp;<\/p>\n<p style=\"text-align: justify;\">Im Oktober werden es 12 Jahre, dass ich euch als &#8222;Wilde&#8220; mit meinen Songs unterhalten darf. 2020 wollte ich bereits mein 10-j\u00e4hriges B\u00fchnenjubil\u00e4um feiern, leider lie\u00df Corona dies nicht zu.<\/p>\n<p style=\"text-align: justify;\">Am 29. Oktober 2022 ist es nun soweit. In der Werkhalle in R\u00fcsselsheim am Main m\u00f6chte ich mit euch eine \u201ewilde Party\u201c 10 + 2 Jahre feiern:\u00a0&#8222;10 + 2 Jahre Laura Wilde\u201c &#8211; und das mit EUCH im kleinen coolen Rahmen von &#8222;DieWerkhalle&#8220; (<a href=\"https:\/\/l.facebook.com\/l.php?u=http%3A%2F%2Fwww.diewerkhalle.de%2F%3Ffbclid%3DIwAR3itf4aybbdsziSXN2s2r80ozVafphmTDa-ftq00u9Nd7teLL9C0Bch_HI&amp;h=AT1HuxuHNuo3mPQTh5RrhGaPP83fa-QZwRoYCPH8gLaNu-IACC2Ty0vSbPDLFtZ5QuO2_SfSM1XaADwchBk3vLgZMMrSnxSdDWV9WGnTcP7Hs8zAXij4ITRnJckUlcelGOmC6TQ5lwlXXLGVNmQs&amp;__tn__=-UK*F\">www.diewerkhalle.de<\/a>) in R\u00fcsselsheim am Main.<\/p>\n<p style=\"text-align: justify;\">In der historischen Kulisse und Atmosph\u00e4re des F-Baus auf dem ehemaligen OPEL-Werksgel\u00e4nde erlebt ihr Industriekultur live.<\/p>\n<p style=\"text-align: justify;\">Das Event wird fast auf den Tag genau zu meinem &#8222;wilden&#8220; Jahrestag stattfinden, denn vor 12 Jahren am 30.10.2010 wurde ich damals mit meinem &#8222;wilden&#8220; K\u00fcnstlernamen einem Millionenpublikum bei &#8222;Willkommen bei Carmen Nebel&#8220; im ZDF vorgestellt.<\/p>\n<p style=\"text-align: justify;\">Sichert euch JETZT eure Tickets &#8211; es gibt nur eine begrenzte Ticketanzahl, da es etwas ganz Besonderes in speziellem Ambiente sein wird !!!<\/p>\n<p>&nbsp;<\/p>\n<p>&nbsp;<\/p>\n<p>&nbsp;<\/p>\n<p style=\"text-align: justify;\"><strong><a href=\"https:\/\/ztix.de\/hp\/events\/12360\/info\">Hier der Ticket-Link &#8230;:<\/a><\/p>\n<p><iframe loading=\"lazy\" style=\"border: none; overflow: hidden;\" src=\"https:\/\/www.facebook.com\/plugins\/video.php?height=420&amp;href=https%3A%2F%2Fwww.facebook.com%2Flaurawildemusik%2Fvideos%2F391638686289778%2F&amp;show_text=false&amp;width=560&amp;t=0\" width=\"560\" height=\"420\" frameborder=\"0\" scrolling=\"no\" allowfullscreen=\"allowfullscreen\"><\/iframe><\/p>\n<p><\/strong><\/p>\n<p><img decoding=\"async\" loading=\"lazy\" class=\"alignnone size-large wp-image-190408\" src=\"https:\/\/smago.de\/ws2\/wp-content\/uploads\/2022\/10\/Jubilaeumskonzert-22-800x527.jpg\" alt=\"\" width=\"800\" height=\"527\" srcset=\"https:\/\/smago.de\/ws2\/wp-content\/uploads\/2022\/10\/Jubilaeumskonzert-22-800x527.jpg 800w, https:\/\/smago.de\/ws2\/wp-content\/uploads\/2022\/10\/Jubilaeumskonzert-22-522x344.jpg 522w, https:\/\/smago.de\/ws2\/wp-content\/uploads\/2022\/10\/Jubilaeumskonzert-22-228x150.jpg 228w, https:\/\/smago.de\/ws2\/wp-content\/uploads\/2022\/10\/Jubilaeumskonzert-22-768x506.jpg 768w, https:\/\/smago.de\/ws2\/wp-content\/uploads\/2022\/10\/Jubilaeumskonzert-22-392x258.jpg 392w, https:\/\/smago.de\/ws2\/wp-content\/uploads\/2022\/10\/Jubilaeumskonzert-22-130x86.jpg 130w, https:\/\/smago.de\/ws2\/wp-content\/uploads\/2022\/10\/Jubilaeumskonzert-22-676x445.jpg 676w, https:\/\/smago.de\/ws2\/wp-content\/uploads\/2022\/10\/Jubilaeumskonzert-22-793x522.jpg 793w, https:\/\/smago.de\/ws2\/wp-content\/uploads\/2022\/10\/Jubilaeumskonzert-22-289x190.jpg 289w, https:\/\/smago.de\/ws2\/wp-content\/uploads\/2022\/10\/Jubilaeumskonzert-22-435x286.jpg 435w, https:\/\/smago.de\/ws2\/wp-content\/uploads\/2022\/10\/Jubilaeumskonzert-22-150x100.jpg 150w, https:\/\/smago.de\/ws2\/wp-content\/uploads\/2022\/10\/Jubilaeumskonzert-22.jpg 884w\" sizes=\"(max-width: 800px) 100vw, 800px\" \/><\/p>\n","protected":false},"excerpt":{"rendered":"<p>Hierf\u00fcr hat sie sich eine ganz besondere Location ausgesucht &#8230;:<\/p>\n","protected":false},"author":2,"featured_media":190408,"comment_status":"open","ping_status":"closed","sticky":false,"template":"","format":"standard","meta":{"_FSMCFIC_featured_image_caption":"","_FSMCFIC_featured_image_nocaption":"","_FSMCFIC_featured_image_hide":""},"categories":[28,39],"tags":[591],"acf":[],"_links":{"self":[{"href":"https:\/\/smago.de\/ws2\/wp-json\/wp\/v2\/posts\/190407"}],"collection":[{"href":"https:\/\/smago.de\/ws2\/wp-json\/wp\/v2\/posts"}],"about":[{"href":"https:\/\/smago.de\/ws2\/wp-json\/wp\/v2\/types\/post"}],"author":[{"embeddable":true,"href":"https:\/\/smago.de\/ws2\/wp-json\/wp\/v2\/users\/2"}],"replies":[{"embeddable":true,"href":"https:\/\/smago.de\/ws2\/wp-json\/wp\/v2\/comments?post=190407"}],"version-history":[{"count":3,"href":"https:\/\/smago.de\/ws2\/wp-json\/wp\/v2\/posts\/190407\/revisions"}],"predecessor-version":[{"id":190411,"href":"https:\/\/smago.de\/ws2\/wp-json\/wp\/v2\/posts\/190407\/revisions\/190411"}],"wp:featuredmedia":[{"embeddable":true,"href":"https:\/\/smago.de\/ws2\/wp-json\/wp\/v2\/media\/190408"}],"wp:attachment":[{"href":"https:\/\/smago.de\/ws2\/wp-json\/wp\/v2\/media?parent=190407"}],"wp:term":[{"taxonomy":"category","embeddable":true,"href":"https:\/\/smago.de\/ws2\/wp-json\/wp\/v2\/categories?post=190407"},{"taxonomy":"post_tag","embeddable":true,"href":"https:\/\/smago.de\/ws2\/wp-json\/wp\/v2\/tags?post=190407"}],"curies":[{"name":"wp","href":"https:\/\/api.w.org\/{rel}","templated":true}]}}