{"id":190361,"date":"2022-10-07T00:00:23","date_gmt":"2022-10-06T22:00:23","guid":{"rendered":"https:\/\/smago.de\/ws2\/?p=190361"},"modified":"2022-10-06T01:00:54","modified_gmt":"2022-10-05T23:00:54","slug":"marianne-michael-u-a-heute-07-10-2022-in-der-ndr-talk-show-zu-gast","status":"publish","type":"post","link":"https:\/\/smago.de\/ws2\/volksmusik\/marianne-michael-u-a-heute-07-10-2022-in-der-ndr-talk-show-zu-gast\/","title":{"rendered":"MARIANNE &#038; MICHAEL u.a. <br>Heute (07.10.2022) in der &#8222;NDR Talk Show&#8220; zu Gast!"},"content":{"rendered":"<p style=\"text-align: justify;\">NDR fernsehen + hr fernsehen, 22:00 Uhr &#8211; 00:00 Uhr! Moderation: Hubertus Meyer-Burckhardt und Johannes Wimmer!<br \/>\n<!--more--><\/p>\n<p>&nbsp;<\/p>\n<p>&nbsp;<\/p>\n<p>&nbsp;<\/p>\n<p>&nbsp;<\/p>\n<p style=\"text-align: justify;\">Hubertus Meyer-Burckhardt und Johannes Wimmer begr\u00fc\u00dfen in der NDR Talk Show aus Hamburg folgende G\u00e4ste:<\/p>\n<p>&nbsp;<\/p>\n<p>&nbsp;<\/p>\n<p>&nbsp;<\/p>\n<ul style=\"text-align: justify;\">\n<li>Louis Hofmann, Schauspieler<\/li>\n<li>Marianne und Michael, Volksmusikstars<\/li>\n<li>Albrecht Mayer, Musiker und Autor<\/li>\n<li>Reinhold und Diane Messner, Ehepaar<\/li>\n<li>Thelma Buabeng, Schauspielerin<\/li>\n<li>Ali G\u00fcng\u00f6rm\u00fcs, Spitzenkoch<\/li>\n<li>Martina Sch\u00f6nherr, Moderatorin und Comedienne<\/li>\n<\/ul>\n<p>&nbsp;<\/p>\n<p>&nbsp;<\/p>\n<p>&nbsp;<\/p>\n<p>&nbsp;<\/p>\n<ul style=\"text-align: justify;\">\n<li><strong>Louis Hofmann, Schauspieler<\/strong><\/li>\n<\/ul>\n<p>&nbsp;<\/p>\n<p style=\"text-align: justify;\">Der 25-j\u00e4hrige Louis Hofmann ist die neue deutsche Schauspielhoffnung &#8211; und das auch international. Er wurde unter anderem bereits mit dem Bayerischen Filmpreis, dem Deutschen Schauspielpreis, dem Deutschen Filmpreis und der Goldenen Kamera ausgezeichnet. Mit 13 spielte er neben J\u00fcrgen Vogel im Fernsehfilm &#8222;Tod in Istanbul&#8220;, mit 14 hatte er seine erste Kinohauptrolle neben Heike Makatsch in &#8222;Tom Sawyer&#8220;. Sp\u00e4ter folgte die Hauptrolle in der international erfolgreichen Netflix-Produktion &#8222;Dark&#8220; sowie in &#8222;Unter dem Sand&#8220;, der f\u00fcr einen Oscar nominiert wurde. 2018 drehte der Wahl-Berliner seinen ersten Hollywood-Film an der Seite von Jennifer Lawrence. Abgedreht hat Louis Hofmann in diesem Jahr schon eine Serie mit dem Regisseur von &#8222;Stranger Things&#8220; neben den Hollywood-Stars Hugh Laurie (&#8222;Dr. House&#8220;) und Mark Ruffalo (&#8222;Avengers: Endgame&#8220;). Jetzt spielt er in dem Berlinale-Beitrag &#8222;Der Passf\u00e4lscher&#8220; einen j\u00fcdischen Grafiker, der 1942 in Berlin anderen Juden hilft, indem er f\u00fcr sie P\u00e4sse und Dokumente f\u00e4lscht.<\/p>\n<p>&nbsp;<\/p>\n<p>&nbsp;<\/p>\n<p>&nbsp;<\/p>\n<p>&nbsp;<\/p>\n<ul style=\"text-align: justify;\">\n<li><strong>Marianne &amp; Michael, Volksmusik-Stars<\/strong><\/li>\n<\/ul>\n<p style=\"text-align: justify;\">\nSie sind nicht nur eine Institution in der Volksmusik, sondern geh\u00f6ren seit \u00fcber vier Jahrzehnten zu den ganz Gro\u00dfen der deutschen Unterhaltungsbranche: Marianne und Michael. Aus einer Liebe auf den ersten Blick im Jahr 1973 wurde ein Dreamteam, beruflich wie privat. Die Eheleute sind als Interpreten, Moderatoren, Komponisten, Musikverleger, Produzenten und Textautoren erfolgreich und machen seit fast 50 Jahren alles gemeinsam. In diesem Jahr aber verlief nichts wie geplant. Im Februar st\u00fcrzte Marianne und musste operiert werden. Und Michael erlitt nur einen Monat sp\u00e4ter einen schweren Schlaganfall, musste wieder laufen und sprechen lernen. Doch Volksmusikstars sind z\u00e4h, gemeinsam haben die M\u00fcnchnerin und der Steirer wieder in den Alltag zur\u00fcckgefunden. Ende des Jahres gehen Marianne und Michael auf eine lang geplante Weihnachtstournee. Warum es f\u00fcr beide so wichtig ist, sich aufeinander verlassen zu k\u00f6nnen, inwieweit sich ihr Leben durch die Einschl\u00e4ge in diesem Jahr ver\u00e4ndert hat und wie sehr sie sich freuen, wieder auf der B\u00fchne zu stehen, verraten Marianne und Michael in der &#8222;NDR Talk Show&#8220;.<\/p>\n<p>&nbsp;<\/p>\n<p>&nbsp;<\/p>\n<p>&nbsp;<\/p>\n<p>&nbsp;<\/p>\n<ul style=\"text-align: justify;\">\n<li><strong>Albrecht Mayer, Musiker und Autor<\/strong><\/li>\n<\/ul>\n<p style=\"text-align: justify;\">\nEr gilt als der beste Oboist der Welt &#8211; keiner l\u00e4sst das Holzblasinstrument so &#8222;singen&#8220; wie Albrecht Mayer. Seine Karriere begann er 1990 als Solo-Oboist der Bamberger Symphoniker und wechselte dann 1992 in die gleiche Position zu den Berliner Philharmonikern. Auch als Solist ist der 57-J\u00e4hrige seit \u00fcber zwei Jahrzehnten international erfolgreich. Dabei hatte Mayer keine leichte Kindheit. Er stotterte, galt als Au\u00dfenseiter. Als er mit zehn Jahren von seinem Vater eine Oboe geschenkt bekam, ver\u00e4nderte das Instrument sein Leben. In seiner Autobiografie und in der NDR Talk Show erz\u00e4hlt der Ausnahmemusiker von der Kraft der Musik.<\/p>\n<p>&nbsp;<\/p>\n<p>&nbsp;<\/p>\n<p>&nbsp;<\/p>\n<p>&nbsp;<\/p>\n<ul style=\"text-align: justify;\">\n<li><strong>Reinhold und Diane Messner, Ehepaar<\/strong><\/li>\n<\/ul>\n<p style=\"text-align: justify;\">\nSeit 2021 sind die beiden gl\u00fccklich verheiratet: Bergsteiger und Abenteurer Reinhold Messner und die Luxemburgerin Diane Messner. Der 79-J\u00e4hrige und die 42-J\u00e4hrige leben auf Schloss Juval im S\u00fcdtiroler Vinschgau und haben gemeinsam das Unternehmen &#8222;Messner Mountain Heritage&#8220; gegr\u00fcndet. Damit wollen sie dem traditionellen Bergsteigen nach Messners Sicht und Werten eine Zukunft geben. Was die beiden noch verbindet und wie f\u00fcr sie ein respektvoller Umgang mit der Natur aussieht, erz\u00e4hlen sie in ihrem gemeinsamen Buch &#8222;Sinnbilder. Verzicht als Inspiration f\u00fcr ein gelingendes Leben&#8220; und in der NDR Talk Show.<\/p>\n<p>&nbsp;<\/p>\n<p>&nbsp;<\/p>\n<p>&nbsp;<\/p>\n<p>&nbsp;<\/p>\n<ul style=\"text-align: justify;\">\n<li><strong>Thelma Buabeng, Schauspielerin<\/strong><\/li>\n<\/ul>\n<p style=\"text-align: justify;\">\nIhr Fernsehdeb\u00fct gab sie 2003 als Bariya Birabi in der Serie &#8222;Lindenstra\u00dfe&#8220;, seitdem war sie in vielen Serien und preisgekr\u00f6nten Produktionen wie &#8222;Berlin Alexanderplatz&#8220;, &#8222;Borga&#8220; und Karoline Herfurths &#8222;Wundersch\u00f6n&#8220; zu sehen: Thelma Buabeng. Die 41-J\u00e4hrige ist in Ghana geboren, in Meckenheim aufgewachsen und wusste schon fr\u00fch, dass sie Schauspielerin werden wollte. Inzwischen hat sie im SWR-Talkformat &#8222;Five Souls&#8220; auch ihr Talent als Moderatorin unter Beweis gestellt. Warum sie sich mit &#8222;Tell Me Nothing From The Horse&#8220; au\u00dferdem noch in Sachen Comedy austobt, das verr\u00e4t das energiegeladene Multitalent in der &#8222;NDR Talk Show&#8220;.<\/p>\n<p>&nbsp;<\/p>\n<p>&nbsp;<\/p>\n<p>&nbsp;<\/p>\n<p>&nbsp;<\/p>\n<ul style=\"text-align: justify;\">\n<li><strong>Ali G\u00fcng\u00f6rm\u00fcs, Spitzenkoch<\/strong><\/li>\n<\/ul>\n<p style=\"text-align: justify;\">\n&#8222;Schau in die Sonne, schau in den Tag&#8220; lautet die w\u00f6rtliche \u00dcbersetzung des Familiennamens von Ali G\u00fcng\u00f6rm\u00fcs. Der Koch ist allerdings alles andere als ein Tagtr\u00e4umer &#8211; vielmehr ist sein Lebensweg gepr\u00e4gt von Disziplin, Zielstrebigkeit, eisernem Willen und harter Arbeit. Mit zehn Jahren von einem Dorf in der T\u00fcrkei nach M\u00fcnchen gekommen, geh\u00f6rt er mittlerweile zur Topriege der Spitzenk\u00f6che in Deutschland. Im Fernsehen ist Ali G\u00fcng\u00f6rm\u00fcs in vielen Kochshows ein beliebter und unterhaltsamer Juror oder Protagonist. Die t\u00fcrkische K\u00fcche ist auf den ersten Blick mit viel Fleisch verbunden &#8211; ein Irrglauben. Ende August ver\u00f6ffentlicht der TV-Koch ein vegetarisches Kochbuch, in dem er auch die K\u00fcche seiner Heimat einflie\u00dfen l\u00e4sst. Seine Lieblingsrezepte verr\u00e4t er in der NDR Talk Show.<\/p>\n<p>&nbsp;<\/p>\n<p>&nbsp;<\/p>\n<p>&nbsp;<\/p>\n<p>&nbsp;<\/p>\n<ul style=\"text-align: justify;\">\n<li><strong>Martina Sch\u00f6nherr, Moderatorin und Comedienne<\/strong><\/li>\n<\/ul>\n<p style=\"text-align: justify;\">\nRadiomoderatorin, Comedienne, Podcasterin und frischgebackene Preistr\u00e4gerin: Im September wurde Martina Sch\u00f6nherr mit dem Deutschen Radiopreis als beste Moderatorin ausgezeichnet. Sie selbst stellt sich so vor: &#8222;Ist \u00fcber 30, hat keine Kinder, ist grad von der Stadt aufs Land gezogen und hat \u0301nen Angler zum Mann.&#8220; Die geb\u00fcrtige Elmshornerin hat beim &#8222;NightWash Talent Award&#8220; und beim &#8222;NDR Comedy Contest&#8220; mitgemacht, war Mitglied der Comedy-Kochshow &#8222;Comedy Cuisine&#8220; bei ONE, hat beim Recklingh\u00e4user Hurz den Preis als beste Newcomerin gewonnen und steht regelm\u00e4\u00dfig mit &#8222;NightWash&#8220; und im &#8222;Quatsch Comedy Club&#8220; auf der B\u00fchne. Seit Sommer 2022 moderiert sie die Morningshow beim Sender N-JOY vom NDR und sorgt jeden Tag von 06:00 bis 10:00 Uhr f\u00fcr gute Laune.<\/p>\n<p>&nbsp;<\/p>\n<p>&nbsp;<\/p>\n<figure id=\"attachment_190362\" aria-describedby=\"caption-attachment-190362\" style=\"width: 800px\" class=\"wp-caption alignnone\"><img decoding=\"async\" loading=\"lazy\" class=\"size-large wp-image-190362\" src=\"https:\/\/smago.de\/ws2\/wp-content\/uploads\/2022\/10\/1_NDR_Talk_Show_Logo_2022-800x448.jpg\" alt=\"\" width=\"800\" height=\"448\" srcset=\"https:\/\/smago.de\/ws2\/wp-content\/uploads\/2022\/10\/1_NDR_Talk_Show_Logo_2022-800x448.jpg 800w, https:\/\/smago.de\/ws2\/wp-content\/uploads\/2022\/10\/1_NDR_Talk_Show_Logo_2022-522x292.jpg 522w, https:\/\/smago.de\/ws2\/wp-content\/uploads\/2022\/10\/1_NDR_Talk_Show_Logo_2022-268x150.jpg 268w, https:\/\/smago.de\/ws2\/wp-content\/uploads\/2022\/10\/1_NDR_Talk_Show_Logo_2022-768x430.jpg 768w, https:\/\/smago.de\/ws2\/wp-content\/uploads\/2022\/10\/1_NDR_Talk_Show_Logo_2022-1536x860.jpg 1536w, https:\/\/smago.de\/ws2\/wp-content\/uploads\/2022\/10\/1_NDR_Talk_Show_Logo_2022-2048x1147.jpg 2048w, https:\/\/smago.de\/ws2\/wp-content\/uploads\/2022\/10\/1_NDR_Talk_Show_Logo_2022-392x220.jpg 392w, https:\/\/smago.de\/ws2\/wp-content\/uploads\/2022\/10\/1_NDR_Talk_Show_Logo_2022-130x73.jpg 130w, https:\/\/smago.de\/ws2\/wp-content\/uploads\/2022\/10\/1_NDR_Talk_Show_Logo_2022-794x445.jpg 794w, https:\/\/smago.de\/ws2\/wp-content\/uploads\/2022\/10\/1_NDR_Talk_Show_Logo_2022-870x487.jpg 870w, https:\/\/smago.de\/ws2\/wp-content\/uploads\/2022\/10\/1_NDR_Talk_Show_Logo_2022-292x164.jpg 292w, https:\/\/smago.de\/ws2\/wp-content\/uploads\/2022\/10\/1_NDR_Talk_Show_Logo_2022-435x244.jpg 435w\" sizes=\"(max-width: 800px) 100vw, 800px\" \/><figcaption id=\"caption-attachment-190362\" class=\"wp-caption-text\"><em>\u00a9 NDR<\/em><\/figcaption><\/figure>\n","protected":false},"excerpt":{"rendered":"<p>NDR fernsehen + hr fernsehen, 22:00 Uhr &#8211; 00:00 Uhr! Moderation: Hubertus Meyer-Burckhardt und Johannes Wimmer!<\/p>\n","protected":false},"author":2,"featured_media":190362,"comment_status":"open","ping_status":"closed","sticky":false,"template":"","format":"standard","meta":{"_FSMCFIC_featured_image_caption":"","_FSMCFIC_featured_image_nocaption":"","_FSMCFIC_featured_image_hide":""},"categories":[128,30],"tags":[254],"acf":[],"_links":{"self":[{"href":"https:\/\/smago.de\/ws2\/wp-json\/wp\/v2\/posts\/190361"}],"collection":[{"href":"https:\/\/smago.de\/ws2\/wp-json\/wp\/v2\/posts"}],"about":[{"href":"https:\/\/smago.de\/ws2\/wp-json\/wp\/v2\/types\/post"}],"author":[{"embeddable":true,"href":"https:\/\/smago.de\/ws2\/wp-json\/wp\/v2\/users\/2"}],"replies":[{"embeddable":true,"href":"https:\/\/smago.de\/ws2\/wp-json\/wp\/v2\/comments?post=190361"}],"version-history":[{"count":2,"href":"https:\/\/smago.de\/ws2\/wp-json\/wp\/v2\/posts\/190361\/revisions"}],"predecessor-version":[{"id":190364,"href":"https:\/\/smago.de\/ws2\/wp-json\/wp\/v2\/posts\/190361\/revisions\/190364"}],"wp:featuredmedia":[{"embeddable":true,"href":"https:\/\/smago.de\/ws2\/wp-json\/wp\/v2\/media\/190362"}],"wp:attachment":[{"href":"https:\/\/smago.de\/ws2\/wp-json\/wp\/v2\/media?parent=190361"}],"wp:term":[{"taxonomy":"category","embeddable":true,"href":"https:\/\/smago.de\/ws2\/wp-json\/wp\/v2\/categories?post=190361"},{"taxonomy":"post_tag","embeddable":true,"href":"https:\/\/smago.de\/ws2\/wp-json\/wp\/v2\/tags?post=190361"}],"curies":[{"name":"wp","href":"https:\/\/api.w.org\/{rel}","templated":true}]}}