{"id":190007,"date":"2022-09-29T23:59:27","date_gmt":"2022-09-29T21:59:27","guid":{"rendered":"https:\/\/smago.de\/ws2\/?p=190007"},"modified":"2022-09-29T20:07:25","modified_gmt":"2022-09-29T18:07:25","slug":"wigald-boning-u-a-fr-30-09-2022-in-der-sendung-3nach9-zu-gast","status":"publish","type":"post","link":"https:\/\/smago.de\/ws2\/uncategorized\/wigald-boning-u-a-fr-30-09-2022-in-der-sendung-3nach9-zu-gast\/","title":{"rendered":"WIGALD BONING u.a. <br>Fr. (30.09.2022) in der Sendung &#8222;3nach9&#8220; zu Gast!"},"content":{"rendered":"<div class=\"row collapse\"><span class=\"title columns\"><span class=\"subtitle\">&#8222;Die Bremer Talk-Show&#8220; \/\/\u00a0<\/span><\/span>NDR fernsehen + hr fernsehen, 22:00 Uhr &#8211; 00:00 Uhr!<\/div>\n<p><!--more--><\/p>\n<p>&nbsp;<\/p>\n<p>&nbsp;<\/p>\n<p><strong>G\u00e4ste:<\/strong><\/p>\n<p>&nbsp;<\/p>\n<ul>\n<li>Karolien Notebaert, Neurowissenschaftlerin<\/li>\n<li>Gerhart Baum, fr\u00fcherer Bundesinnenminister<\/li>\n<li>Adele Neuhauser und Harald Krassnitzer, &#8222;Tatort&#8220;-Ertmittlerduo<\/li>\n<li>Wigald Boning, Komiker und TV-Multitalent<\/li>\n<li>Leeroy Matata, YouTuber (&#8222;Leeroy will&#8217;s wissen!&#8220;)<\/li>\n<li>Stefan Fickl, Zahnarzt<\/li>\n<\/ul>\n<p>&nbsp;<\/p>\n<p>&nbsp;<\/p>\n<p style=\"text-align: justify;\">\n<p style=\"text-align: justify;\"><strong>Karolien Notebaert<\/strong><\/p>\n<p style=\"text-align: justify;\">\n<p style=\"text-align: justify;\">Es ist eine schnelllebige Zeit, der Beruf verlangt den Menschen vieles ab, Familie und Freunde fordern ihre Aufmerksamkeit, die Welt dreht sich immer schneller und gerade nicht zum Guten. Dazu versorgt das Mobiltelefon st\u00e4ndig mit Push-Nachrichten zum aktuellen Weltgeschehen. Wie soll man da blo\u00df den \u00dcberblick behalten? Dr. Karolien Notebaert ist Neurowissenschaftlerin und besch\u00e4ftigt sich tagt\u00e4glich mit den neuesten Erkenntnissen aus der Hirnforschung. Die Unternehmerin unterrichtet an der Goethe Business School in Frankfurt, wo sie bereits mehrfach f\u00fcr ihre Arbeit ausgezeichnet wurde. Wie Intuition und Verstand Entscheidungen beeinflussen und wie es am besten gelingt, die Gedanken einfach mal loszulassen, erz\u00e4hlt die geb\u00fcrtige Belgierin bei &#8222;3nach9&#8220;.<\/p>\n<p>&nbsp;<\/p>\n<p>&nbsp;<\/p>\n<p>&nbsp;<\/p>\n<p>&nbsp;<\/p>\n<p style=\"text-align: justify;\"><strong>Gerhart Baum<\/strong><\/p>\n<p style=\"text-align: justify;\">\n<p style=\"text-align: justify;\">Unfassbar, aber wahr: Gerhart Baum feiert am 28. Oktober bereits seinen 90. Geburtstag! Dass der fr\u00fchere Bundesinnenminister \u00fcber ein gro\u00dfes politisches und zeitgeschichtliches Wissen verf\u00fcgt, ist nicht schwer vorstellbar. Aber dass er sich bis heute nach wie vor voller Elan f\u00fcr die Grundrechte der Menschen einsetzt, ist mehr als vorbildlich. \u00dcber seinen Antrieb und seine pr\u00e4gendsten politischen und pers\u00f6nlichen Erlebnisse der vergangenen Jahrzehnte, berichtet Gerhart Baum bei &#8222;3nach9&#8220;.<\/p>\n<p>&nbsp;<\/p>\n<p>&nbsp;<\/p>\n<p>&nbsp;<\/p>\n<p>&nbsp;<\/p>\n<p style=\"text-align: justify;\"><strong>Adele Neuhauser und Harald Krassnitzer<\/strong><\/p>\n<p style=\"text-align: justify;\">\n<p style=\"text-align: justify;\">&#8222;Tatort&#8220;-Fans des \u00f6sterreichischen Ermittlerduos Bibi Fellner und Moritz Eisner sollten sich bereits jetzt den 2. Oktober in ihren Terminkalender eintragen: Dann gibt es in Das Erste die spannende Folge &#8222;Das Tor zur H\u00f6lle&#8220;. Worum es im aktuellen Fall geht? Das verraten die beiden Schauspieler Adele Neuhauser und Harald Krassnitzer bei &#8222;3nach9&#8220;. Seit mehr als 20 Jahren ermitteln sie gemeinsam und entwickelten auch eine pers\u00f6nliche Freundschaft zueinander. Was beide zurzeit am meisten privat besch\u00e4ftigt, erz\u00e4hlen sie bei &#8222;3nach9&#8220;.<\/p>\n<p>&nbsp;<\/p>\n<p>&nbsp;<\/p>\n<p>&nbsp;<\/p>\n<p>&nbsp;<\/p>\n<p style=\"text-align: justify;\"><strong>Wigald Boning<\/strong><\/p>\n<p style=\"text-align: justify;\">\n<p style=\"text-align: justify;\">Komiker und TV-Multitalent Wigald Boning liebt Humor und sportliche Extreme. Der Abenteurer hat bereits den Bodensee durchschwommen, \u00fcberquerte mit einem Tretroller die Alpen und lief 52 Marathons in nur einem Jahr. Langeweile scheint f\u00fcr den 55-J\u00e4hrigen ein Fremdwort zu sein. In seinem neuen Werk &#8222;Der Fu\u00dfg\u00e4nger&#8220; besch\u00e4ftigt er sich nun mit der Philosophie des Wanderns. Ob zielloses Flanieren, Stechschritt oder Gehumpel: In seinem Buch stellt der Musiker und Moderator dem Menschen, der mitunter den Boden unter den F\u00fc\u00dfen verloren zu haben scheint, wieder auf denselben. Wie ein reizvoller Trampelpfad ins Gl\u00fcck aussehen k\u00f6nnte, verr\u00e4t Wigald Boning bei &#8222;3nach9&#8220;.<\/p>\n<p>&nbsp;<\/p>\n<p>&nbsp;<\/p>\n<p>&nbsp;<\/p>\n<p style=\"text-align: justify;\"><strong>Leeroy Matata<\/strong><\/p>\n<p style=\"text-align: justify;\">\n<p style=\"text-align: justify;\">Was z\u00e4hlt wirklich im Leben? Zuh\u00f6ren! Und zuh\u00f6ren kann er: Leeroy Matata, der zu Deutschlands erfolgreichsten YouTubern z\u00e4hlt. Aufgrund einer Knochenkrankheit ist der Moderator seit seinem vierten Lebensjahr Rollstuhlfahrer. W\u00e4hrend der Oberstufe spielte er Rollstuhlbasketball in der Bundesliga und startete parallel mit Videos auf YouTube durch. Besonders erfolgreich ist Matata mit der Interviewreihe &#8222;Leeroy will` wissen!&#8220;, die auch in der ARD zu sehen ist. Inzwischen hat der 25-J\u00e4hrige \u00fcber 250 Gespr\u00e4che mit au\u00dfergew\u00f6hnlichen Menschen gef\u00fchrt und seine Erfahrungen nun in einem Buch festgehalten. Was er aus diesen Begegnungen gelernt hat und warum es so wichtig ist, zuh\u00f6ren zu k\u00f6nnen, erz\u00e4hlt der Optimist bei &#8222;3nach9&#8220;.<\/p>\n<p>&nbsp;<\/p>\n<p>&nbsp;<\/p>\n<p>&nbsp;<\/p>\n<p>&nbsp;<\/p>\n<p style=\"text-align: justify;\"><strong>Stefan Fickl<\/strong><\/p>\n<p style=\"text-align: justify;\">\n<p style=\"text-align: justify;\">Es geh\u00f6rt seit fr\u00fchester Kindheit zur t\u00e4glichen Routine: morgens und abends werden die Z\u00e4hne geputzt. Wer es ganz genau nimmt, schrubbt mit dem Dentalb\u00fcrstchen nach und g\u00f6nnt seinen Bei\u00dferchen noch eine Extrabehandlung mit Zahnseide. Den Rest erledigt das \u00e4rztliche Fachpersonal beim j\u00e4hrlichen Check-up. Prof. Stefan Fickl ist Zahnarzt und kl\u00e4rt auf, welche neuen wissenschaftlichen Erkenntnisse es rund um die Z\u00e4hne gibt. Der Parodontologe und Implantologe erkl\u00e4rt zudem, was man selbst unternehmen kann, damit die Kauwerkzeuge lange gesund und bei\u00dfkr\u00e4ftig bleiben.<\/p>\n<p style=\"text-align: justify;\">\n<p style=\"text-align: justify;\">\n<p style=\"text-align: justify;\">\n<p style=\"text-align: justify;\">Seit November 1974 ist 3nach9 mit Unterhaltung zum Mitdenken auf Sendung: Live-Talks mit mehr als 3.000 G\u00e4sten und \u00fcber 40 Moderatoren, mit Weltstars und dem Mann\/ der Frau von der Stra\u00dfe &#8211; Aufreger, Skandale und Spektakel eingeschlossen. 3nach9 ist immer \u00fcberraschend und auf der H\u00f6he der Zeit.<\/p>\n<p>&nbsp;<\/p>\n<p>&nbsp;<\/p>\n<figure id=\"attachment_190008\" aria-describedby=\"caption-attachment-190008\" style=\"width: 800px\" class=\"wp-caption alignnone\"><img decoding=\"async\" loading=\"lazy\" class=\"size-large wp-image-190008\" src=\"https:\/\/smago.de\/ws2\/wp-content\/uploads\/2022\/09\/3_3nach9_Judith_Rakers_und_Giovanni_di_Lorenzo_2019-800x528.jpg\" alt=\"\" width=\"800\" height=\"528\" srcset=\"https:\/\/smago.de\/ws2\/wp-content\/uploads\/2022\/09\/3_3nach9_Judith_Rakers_und_Giovanni_di_Lorenzo_2019-800x528.jpg 800w, https:\/\/smago.de\/ws2\/wp-content\/uploads\/2022\/09\/3_3nach9_Judith_Rakers_und_Giovanni_di_Lorenzo_2019-522x345.jpg 522w, https:\/\/smago.de\/ws2\/wp-content\/uploads\/2022\/09\/3_3nach9_Judith_Rakers_und_Giovanni_di_Lorenzo_2019-227x150.jpg 227w, https:\/\/smago.de\/ws2\/wp-content\/uploads\/2022\/09\/3_3nach9_Judith_Rakers_und_Giovanni_di_Lorenzo_2019-768x507.jpg 768w, https:\/\/smago.de\/ws2\/wp-content\/uploads\/2022\/09\/3_3nach9_Judith_Rakers_und_Giovanni_di_Lorenzo_2019-1536x1014.jpg 1536w, https:\/\/smago.de\/ws2\/wp-content\/uploads\/2022\/09\/3_3nach9_Judith_Rakers_und_Giovanni_di_Lorenzo_2019-2048x1352.jpg 2048w, https:\/\/smago.de\/ws2\/wp-content\/uploads\/2022\/09\/3_3nach9_Judith_Rakers_und_Giovanni_di_Lorenzo_2019-392x259.jpg 392w, https:\/\/smago.de\/ws2\/wp-content\/uploads\/2022\/09\/3_3nach9_Judith_Rakers_und_Giovanni_di_Lorenzo_2019-130x86.jpg 130w, https:\/\/smago.de\/ws2\/wp-content\/uploads\/2022\/09\/3_3nach9_Judith_Rakers_und_Giovanni_di_Lorenzo_2019-674x445.jpg 674w, https:\/\/smago.de\/ws2\/wp-content\/uploads\/2022\/09\/3_3nach9_Judith_Rakers_und_Giovanni_di_Lorenzo_2019-791x522.jpg 791w, https:\/\/smago.de\/ws2\/wp-content\/uploads\/2022\/09\/3_3nach9_Judith_Rakers_und_Giovanni_di_Lorenzo_2019-288x190.jpg 288w, https:\/\/smago.de\/ws2\/wp-content\/uploads\/2022\/09\/3_3nach9_Judith_Rakers_und_Giovanni_di_Lorenzo_2019-435x287.jpg 435w, https:\/\/smago.de\/ws2\/wp-content\/uploads\/2022\/09\/3_3nach9_Judith_Rakers_und_Giovanni_di_Lorenzo_2019-150x100.jpg 150w\" sizes=\"(max-width: 800px) 100vw, 800px\" \/><figcaption id=\"caption-attachment-190008\" class=\"wp-caption-text\"><em>Foto-Credit: Radio Bremen \/ Matthias Hornung<\/em><\/figcaption><\/figure>\n","protected":false},"excerpt":{"rendered":"<p>&#8222;Die Bremer Talk-Show&#8220; \/\/\u00a0NDR fernsehen + hr fernsehen, 22:00 Uhr &#8211; 00:00 Uhr!<\/p>\n","protected":false},"author":2,"featured_media":190008,"comment_status":"open","ping_status":"closed","sticky":false,"template":"","format":"standard","meta":{"_FSMCFIC_featured_image_caption":"","_FSMCFIC_featured_image_nocaption":"","_FSMCFIC_featured_image_hide":""},"categories":[1],"tags":[215],"acf":[],"_links":{"self":[{"href":"https:\/\/smago.de\/ws2\/wp-json\/wp\/v2\/posts\/190007"}],"collection":[{"href":"https:\/\/smago.de\/ws2\/wp-json\/wp\/v2\/posts"}],"about":[{"href":"https:\/\/smago.de\/ws2\/wp-json\/wp\/v2\/types\/post"}],"author":[{"embeddable":true,"href":"https:\/\/smago.de\/ws2\/wp-json\/wp\/v2\/users\/2"}],"replies":[{"embeddable":true,"href":"https:\/\/smago.de\/ws2\/wp-json\/wp\/v2\/comments?post=190007"}],"version-history":[{"count":1,"href":"https:\/\/smago.de\/ws2\/wp-json\/wp\/v2\/posts\/190007\/revisions"}],"predecessor-version":[{"id":190009,"href":"https:\/\/smago.de\/ws2\/wp-json\/wp\/v2\/posts\/190007\/revisions\/190009"}],"wp:featuredmedia":[{"embeddable":true,"href":"https:\/\/smago.de\/ws2\/wp-json\/wp\/v2\/media\/190008"}],"wp:attachment":[{"href":"https:\/\/smago.de\/ws2\/wp-json\/wp\/v2\/media?parent=190007"}],"wp:term":[{"taxonomy":"category","embeddable":true,"href":"https:\/\/smago.de\/ws2\/wp-json\/wp\/v2\/categories?post=190007"},{"taxonomy":"post_tag","embeddable":true,"href":"https:\/\/smago.de\/ws2\/wp-json\/wp\/v2\/tags?post=190007"}],"curies":[{"name":"wp","href":"https:\/\/api.w.org\/{rel}","templated":true}]}}