{"id":189738,"date":"2022-09-23T00:00:50","date_gmt":"2022-09-22T22:00:50","guid":{"rendered":"https:\/\/smago.de\/ws2\/?p=189738"},"modified":"2022-09-22T15:15:12","modified_gmt":"2022-09-22T13:15:12","slug":"bernhard-brink-u-a-heute-23-09-2022-in-der-ndr-talk-show-zu-gast","status":"publish","type":"post","link":"https:\/\/smago.de\/ws2\/schlager\/bernhard-brink-u-a-heute-23-09-2022-in-der-ndr-talk-show-zu-gast\/","title":{"rendered":"BERNHARD BRINK u.a. <br>Heute (23.09.2022) in der &#8222;NDR Talk Show&#8220; zu Gast!"},"content":{"rendered":"<p style=\"text-align: justify;\">NDR fernsehen + hr fernsehen, 22:30 Uhr &#8211; 00:30 Uhr! Moderation:\u00a0<span class=\"title columns\"><span class=\"subtitle\">Moderation: Barbara Sch\u00f6neberger und Hubertus Meyer-Burckhardt<\/span><\/span><span class=\"labels columns\"><span class=\"tip-label  hasThumbImage mr10\" title=\"TV-Tipp!\">!<br \/>\n<!--more--><\/span><\/span><\/p>\n<div id=\"e5yqmc-accordion\" class=\"accordion-content\" role=\"tabpanel\" data-tab-content=\"\" aria-labelledby=\"e5yqmc-accordion-label\" aria-hidden=\"false\">\n<div class=\"event-detail\">\n<div class=\"detail-top row collapse \">\n<div class=\"row collapse\">\n<div class=\"left-list-col columns\">\n<\/div>\n<div class=\"center-list-col columns mb-20 pr-20\">\n<div class=\"eventText\">\n<p>&nbsp;<\/p>\n<p>Barbara Sch\u00f6neberger und Hubertus Meyer-Burckhardt begr\u00fc\u00dfen in der &#8222;NDR Talk Show&#8220; aus Hamburg folgende G\u00e4ste:<\/p>\n<p>&nbsp;<\/p>\n<ul>\n<li>Vera Tschechowa, Schauspielerin<\/li>\n<li>Bernhard Brink, S\u00e4nger<\/li>\n<li>Ben Becker, Schauspieler<\/li>\n<li>Charly H\u00fcbner, Schauspieler<\/li>\n<li>Fernanda Brand\u00e3o, Entertainerin<\/li>\n<li>Birgit M\u00fcller, Journalistin<\/li>\n<li>Annunziata Hoensbroech, Autorin<\/li>\n<\/ul>\n<\/div>\n<\/div>\n<\/div>\n<\/div>\n<\/div>\n<\/div>\n<p>&nbsp;<\/p>\n<p>&nbsp;<\/p>\n<p>&nbsp;<\/p>\n<p style=\"text-align: justify;\">\n<p style=\"text-align: justify;\"><strong>Vera Tschechowa, Schauspielerin<\/strong><\/p>\n<p style=\"text-align: justify;\">\n<p style=\"text-align: justify;\">Sie war eine der popul\u00e4rsten Film- und Theaterschauspielerinnen der Nachkriegszeit: 1940, mitten im Zweiten Weltkrieg geboren, gab Vera Tschechowa 1957 mit 17 Jahren ihr Schauspieldeb\u00fct an der Seite von Heinz Erhardt in &#8222;Witwer mit f\u00fcnf T\u00f6chtern&#8220;. Es folgten \u00fcber 50 Filme wie &#8222;Das M\u00e4dchen mit den Katzenaugen&#8220;, &#8222;Der Arzt von Stalingrad&#8220;, &#8222;Der Schleier fiel&#8220; und &#8222;Das Brot der fr\u00fchen Jahre&#8220;, sie spielte u.a. mit Gert Fr\u00f6be, O. W. Fischer, Mario Adorf, Joachim Fuchsberger und G\u00f6tz George. 1959 wurde ihr nach mehreren \u00f6ffentlichkeitswirksamen Begegnungen mit Elvis Presley, der in Deutschland gerade seinen Milit\u00e4rdienst absolvierte, eine Aff\u00e4re mit ihm angedichtet. Jetzt schildert sie in ihren Memoiren erstmals, wie es wirklich war mit Elvis. Au\u00dferdem erz\u00e4hlt Vera Tschechowa von ihrem deutschen Vater, der als Arzt an der Berliner Charit\u00e9 ein Kollege des weltber\u00fchmten Chirurgen Professor Sauerbruch war, von ihrer temperamentvollen russischen Mutter Ada und ihrer unvergessenen Gro\u00dfmutter Olga Tschechowa, die bereits ein deutscher Stummfilmstar war, bevor sie als Ikone des Ufa- Tonfilms auch die Aufmerksamkeit Adolf Hitlers erregte.<\/p>\n<p>&nbsp;<\/p>\n<p>&nbsp;<\/p>\n<p>&nbsp;<\/p>\n<p>&nbsp;<\/p>\n<p style=\"text-align: justify;\"><strong>Bernhard Brink, S\u00e4nger<\/strong><\/p>\n<p style=\"text-align: justify;\">\n<p style=\"text-align: justify;\">Es ist das Jahr der Jubil\u00e4en f\u00fcr Bernhard Brink. Im Mai ist er 70 Jahre alt geworden. Und er feiert in diesem Jahr sein 50- j\u00e4hriges B\u00fchnenjubil\u00e4um. Der Schlagerstar ist gerade so erfolgreich wie nie zuvor. Mit seinem letzten Album &#8222;lieben und leben&#8220; hat er 2021 die h\u00f6chste Chartplatzierung seiner gesamten Laufbahn erreicht. Das will er nun toppen. Am 23. September erscheint sein neues Album &#8222;50&#8220;. Doch nicht nur als Schlagers\u00e4nger kann der geb\u00fcrtige Niedersachse in seiner Karriere \u00fcberzeugen, auch als Moderator von TV- und Radio- Sendungen kann er punkten. Seine Hitparadensendung &#8222;Die Schlager des Monats&#8220; im MDR ist inzwischen fester Bestandteil der Schlagerwelt. Was er alles in seinem Leben erlebt hat, erz\u00e4hlt Bernhard Brink in seiner ebenfalls in diesem Jahr erschienenen Autobiografie &#8222;Alles au\u00dfer tanzen&#8220; und in der &#8222;NDR Talk Show&#8220;.<\/p>\n<p>&nbsp;<\/p>\n<p>&nbsp;<\/p>\n<p>&nbsp;<\/p>\n<p>&nbsp;<\/p>\n<p style=\"text-align: justify;\"><strong>Ben Becker, Schauspieler<\/strong><\/p>\n<p style=\"text-align: justify;\">\n<p style=\"text-align: justify;\">Er ist ein Mann mit Ecken und Kanten und geh\u00f6rt seit vielen Jahren zu Deutschlands besten Schauspielern: Ben Becker. Immer wieder sorgt er f\u00fcr \u00dcberraschungen und bleibt unberechenbar, denn er liebt es, wie er es selbst ausdr\u00fcckt, ab und an mal &#8222;frech&#8220; zu sein. Ab November 2022 geht Ben Becker mit seinem Programm &#8222;Apokalypse&#8220;, einer Lesung des Romans &#8222;Herz der Finsternis&#8220; von Joseph Conrad, auf Tournee. Dabei handelt es sich um die Erz\u00e4hlung, auf der der Kultfilm &#8222;Apocalypse Now&#8220; von Francis Ford Coppola basiert. Kongenial lebt Becker, der den Namen des Autors als Tattoo auf seinem linken Arm tr\u00e4gt, auf der B\u00fchne Joseph Conrads Visionen. In der &#8222;NDR Talk Show&#8220; erz\u00e4hlt der 57-j\u00e4hrige Schauspieler, warum er von Joseph Conrad schw\u00e4rmt und wie aktuell dessen Themen sind.<\/p>\n<p>&nbsp;<\/p>\n<p>&nbsp;<\/p>\n<p>&nbsp;<\/p>\n<p>&nbsp;<\/p>\n<p style=\"text-align: justify;\"><strong>Charly H\u00fcbner, Schauspieler<\/strong><\/p>\n<p style=\"text-align: justify;\">\n<p style=\"text-align: justify;\">Charly H\u00fcbner machte Comedy an der Seite von Anke Engelke in &#8222;Ladykracher&#8220; und brillierte in der TV-Krimireihe &#8222;Polizeiruf 110&#8220;. Nach ersten Schritten als 19-J\u00e4hriger am Landestheater Neustrelitz studierte er an der renommierten Hochschule f\u00fcr Schauspielkunst Ernst Busch Berlin. Seit 2014 geh\u00f6rt er zum Ensemble des Deutschen SchauSpielHauses in Hamburg. Er wurde ausgezeichnet mit dem Deutschen Fernsehpreis, dem Deutschen Comedypreis, dem Bambi, der Goldenen Kamera und mehrfach mit dem Grimme-Preis. Ab September ist der Wahlhamburger in der Verfilmung von &#8222;Mittagsstunde&#8220;, des Bestsellers von D\u00f6rte Hansen (&#8222;Altes Land&#8220;) im Kino zu sehen. Eine gro\u00dfe Erz\u00e4hlung \u00fcber die Menschen im Norden Deutschlands, die nicht viel reden, es aber verstehen, sich zu k\u00fcmmern, wenn es nottut.<\/p>\n<p>&nbsp;<\/p>\n<p>&nbsp;<\/p>\n<p>&nbsp;<\/p>\n<p>&nbsp;<\/p>\n<p style=\"text-align: justify;\"><strong>Fernanda Brand\u00e3o, Entertainerin<\/strong><\/p>\n<p style=\"text-align: justify;\">\n<p style=\"text-align: justify;\">Als S\u00e4ngerin der Latino-Formation Hot Banditoz wurde sie 2004 bekannt, sp\u00e4ter gl\u00e4nzte sie an der Seite von Dieter Bohlen als &#8222;DSDS&#8220;-Jurorin: Fernanda Brand\u00e3o. Die Fitnessexpertin und Entertainerin wurde 1983 in Brasilien geboren und kam im Alter von neun Jahren nach Hamburg. Jetzt tauschte sie das<\/p>\n<p style=\"text-align: justify;\">Rampenlicht und den Wohnort in der Freien und Hansestadt gegen eine Holzh\u00fctte und ein einfaches Leben in Lappland. Gemeinsam mit ihrem Verlobten Roman Weber, dem Stiefsohn des verstorbenen Survival-Experten R\u00fcdiger Nehberg, zog sie nach Schweden und brachte dort im April dieses Jahres eine gemeinsame Tochter zur Welt. Weshalb die Geburt dramatisch verlief und sie sich auch deshalb daf\u00fcr einsetzen m\u00f6chte, dass schwangere Frauen weltweit besser medizinisch versorgt werden, das erz\u00e4hlt sie in der &#8222;NDR Talk Show&#8220;.<\/p>\n<p>&nbsp;<\/p>\n<p>&nbsp;<\/p>\n<p>&nbsp;<\/p>\n<p>&nbsp;<\/p>\n<p style=\"text-align: justify;\"><strong>Birgit M\u00fcller, Journalistin<\/strong><\/p>\n<p style=\"text-align: justify;\">\n<p style=\"text-align: justify;\">Vor 30 Jahren, am 1. Januar 1992, ging der NDR in Mecklenburg-Vorpommern auf Sendung. Eine Erfolgsgeschichte: &#8222;Es ist gelungen, Trennendes zu \u00fcberwinden und gemeinsame Identit\u00e4t zu stiften. Es handelt sich um eine besondere Wegmarke norddeutscher Wiedervereinigung, an die wir das ganze Jahr \u00fcber erinnern und die wir gerne feiern!&#8220;, sagt NDR Intendant Joachim Knuth. Am 25. September 2022 wird es deshalb in Schwerin ein gro\u00dfes Funkhausfest geben. Mit dabei ist Redaktionsleiterin Birgit M\u00fcller. Sie war in all den Jahren immer mitten im Geschehen: Allein 35 Radtouren absolvierte sie f\u00fcr die Sendung &#8222;Nordmagazin&#8220;. Was die Menschen und Geschichten aus dem sch\u00f6nen Mecklenburg- Vorpommern so besonders macht und wie sie den Geburtstag des Senders feiern wird, das verr\u00e4t die beliebte Moderatorin in der &#8222;NDR Talk Show&#8220;.<\/p>\n<p>&nbsp;<\/p>\n<p>&nbsp;<\/p>\n<p>&nbsp;<\/p>\n<p>&nbsp;<\/p>\n<p style=\"text-align: justify;\"><strong>Annunziata Hoensbroech, Autorin<\/strong><\/p>\n<p style=\"text-align: justify;\">\n<p style=\"text-align: justify;\">Eines Nachts \u00fcberf\u00e4hrt ein Taxi in Barcelona den deutschen Studierenden Caspar. Der n\u00e4chtliche Anruf rei\u00dft seine Mutter Annunziata Hoensbroech in K\u00f6ln aus ihrem bisherigen Leben und f\u00fchrt sie an das Bett ihres lebensgef\u00e4hrlich verletzten Sohnes. Trotz vernichtender \u00e4rztlicher Prognosen beginnt sie, f\u00fcr Caspar und seine Zukunft zu k\u00e4mpfen: durch eine Odyssee an Kliniken bis hin zu seiner fast vollst\u00e4ndigen Genesung. Dank einer vor dem Unfall ausgestellten Vorsorgevollmacht kann die Mutter von vier Kindern in der dramatischen Situation die richtigen Entscheidungen f\u00fcr Caspar treffen. In ihrem Buch &#8222;Schicksalstage&#8220; und in der &#8222;NDR Talk Show&#8220; berichtet sie dar\u00fcber und erkl\u00e4rt, warum sie allen Menschen dringend empfiehlt, sich mit dem Thema Vorsorgevollmacht auseinanderzusetzen.<\/p>\n<p>&nbsp;<\/p>\n<p>&nbsp;<\/p>\n<p>&nbsp;<\/p>\n<figure id=\"attachment_189739\" aria-describedby=\"caption-attachment-189739\" style=\"width: 800px\" class=\"wp-caption alignnone\"><img decoding=\"async\" loading=\"lazy\" class=\"size-large wp-image-189739\" src=\"https:\/\/smago.de\/ws2\/wp-content\/uploads\/2022\/09\/1_NDR_Talk_PW3822-800x457.jpg\" alt=\"\" width=\"800\" height=\"457\" srcset=\"https:\/\/smago.de\/ws2\/wp-content\/uploads\/2022\/09\/1_NDR_Talk_PW3822-800x457.jpg 800w, https:\/\/smago.de\/ws2\/wp-content\/uploads\/2022\/09\/1_NDR_Talk_PW3822-522x298.jpg 522w, https:\/\/smago.de\/ws2\/wp-content\/uploads\/2022\/09\/1_NDR_Talk_PW3822-263x150.jpg 263w, https:\/\/smago.de\/ws2\/wp-content\/uploads\/2022\/09\/1_NDR_Talk_PW3822-768x439.jpg 768w, https:\/\/smago.de\/ws2\/wp-content\/uploads\/2022\/09\/1_NDR_Talk_PW3822-1536x878.jpg 1536w, https:\/\/smago.de\/ws2\/wp-content\/uploads\/2022\/09\/1_NDR_Talk_PW3822-2048x1170.jpg 2048w, https:\/\/smago.de\/ws2\/wp-content\/uploads\/2022\/09\/1_NDR_Talk_PW3822-392x224.jpg 392w, https:\/\/smago.de\/ws2\/wp-content\/uploads\/2022\/09\/1_NDR_Talk_PW3822-130x74.jpg 130w, https:\/\/smago.de\/ws2\/wp-content\/uploads\/2022\/09\/1_NDR_Talk_PW3822-779x445.jpg 779w, https:\/\/smago.de\/ws2\/wp-content\/uploads\/2022\/09\/1_NDR_Talk_PW3822-870x497.jpg 870w, https:\/\/smago.de\/ws2\/wp-content\/uploads\/2022\/09\/1_NDR_Talk_PW3822-292x167.jpg 292w, https:\/\/smago.de\/ws2\/wp-content\/uploads\/2022\/09\/1_NDR_Talk_PW3822-435x249.jpg 435w, https:\/\/smago.de\/ws2\/wp-content\/uploads\/2022\/09\/1_NDR_Talk_PW3822-510x290.jpg 510w\" sizes=\"(max-width: 800px) 100vw, 800px\" \/><figcaption id=\"caption-attachment-189739\" class=\"wp-caption-text\"><em>Barbara Sch\u00f6neberger und Hubertus Meyer-Burckhardt sind die Gastgeber der NDR Talk Show<\/em><\/p>\n<p><em>\u00a9 NDR \/ Uwe Ernst<\/em><\/figcaption><\/figure>\n","protected":false},"excerpt":{"rendered":"<p>NDR fernsehen + hr fernsehen, 22:30 Uhr &#8211; 00:30 Uhr! Moderation:\u00a0Moderation: Barbara Sch\u00f6neberger und Hubertus Meyer-Burckhardt!<\/p>\n","protected":false},"author":2,"featured_media":189739,"comment_status":"open","ping_status":"closed","sticky":false,"template":"","format":"standard","meta":{"_FSMCFIC_featured_image_caption":"","_FSMCFIC_featured_image_nocaption":null,"_FSMCFIC_featured_image_hide":null},"categories":[29,128],"tags":[254],"acf":[],"_links":{"self":[{"href":"https:\/\/smago.de\/ws2\/wp-json\/wp\/v2\/posts\/189738"}],"collection":[{"href":"https:\/\/smago.de\/ws2\/wp-json\/wp\/v2\/posts"}],"about":[{"href":"https:\/\/smago.de\/ws2\/wp-json\/wp\/v2\/types\/post"}],"author":[{"embeddable":true,"href":"https:\/\/smago.de\/ws2\/wp-json\/wp\/v2\/users\/2"}],"replies":[{"embeddable":true,"href":"https:\/\/smago.de\/ws2\/wp-json\/wp\/v2\/comments?post=189738"}],"version-history":[{"count":1,"href":"https:\/\/smago.de\/ws2\/wp-json\/wp\/v2\/posts\/189738\/revisions"}],"predecessor-version":[{"id":189740,"href":"https:\/\/smago.de\/ws2\/wp-json\/wp\/v2\/posts\/189738\/revisions\/189740"}],"wp:featuredmedia":[{"embeddable":true,"href":"https:\/\/smago.de\/ws2\/wp-json\/wp\/v2\/media\/189739"}],"wp:attachment":[{"href":"https:\/\/smago.de\/ws2\/wp-json\/wp\/v2\/media?parent=189738"}],"wp:term":[{"taxonomy":"category","embeddable":true,"href":"https:\/\/smago.de\/ws2\/wp-json\/wp\/v2\/categories?post=189738"},{"taxonomy":"post_tag","embeddable":true,"href":"https:\/\/smago.de\/ws2\/wp-json\/wp\/v2\/tags?post=189738"}],"curies":[{"name":"wp","href":"https:\/\/api.w.org\/{rel}","templated":true}]}}