{"id":189589,"date":"2022-09-20T21:23:03","date_gmt":"2022-09-20T19:23:03","guid":{"rendered":"https:\/\/smago.de\/ws2\/?p=189589"},"modified":"2022-09-20T21:23:03","modified_gmt":"2022-09-20T19:23:03","slug":"zdf-zdf-im-austausch-mit-produzentinnen-und-produzenten","status":"publish","type":"post","link":"https:\/\/smago.de\/ws2\/smago-informiert\/zdf-zdf-im-austausch-mit-produzentinnen-und-produzenten\/","title":{"rendered":"&#8222;ZDF&#8220; <br>ZDF im Austausch mit Produzentinnen und Produzenten!"},"content":{"rendered":"<p>Insgesamt 15 Online-Workshops aus allen Programmbereichen der ZDF-Familie boten Raum f\u00fcr gegenseitigen Austausch!<br \/>\n<!--more--><\/p>\n<p>&nbsp;<\/p>\n<p style=\"text-align: justify;\">\n<p style=\"text-align: justify;\">Bereits zum achten Mal pr\u00e4sentierten die Programmverantwortlichen des ZDF die Programmstrategien f\u00fcr das kommende Jahr beim Tag der Produzentinnen und Produzenten. Mehr als 600 Produzentinnen und Produzenten verfolgten am Dienstag, 20. September 2022, das interaktive Branchen-Event \u2013 virtuell und vor Ort in Berlin. Nachdem der Tag der Produzentinnen und Produzenten coronabedingt in den vergangenen zwei Jahren virtuell stattfand, trafen sich in diesem Jahr rund die H\u00e4lfte der Teilnehmerinnen und Teilnehmer vor Ort.<\/p>\n<p style=\"text-align: justify;\">\n<p style=\"text-align: justify;\">\n<p style=\"text-align: justify;\"><strong>ZDF-Intendant Dr. Norbert Himmler: &#8222;<\/strong>Ein offener und direkter Austausch zwischen der Fernsehbranche und dem ZDF ist in Zeiten wie diesen wichtiger denn je. Umso mehr freut es mich, dass wir uns auf dem Tag der Produzentinnen und Produzenten dieses Jahr \u2013 zumindest in Teilen \u2013 wieder in Pr\u00e4senz begegnen konnten. Zukunftsthemen einvernehmlich zu l\u00f6sen, bedarf eines Vertrauensverh\u00e4ltnisses, wie wir es hier erfahren durften. Wir werden die Herausforderungen, vor denen die gesamte Branche zweifellos steht, gemeinsam anpacken.&#8220;<\/p>\n<p style=\"text-align: justify;\">\n<p style=\"text-align: justify;\">\n<p style=\"text-align: justify;\">Insgesamt 15 Online-Workshops aus allen Programmbereichen der ZDF-Familie boten Raum f\u00fcr gegenseitigen Austausch, ZDF-Programmdirektorin Nadine Bilke und die stellvertretende ZDF-Chefredakteurin Bettina Schausten pr\u00e4sentierten die strategische Programmausrichtung des ZDF und zeigten ihre Wertsch\u00e4tzung f\u00fcr die Leistung der Produzentinnen und Produzenten im vergangenen Jahr. Im Fokus der Workshops standen in diesem Jahr die Themen Formatentwicklung und Erfolgsanalyse, Zielgruppenansprache und Distribution sowie die Bed\u00fcrfnisse der Rezipienten und die damit einhergehenden Bed\u00fcrfnisse der ZDF-Senderfamilie. Gemeinsam mit den Vertreterinnen und Vertretern der Produzentenlandschaft wurden zuk\u00fcnftige Programmvorhaben und Chancen der Zusammenarbeit konstruktiv besprochen. So wurde dar\u00fcber diskutiert, wie kreative Prozesse gemeinsam gestaltet und zum Erfolg gef\u00fchrt werden k\u00f6nnen, welche Herausforderungen es bei der Formatentwicklung gibt oder mit welchen Inhalten welche Zielgruppen erreicht werden.<\/p>\n<p style=\"text-align: justify;\">Um noch mehr \u00fcber die aktuelle Qualit\u00e4t der Zusammenarbeit zu erfahren, hat das ZDF eine Befragung der Kreativwirtschaft initiiert, die am Tag der Produzentinnen und Produzenten startete und bis Ende Oktober l\u00e4uft. Ziel ist es \u00fcber einen Fragebogen, der sich explizit nicht nur an Produzentinnen und Produzenten richtet, positive Aspekte der Zusammenarbeit und Verbesserungsnotwendigkeiten zu erkennen. Auf Basis der Ergebnisse soll die Zusammenarbeit weiter verbessert werden.<\/p>\n<p style=\"text-align: justify;\">Das ZDF l\u00e4dt seit 2015 j\u00e4hrlich zum Tag der Produzentinnen und Produzenten ein. Mit 700 Millionen Euro pro Jahr ist der Sender der gr\u00f6\u00dfte Einzelauftraggeber der Produktionswirtschaft in Deutschland. Die ZDF-Veranstaltung ist Bestandteil der Transparenzvereinbarung zwischen dem ZDF und der Allianz Deutscher Produzenten \u2013 Film &amp; Fernsehen (<a href=\"https:\/\/deref-gmx.net\/mail\/client\/Kv5BxnSm918\/dereferrer\/?redirectUrl=https%3A%2F%2Ftransparenz.zdf.de%2F\" target=\"_blank\" rel=\"noopener\">https:\/\/transparenz.zdf.de<\/a>). \u00dcber das ZDF-Unternehmensportal konnten sich interessierte Produzentinnen und Produzenten im Vorfeld f\u00fcr die Veranstaltung anmelden.<\/p>\n<p>&nbsp;<\/p>\n<p>&nbsp;<\/p>\n<figure id=\"attachment_189590\" aria-describedby=\"caption-attachment-189590\" style=\"width: 720px\" class=\"wp-caption alignnone\"><img decoding=\"async\" loading=\"lazy\" class=\"size-full wp-image-189590\" src=\"https:\/\/smago.de\/ws2\/wp-content\/uploads\/2022\/09\/csm_Produzentinnentag_2022_ZDF_Jens_Gyarmaty_60979-13-5_16zu9_1_d3db7b8bbb.jpg\" alt=\"\" width=\"720\" height=\"407\" srcset=\"https:\/\/smago.de\/ws2\/wp-content\/uploads\/2022\/09\/csm_Produzentinnentag_2022_ZDF_Jens_Gyarmaty_60979-13-5_16zu9_1_d3db7b8bbb.jpg 720w, https:\/\/smago.de\/ws2\/wp-content\/uploads\/2022\/09\/csm_Produzentinnentag_2022_ZDF_Jens_Gyarmaty_60979-13-5_16zu9_1_d3db7b8bbb-522x295.jpg 522w, https:\/\/smago.de\/ws2\/wp-content\/uploads\/2022\/09\/csm_Produzentinnentag_2022_ZDF_Jens_Gyarmaty_60979-13-5_16zu9_1_d3db7b8bbb-265x150.jpg 265w, https:\/\/smago.de\/ws2\/wp-content\/uploads\/2022\/09\/csm_Produzentinnentag_2022_ZDF_Jens_Gyarmaty_60979-13-5_16zu9_1_d3db7b8bbb-392x222.jpg 392w, https:\/\/smago.de\/ws2\/wp-content\/uploads\/2022\/09\/csm_Produzentinnentag_2022_ZDF_Jens_Gyarmaty_60979-13-5_16zu9_1_d3db7b8bbb-130x73.jpg 130w, https:\/\/smago.de\/ws2\/wp-content\/uploads\/2022\/09\/csm_Produzentinnentag_2022_ZDF_Jens_Gyarmaty_60979-13-5_16zu9_1_d3db7b8bbb-292x165.jpg 292w, https:\/\/smago.de\/ws2\/wp-content\/uploads\/2022\/09\/csm_Produzentinnentag_2022_ZDF_Jens_Gyarmaty_60979-13-5_16zu9_1_d3db7b8bbb-435x246.jpg 435w\" sizes=\"(max-width: 720px) 100vw, 720px\" \/><figcaption id=\"caption-attachment-189590\" class=\"wp-caption-text\"><em>ZDF &#8211; Tag der Produzentinnen und Produzenten 2022. Begr\u00fc\u00dfung und Vorstellung der Programmstrategie 2022 durch ZDF-Intendant Dr. Norbert Himmler.<\/em><\/p>\n<p><em>Foto-Credit: ZDF \/ Jens Gyarmaty<\/em><\/figcaption><\/figure>\n","protected":false},"excerpt":{"rendered":"<p>Insgesamt 15 Online-Workshops aus allen Programmbereichen der ZDF-Familie boten Raum f\u00fcr gegenseitigen Austausch!<\/p>\n","protected":false},"author":2,"featured_media":189590,"comment_status":"open","ping_status":"closed","sticky":false,"template":"","format":"standard","meta":{"_FSMCFIC_featured_image_caption":"","_FSMCFIC_featured_image_nocaption":null,"_FSMCFIC_featured_image_hide":null},"categories":[33,128],"tags":[135],"acf":[],"_links":{"self":[{"href":"https:\/\/smago.de\/ws2\/wp-json\/wp\/v2\/posts\/189589"}],"collection":[{"href":"https:\/\/smago.de\/ws2\/wp-json\/wp\/v2\/posts"}],"about":[{"href":"https:\/\/smago.de\/ws2\/wp-json\/wp\/v2\/types\/post"}],"author":[{"embeddable":true,"href":"https:\/\/smago.de\/ws2\/wp-json\/wp\/v2\/users\/2"}],"replies":[{"embeddable":true,"href":"https:\/\/smago.de\/ws2\/wp-json\/wp\/v2\/comments?post=189589"}],"version-history":[{"count":1,"href":"https:\/\/smago.de\/ws2\/wp-json\/wp\/v2\/posts\/189589\/revisions"}],"predecessor-version":[{"id":189591,"href":"https:\/\/smago.de\/ws2\/wp-json\/wp\/v2\/posts\/189589\/revisions\/189591"}],"wp:featuredmedia":[{"embeddable":true,"href":"https:\/\/smago.de\/ws2\/wp-json\/wp\/v2\/media\/189590"}],"wp:attachment":[{"href":"https:\/\/smago.de\/ws2\/wp-json\/wp\/v2\/media?parent=189589"}],"wp:term":[{"taxonomy":"category","embeddable":true,"href":"https:\/\/smago.de\/ws2\/wp-json\/wp\/v2\/categories?post=189589"},{"taxonomy":"post_tag","embeddable":true,"href":"https:\/\/smago.de\/ws2\/wp-json\/wp\/v2\/tags?post=189589"}],"curies":[{"name":"wp","href":"https:\/\/api.w.org\/{rel}","templated":true}]}}