{"id":189586,"date":"2022-09-20T21:16:20","date_gmt":"2022-09-20T19:16:20","guid":{"rendered":"https:\/\/smago.de\/ws2\/?p=189586"},"modified":"2022-09-20T21:16:20","modified_gmt":"2022-09-20T19:16:20","slug":"oliver-kalkofe-u-a-heute-20-09-2022-in-der-talk-show-maischberger-zu-gast","status":"publish","type":"post","link":"https:\/\/smago.de\/ws2\/comedy\/oliver-kalkofe-u-a-heute-20-09-2022-in-der-talk-show-maischberger-zu-gast\/","title":{"rendered":"OLIVER KALKOFE u.a. <br>Heute (20.09.2022) in der Talk-Show &#8222;maischberger&#8220; zu Gast!"},"content":{"rendered":"<p>Das Erste \/ ARD, 22:50 Uhr &#8211; 00:05 Uhr! Moderation: Sandra Maischberger!<br \/>\n<!--more--><\/p>\n<p>&nbsp;<\/p>\n<p style=\"text-align: justify;\">\n<div class=\"text small\" style=\"text-align: justify;\">\n<p class=\"text small\">Die Ampel streitet \u00fcber die Lieferung deutscher Kampfpanzer an die Ukraine. Gleichzeitig sorgen sich viele Menschen und Unternehmen vor einer Energieknappheit im Winter. Sollte Deutschland nun Kampfpanzer in die Ukraine schicken? Wie weiter mit den Sanktionen gegen Russland? Dar\u00fcber diskutieren die Vorsitzende des Bundesverteidigungsausschusses Marie-Agnes Strack-Zimmermann von der FDP und die Partei- und Fraktionsvorsitzende der AfD Alice Weidel.<\/p>\n<p class=\"text small\">Milit\u00e4rische R\u00fcckschl\u00e4ge und wachsende Kritik an der politischen F\u00fchrung: Verliert Russlands Pr\u00e4sident Wladimir Putin den R\u00fcckhalt in der Bev\u00f6lkerung? Im Gespr\u00e4ch der Botschafter a.D. und Pr\u00e4sident des Stiftungsrats der Stiftung M\u00fcnchner Sicherheitskonferenz Wolfgang Ischinger.<\/p>\n<p class=\"text small\">Es erkl\u00e4ren, kommentieren und diskutieren der Comedian und Schauspieler Oliver Kalkofe, die Korrespondentin im ARD-Hauptstadtstudio Kerstin Palzer und der Herausgeber des \u201ePioneer Briefing\u201c Gabor Steingart.<\/p>\n<\/div>\n<div class=\"clearMe\" style=\"text-align: justify;\"><\/div>\n<div style=\"text-align: justify;\"><\/div>\n<div style=\"text-align: justify;\"><\/div>\n<div style=\"text-align: justify;\"><\/div>\n<div class=\"text small\" style=\"text-align: justify;\">\n<p class=\"text small\"><strong>Die G\u00e4ste unter anderem:<\/strong><\/p>\n<div class=\"clearMe\"><\/div>\n<p class=\"text small\">Marie-Agnes Strack-Zimmermann, FDP (Verteidigungspolitikerin)<\/p>\n<div class=\"clearMe\"><\/div>\n<p class=\"text small\">Alice Weidel, AfD (Partei- und Fraktionsvorsitzende)<\/p>\n<div class=\"clearMe\"><\/div>\n<p class=\"text small\">Wolfgang Ischinger (Botschafter a.D.)<\/p>\n<div class=\"clearMe\"><\/div>\n<p class=\"text small\">Oliver Kalkofe (Comedian und Schauspieler)<\/p>\n<div class=\"clearMe\"><\/div>\n<p class=\"text small\">Kerstin Palzer (ARD-Hauptstadtstudio)<\/p>\n<div class=\"clearMe\"><\/div>\n<p class=\"text small\">Gabor Steingart (Media Pioneer)<\/p>\n<div class=\"clearMe\">\n<\/div>\n<p class=\"text small\"><em>\u201emaischberger\u201c ist eine Gemeinschaftsproduktion der ARD, hergestellt vom WDR in Zusammenarbeit mit Vincent productions GmbH.<\/em><\/p>\n<div class=\"clearMe\">\n<\/div>\n<\/div>\n<div style=\"text-align: justify;\"><\/div>\n<p class=\"text small\" style=\"text-align: justify;\"><strong>Redaktion:<\/strong> Elke Maar<\/p>\n<p>&nbsp;<\/p>\n<p>&nbsp;<\/p>\n<figure id=\"attachment_189587\" aria-describedby=\"caption-attachment-189587\" style=\"width: 800px\" class=\"wp-caption alignnone\"><img decoding=\"async\" loading=\"lazy\" class=\"size-large wp-image-189587\" src=\"https:\/\/smago.de\/ws2\/wp-content\/uploads\/2022\/09\/2_maischberger_die_Woche_2022-800x448.jpg\" alt=\"\" width=\"800\" height=\"448\" srcset=\"https:\/\/smago.de\/ws2\/wp-content\/uploads\/2022\/09\/2_maischberger_die_Woche_2022-800x448.jpg 800w, https:\/\/smago.de\/ws2\/wp-content\/uploads\/2022\/09\/2_maischberger_die_Woche_2022-522x292.jpg 522w, https:\/\/smago.de\/ws2\/wp-content\/uploads\/2022\/09\/2_maischberger_die_Woche_2022-268x150.jpg 268w, https:\/\/smago.de\/ws2\/wp-content\/uploads\/2022\/09\/2_maischberger_die_Woche_2022-768x430.jpg 768w, https:\/\/smago.de\/ws2\/wp-content\/uploads\/2022\/09\/2_maischberger_die_Woche_2022-1536x860.jpg 1536w, https:\/\/smago.de\/ws2\/wp-content\/uploads\/2022\/09\/2_maischberger_die_Woche_2022-2048x1147.jpg 2048w, https:\/\/smago.de\/ws2\/wp-content\/uploads\/2022\/09\/2_maischberger_die_Woche_2022-392x220.jpg 392w, https:\/\/smago.de\/ws2\/wp-content\/uploads\/2022\/09\/2_maischberger_die_Woche_2022-130x73.jpg 130w, https:\/\/smago.de\/ws2\/wp-content\/uploads\/2022\/09\/2_maischberger_die_Woche_2022-794x445.jpg 794w, https:\/\/smago.de\/ws2\/wp-content\/uploads\/2022\/09\/2_maischberger_die_Woche_2022-870x487.jpg 870w, https:\/\/smago.de\/ws2\/wp-content\/uploads\/2022\/09\/2_maischberger_die_Woche_2022-292x164.jpg 292w, https:\/\/smago.de\/ws2\/wp-content\/uploads\/2022\/09\/2_maischberger_die_Woche_2022-435x244.jpg 435w\" sizes=\"(max-width: 800px) 100vw, 800px\" \/><figcaption id=\"caption-attachment-189587\" class=\"wp-caption-text\"><em>\u00a9 WDR \/ Thomas Kierok<\/em><\/figcaption><\/figure>\n","protected":false},"excerpt":{"rendered":"<p>Das Erste \/ ARD, 22:50 Uhr &#8211; 00:05 Uhr! Moderation: Sandra Maischberger!<\/p>\n","protected":false},"author":2,"featured_media":189587,"comment_status":"open","ping_status":"closed","sticky":false,"template":"","format":"standard","meta":{"_FSMCFIC_featured_image_caption":"","_FSMCFIC_featured_image_nocaption":null,"_FSMCFIC_featured_image_hide":null},"categories":[3,128],"tags":[554],"acf":[],"_links":{"self":[{"href":"https:\/\/smago.de\/ws2\/wp-json\/wp\/v2\/posts\/189586"}],"collection":[{"href":"https:\/\/smago.de\/ws2\/wp-json\/wp\/v2\/posts"}],"about":[{"href":"https:\/\/smago.de\/ws2\/wp-json\/wp\/v2\/types\/post"}],"author":[{"embeddable":true,"href":"https:\/\/smago.de\/ws2\/wp-json\/wp\/v2\/users\/2"}],"replies":[{"embeddable":true,"href":"https:\/\/smago.de\/ws2\/wp-json\/wp\/v2\/comments?post=189586"}],"version-history":[{"count":1,"href":"https:\/\/smago.de\/ws2\/wp-json\/wp\/v2\/posts\/189586\/revisions"}],"predecessor-version":[{"id":189588,"href":"https:\/\/smago.de\/ws2\/wp-json\/wp\/v2\/posts\/189586\/revisions\/189588"}],"wp:featuredmedia":[{"embeddable":true,"href":"https:\/\/smago.de\/ws2\/wp-json\/wp\/v2\/media\/189587"}],"wp:attachment":[{"href":"https:\/\/smago.de\/ws2\/wp-json\/wp\/v2\/media?parent=189586"}],"wp:term":[{"taxonomy":"category","embeddable":true,"href":"https:\/\/smago.de\/ws2\/wp-json\/wp\/v2\/categories?post=189586"},{"taxonomy":"post_tag","embeddable":true,"href":"https:\/\/smago.de\/ws2\/wp-json\/wp\/v2\/tags?post=189586"}],"curies":[{"name":"wp","href":"https:\/\/api.w.org\/{rel}","templated":true}]}}