{"id":189193,"date":"2022-09-13T00:00:55","date_gmt":"2022-09-12T22:00:55","guid":{"rendered":"https:\/\/smago.de\/ws2\/?p=189193"},"modified":"2022-09-12T15:18:06","modified_gmt":"2022-09-12T13:18:06","slug":"smago-informiert-nachhaltige-musikbranche-plan-b-im-zdf-mit-neue-toene","status":"publish","type":"post","link":"https:\/\/smago.de\/ws2\/smago-informiert\/smago-informiert-nachhaltige-musikbranche-plan-b-im-zdf-mit-neue-toene\/","title":{"rendered":"smago! INFORMIERT <br>Nachhaltige Musikbranche: &#8222;plan b&#8220; im ZDF mit &#8222;Neue T\u00f6ne&#8220;!"},"content":{"rendered":"<p>Sendetermin: Samstag 17.09.2022, 17:35 Uhr!<br \/>\n<!--more--><\/p>\n<p>&nbsp;<\/p>\n<p>&nbsp;<\/p>\n<p style=\"text-align: justify;\">Ein Musikkonzert schluckt viel Energie: Wasser, Catering, Technik. Ganz zu schweigen vom M\u00fcll, den die Besucher produzieren. Doch es geht auch anders. &#8222;plan b&#8220; im ZDF stellt am <strong>Samstag, 17. September 2022, 17:35 Uhr<\/strong>, Pioniere vor, die eine Konzertreihe nachhaltig organisieren wollen, einen Gitarrenbauer, der beim Bau seiner Instrumente auf Tropenh\u00f6lzer verzichten will und einen Club, der die W\u00e4rmeenergie seiner tanzenden Menge nutzen will. Der Film von Cordula Stadter &#8222;<strong>plan b: Neue T\u00f6ne \u2013 Wie die Musikbranche nachhaltig wird<\/strong>&#8220; ist zwei Jahre lang in der ZDFmediathek verf\u00fcgbar.<\/p>\n<p style=\"text-align: justify;\">Wenn es um Musik und Party ging, stand Nachhaltigkeit lange nicht auf der Agenda. Das soll nach Corona anders werden: Sarah L\u00fcngen und Katrin Wipper wollen mit ihrer Agentur &#8222;The Changency&#8220; auf der ganz gro\u00dfen B\u00fchne zeigen, wie Nachhaltigkeit funktionieren kann. Davon begeistert war von Anfang an die Band Seeed. Wie kann man die Fans dazu bringen, klimafreundlich anzureisen, weniger Kippen und M\u00fcll wegzuschmei\u00dfen? Soll es nur vegetarisches und veganes Essen geben? Auf der Berliner Parkb\u00fchne Wuhlheide wird das nun zum ersten Mal wissenschaftlich untersucht. Thomas Sakschewski, Professor f\u00fcr Veranstaltungsmanagement an der Berliner Hochschule f\u00fcr Technik, und seine Studierenden testen unter Laborbedingungen: f\u00fcnf Tage Seed, f\u00fcnfmal 17.000 Menschen. Dann k\u00f6nnen sie zum ersten Mal empirisch belegen, was nur Greenwashing ist und was Veranstaltungen wirklich klimafreundlicher macht.<\/p>\n<p style=\"text-align: justify;\">Im Gegensatz zu Open Air gibt es bei Club-Veranstaltungen eine nachhaltige Energiequelle, die bisher noch nicht angezapft wurde: Bodyheat. Mit der freiwerdenden Energie der tanzenden Menge wollen Geothermie-Experte David Townsend und Club-Chef Andrew Fleming-Brown vom schottischen Glasgow aus die Clubszene revolutionieren. Noch fiebern die beiden Vision\u00e4re der Premiere ihres Systems entgegen.<\/p>\n<p style=\"text-align: justify;\">Auch kleine Bereiche leisten ihren Beitrag zur Nachhaltigkeit, wie etwa der Instrumentenbau. Fast keine Gitarre kommt ohne Tropenholz aus, wei\u00df Armin Hanika, renommierter Gitarrenbauer aus dem fr\u00e4nkischen Baiersdorf. Dabei stehen viele dieser H\u00f6lzer unter Artenschutz. Eine Gitarre ohne Tropenholz gilt immer noch als minderwertig, obwohl es l\u00e4ngst Alternativen gibt: Hanika setzt auf Thermoholz. Ob die Gitarre, die er daraus f\u00fcr einen Profi-Gitarristen baut, auch klanglich besteht, wird sich zeigen.<\/p>\n<p>&nbsp;<\/p>\n<p>&nbsp;<\/p>\n<p>&nbsp;<\/p>\n<figure id=\"attachment_189194\" aria-describedby=\"caption-attachment-189194\" style=\"width: 720px\" class=\"wp-caption alignnone\"><img decoding=\"async\" loading=\"lazy\" class=\"size-full wp-image-189194\" src=\"https:\/\/smago.de\/ws2\/wp-content\/uploads\/2022\/09\/csm_armin_hanika_zdf_d23ec25d5d.jpg\" alt=\"\" width=\"720\" height=\"407\" srcset=\"https:\/\/smago.de\/ws2\/wp-content\/uploads\/2022\/09\/csm_armin_hanika_zdf_d23ec25d5d.jpg 720w, https:\/\/smago.de\/ws2\/wp-content\/uploads\/2022\/09\/csm_armin_hanika_zdf_d23ec25d5d-522x295.jpg 522w, https:\/\/smago.de\/ws2\/wp-content\/uploads\/2022\/09\/csm_armin_hanika_zdf_d23ec25d5d-265x150.jpg 265w, https:\/\/smago.de\/ws2\/wp-content\/uploads\/2022\/09\/csm_armin_hanika_zdf_d23ec25d5d-392x222.jpg 392w, https:\/\/smago.de\/ws2\/wp-content\/uploads\/2022\/09\/csm_armin_hanika_zdf_d23ec25d5d-130x73.jpg 130w, https:\/\/smago.de\/ws2\/wp-content\/uploads\/2022\/09\/csm_armin_hanika_zdf_d23ec25d5d-292x165.jpg 292w, https:\/\/smago.de\/ws2\/wp-content\/uploads\/2022\/09\/csm_armin_hanika_zdf_d23ec25d5d-435x246.jpg 435w\" sizes=\"(max-width: 720px) 100vw, 720px\" \/><figcaption id=\"caption-attachment-189194\" class=\"wp-caption-text\"><em>Gitarrenbauer Armin Hanika (l.) testet mit Gitarrist und Komponist Stefan Grasse (r.) seine &#8222;nachhaltige&#8220; Gitarre aus thermo-modifizierten, heimischen H\u00f6lzern<\/em><\/p>\n<p><em>Foto-Credit: ZDF \/ Cordula Stadter<\/em><\/figcaption><\/figure>\n","protected":false},"excerpt":{"rendered":"<p>Sendetermin: Samstag 17.09.2022, 17:35 Uhr!<\/p>\n","protected":false},"author":2,"featured_media":189194,"comment_status":"open","ping_status":"closed","sticky":false,"template":"","format":"standard","meta":{"_FSMCFIC_featured_image_caption":"","_FSMCFIC_featured_image_nocaption":null,"_FSMCFIC_featured_image_hide":null},"categories":[33,128],"tags":[60],"acf":[],"_links":{"self":[{"href":"https:\/\/smago.de\/ws2\/wp-json\/wp\/v2\/posts\/189193"}],"collection":[{"href":"https:\/\/smago.de\/ws2\/wp-json\/wp\/v2\/posts"}],"about":[{"href":"https:\/\/smago.de\/ws2\/wp-json\/wp\/v2\/types\/post"}],"author":[{"embeddable":true,"href":"https:\/\/smago.de\/ws2\/wp-json\/wp\/v2\/users\/2"}],"replies":[{"embeddable":true,"href":"https:\/\/smago.de\/ws2\/wp-json\/wp\/v2\/comments?post=189193"}],"version-history":[{"count":1,"href":"https:\/\/smago.de\/ws2\/wp-json\/wp\/v2\/posts\/189193\/revisions"}],"predecessor-version":[{"id":189195,"href":"https:\/\/smago.de\/ws2\/wp-json\/wp\/v2\/posts\/189193\/revisions\/189195"}],"wp:featuredmedia":[{"embeddable":true,"href":"https:\/\/smago.de\/ws2\/wp-json\/wp\/v2\/media\/189194"}],"wp:attachment":[{"href":"https:\/\/smago.de\/ws2\/wp-json\/wp\/v2\/media?parent=189193"}],"wp:term":[{"taxonomy":"category","embeddable":true,"href":"https:\/\/smago.de\/ws2\/wp-json\/wp\/v2\/categories?post=189193"},{"taxonomy":"post_tag","embeddable":true,"href":"https:\/\/smago.de\/ws2\/wp-json\/wp\/v2\/tags?post=189193"}],"curies":[{"name":"wp","href":"https:\/\/api.w.org\/{rel}","templated":true}]}}