{"id":189035,"date":"2022-09-09T00:00:13","date_gmt":"2022-09-08T22:00:13","guid":{"rendered":"https:\/\/smago.de\/ws2\/?p=189035"},"modified":"2022-09-08T16:05:29","modified_gmt":"2022-09-08T14:05:29","slug":"roland-kaiser-jana-ina-zarrella-u-a-heute-09-09-2022-in-der-ndr-talk-show-zu-gast","status":"publish","type":"post","link":"https:\/\/smago.de\/ws2\/schlager\/roland-kaiser-jana-ina-zarrella-u-a-heute-09-09-2022-in-der-ndr-talk-show-zu-gast\/","title":{"rendered":"ROLAND KAISER, JANA INA ZARRELLA u.a. <br>Heute (09.09.2022) in der &#8222;NDR Talk Show&#8220; zu Gast!"},"content":{"rendered":"<p style=\"text-align: justify;\">NDR fernsehen + hr fernsehen, 22:00 Uhr &#8211; 00:10 Uhr! Moderation:\u00a0Barbara Sch\u00f6neberger und Hubertus Meyer-Burckhardt!<br \/>\n<!--more--><\/p>\n<h2><\/h2>\n<h2><\/h2>\n<h2><\/h2>\n<h2 style=\"text-align: justify;\">Alexander Zverev, Tennisprofi<\/h2>\n<p>&nbsp;<\/p>\n<div class=\"contentbox halb \" style=\"text-align: justify;\">\n<div class=\"teaser\">\n<div class=\"teaserimage\"><\/div>\n<\/div>\n<\/div>\n<p style=\"text-align: justify;\">Er ist zur Zeit der zweitbeste Tennisspieler der Welt und ihm ist der Tennissport buchst\u00e4blich in die Wiege gelegt worden: Alexander Zverev. Seine Eltern sind beide Tennisprofis, die f\u00fcr die Sowjetunion spielen, bevor sie 1991 nach Deutschland ziehen. In Hamburg wird der Vater Alexander Swerew Tennistrainer und trainiert nat\u00fcrlich auch seine S\u00f6hne &#8211; mit Erfolg: Sowohl Alexander als auch sein \u00e4lterer Bruder Mischa, mit dem er auch gemeinsam einige Doppel-Siege erlangt, schaffen es an die Spitze. Der heute 25-j\u00e4hrige Alexander kann bereits auf 19 Einzeltitel zur\u00fcckblicken, die er u.a. bei den ATP Finals 2018 und 2021, bei den US Open 2020 und bei den Olympischen Spielen 2021 in Tokio (Gold) erk\u00e4mpft.\u00a0Nun hat er am Hamburger Rothenbaum wieder einmal ein &#8222;Heim&#8220;-Turnier &#8211; vielleicht sitzt ja sogar die Dame seines Herzens, Sophia Thomalla, im Publikum. Auf jeden Fall wird sie bei dem Daviscup-Turnier mitfiebern. Welche Herausforderungen es f\u00fcr diesen Mann \u00fcberhaupt noch gibt, erz\u00e4hlt Alexander Zverev in der NDR Talk Show.<\/p>\n<div class=\"contentbox list voll\" style=\"text-align: justify;\">\n<div class=\"teaser\">\n<div class=\"teaserimage\"><\/div>\n<\/div>\n<\/div>\n<h2><\/h2>\n<h2><\/h2>\n<h2><\/h2>\n<h2><\/h2>\n<h2 style=\"text-align: justify;\">Roland Kaiser, S\u00e4nger<\/h2>\n<div class=\"contentimage w50\" style=\"text-align: justify;\"><\/div>\n<p>&nbsp;<\/p>\n<p style=\"text-align: justify;\">Nomen est omen: Er ist der einzig wahre Kaiser der Schlagerbranche, denn Roland Kaiser hat mittlerweile eine drei Generationen umfassende Fangemeinde. Seine Tontr\u00e4ger wurden bereits \u00fcber 90 Mio. mal verkauft und werden regelm\u00e4\u00dfig mit Gold und Platin veredelt. Und was ihn besonders auf Trab h\u00e4lt: seine Live-Tourneen, ob Open Air oder Arenen, die grunds\u00e4tzlich lange vor den angesetzten Terminen ausverkauft sind. Der geb\u00fcrtige Berliner ist eine Klasse f\u00fcr sich: Sein umfangreiches Repertoire liest sich wie eine musikalische Zeitreise der deutschen Schlagergeschichte von den 70er-, 80er- und 90er-Jahren bis hin zur Gegenwart. In der NDR Talk Show verr\u00e4t der 70-J\u00e4hrige, welche Pl\u00e4ne er f\u00fcr den Rest des Jahres hat und er wird live einen seiner neuesten Hits pr\u00e4sentieren.<\/p>\n<h2><\/h2>\n<h2><\/h2>\n<h2><\/h2>\n<h2><\/h2>\n<h2 style=\"text-align: justify;\">Til Schweiger, Produzent, Regisseur und Schauspieler und Franziska Machens, Schauspielerin<\/h2>\n<div class=\"contentimage w33\" style=\"text-align: justify;\"><\/div>\n<p>&nbsp;<\/p>\n<p style=\"text-align: justify;\">Er geh\u00f6rt zu den erfolgreichsten deutschen Regisseuren und Schauspielern, sie ist eine etablierte Theaterschauspielerin: Til Schweiger und Franziska Machens. Nun sind beide in Schweigers aktuellem Film &#8222;Lieber Kurt&#8220; zu sehen, der am 15. September in die Kinos kommt. Til Schweiger wagt sich nach seinem Erfolg mit dem Drama zum Thema Demenz &#8222;Honig im Kopf&#8220; wieder als Produzent, Regisseur und Schauspieler an ein ernstes Thema.<\/p>\n<p style=\"text-align: justify;\">In der Verfilmung des Bestseller-Romans &#8222;Kurt&#8220; von Sarah Kuttner geht es darum, wie eine Familie mit dem pl\u00f6tzlichen Tod eines kleinen Jungen umgeht. Franziska Machens, die seit neun Jahren Ensemblemitglied am Deutschen Theater Berlins ist, spielt in dem Liebesdrama die Ehefrau des Protagonisten. Wie ihre erste Zusammenarbeit vor der Kamera war und was die beiden aneinander sch\u00e4tzen, verraten Til Schweiger und Franziska Machens in der NDR Talk Show.<\/p>\n<h2><\/h2>\n<h2><\/h2>\n<h2><\/h2>\n<h2><\/h2>\n<h2 style=\"text-align: justify;\">Emmanuel Peterfalvi alias Alfons, Kabarettist<\/h2>\n<div class=\"contentimage w50\" style=\"text-align: justify;\"><\/div>\n<p>&nbsp;<\/p>\n<p style=\"text-align: justify;\">Die orangefarbene Jacke und das Puschelmikrofon sind die Markenzeichen des deutsch-franz\u00f6sischen Kabarettisten Alfons. Hinter dieser Figur steckt der in Paris geborene Emmanuel Peterfalvi, der seit Anfang der 90er-Jahre in Hamburg lebt. 2022 ist der Geschichtenerz\u00e4hler mit gleich drei Programmen unterwegs. In &#8222;Wo kommen wir her? Wo gehen wir hin? Und gibt es dort genug Parkpl\u00e4tze?&#8220; sucht Alfons nach Antworten zu den existenziellen Fragen des Lebens. In &#8222;Le Best of&#8220; gibt er Kostproben aus seinen fr\u00fcheren Programmen und mit &#8222;Jetzt noch deutscherer&#8220; erz\u00e4hlt er launisch, wie es ist, gleichzeitig Deutscher und Franzose zu sein. Ausgezeichnet macht er das: Denn am 4. November 2021 ist der 55-J\u00e4hrige f\u00fcr sein &#8222;herausragendes Engagement f\u00fcr die V\u00f6lkerverst\u00e4ndigung&#8220; mit dem Bundesverdienstkreuz am Bande geehrt worden.<\/p>\n<h2><\/h2>\n<h2><\/h2>\n<h2><\/h2>\n<h2><\/h2>\n<h2 style=\"text-align: justify;\">Matthias Matschke, Schauspieler und Autor<\/h2>\n<div class=\"contentimage w50\" style=\"text-align: justify;\"><\/div>\n<p>&nbsp;<\/p>\n<p style=\"text-align: justify;\">Schauspieler Matthias Matschke beherrscht das m\u00fchelose Crossover zwischen den Genres. Seine komische Seite hat er in Anke Engelkes &#8222;Ladykracher&#8220; und in der Comedyserie &#8222;Pastewka&#8220; bewiesen. Krimi kann er nat\u00fcrlich auch, wie er unter anderem vier Jahre lang als Ermittler in &#8222;Polizeiruf 110&#8220;, in &#8222;Helen Dorn&#8220; und in der Reihe &#8222;Professor T&#8220; gezeigt hat. Als Charakterschauspieler hat er 2015 in &#8222;Der Fall Barschel&#8220; als schleswig-holsteinischer Ministerpr\u00e4sident gegl\u00e4nzt. Jetzt zeigt der 53-J\u00e4hrige, der in seiner Freizeit gerne fotografiert, erneut seine Vielseitigkeit. Anfang September erscheint sein Deb\u00fctroman, der autobiografisch gef\u00e4rbt ist, in der westdeutschen Provinz der 80er-Jahre spielt und von Freundschaft, der ersten Liebe und dem Tod handelt.<\/p>\n<div class=\"contentbox list voll\" style=\"text-align: justify;\">\n<div class=\"teaser\">\n<div class=\"teaserimage\"><\/div>\n<\/div>\n<\/div>\n<h2><\/h2>\n<h2><\/h2>\n<h2><\/h2>\n<h2><\/h2>\n<h2 style=\"text-align: justify;\">Jana Ina Zarrella, Moderatorin<\/h2>\n<div class=\"contentimage w50\" style=\"text-align: justify;\"><\/div>\n<p>&nbsp;<\/p>\n<p style=\"text-align: justify;\">Charisma hat einen Namen: Jana Ina Zarrella. Die geb\u00fcrtige Brasilianerin, die schon als kleines M\u00e4dchen Ballett, Jazz und Samba tanzen und singen lernte, wurde mit 15 Jahren Model und zog 1999 nach Deutschland in die Heimat ihrer Gro\u00dfeltern. Hier war sie 2004 in Hape Kerkelings Satire &#8222;Samba in Mettmann&#8220; zu sehen und eroberte als Reality-TV-Star zusammen mit ihrem Ehemann Giovanni Zarrella die Herzen des deutschen Fernsehpublikums. Mittlerweile ist Jana Ina seit 17 Jahren mit dem erfolgreichen S\u00e4nger und Moderator verheiratet und hat zwei Kinder mit ihm. Nun hat sie ein Kochbuch mit den Lieblingsrezepten aus der &#8222;Casa Zarrella&#8220; geschrieben und wird in der NDR Talk Show erz\u00e4hlen, wer im Hause Zarrella den Kochl\u00f6ffel schwingt und wer f\u00fcr den Abwasch zust\u00e4ndig ist.<\/p>\n<div class=\"contentbox list voll\" style=\"text-align: justify;\">\n<div class=\"teaser\">\n<div class=\"teaserimage\"><\/div>\n<div class=\"teaserpadding\">\n<div class=\"teasertext\">\n<p>&nbsp;<\/p>\n<\/div>\n<\/div>\n<\/div>\n<\/div>\n<h2><\/h2>\n<h2><\/h2>\n<h2><\/h2>\n<h2 style=\"text-align: justify;\">Ann-Marlene Henning, Paartherapeutin und Autorin<\/h2>\n<div class=\"contentimage w50\" style=\"text-align: justify;\"><\/div>\n<p>&nbsp;<\/p>\n<p style=\"text-align: justify;\">Die Paartherapeutin und Autorin Ann-Marlene Henning erkrankt im November 2021 an Corona und muss wenige Tage nach den ersten Symptomen ins Krankenhaus. Auf der Intensivstation verschlimmert sich ihr Zustand rasant, sie wird zur Beatmung ins k\u00fcnstliche Koma versetzt, entwickelt eine Sepsis und kommt nur ganz knapp mit dem Leben davon. In ihrem Buch &#8222;Dass der Kaffee nicht mehr schmeckt, ist mein kleinstes Problem&#8220; und in der NDR Talk Show erz\u00e4hlt die 58-J\u00e4hrige von ihren Erfahrungen mit dem Virus, \u00fcber ihren Weg zur\u00fcck ins Leben und \u00fcber ihre Diagnose &#8222;Long Covid&#8220;.<\/p>\n<p>&nbsp;<\/p>\n<p>&nbsp;<\/p>\n<figure id=\"attachment_175105\" aria-describedby=\"caption-attachment-175105\" style=\"width: 800px\" class=\"wp-caption alignnone\"><img decoding=\"async\" loading=\"lazy\" class=\"size-large wp-image-175105\" src=\"https:\/\/smago.de\/ws2\/wp-content\/uploads\/2021\/11\/4_NDR_Talk_Show_2016-800x534.jpg\" alt=\"\" width=\"800\" height=\"534\" srcset=\"https:\/\/smago.de\/ws2\/wp-content\/uploads\/2021\/11\/4_NDR_Talk_Show_2016-800x534.jpg 800w, https:\/\/smago.de\/ws2\/wp-content\/uploads\/2021\/11\/4_NDR_Talk_Show_2016-522x348.jpg 522w, https:\/\/smago.de\/ws2\/wp-content\/uploads\/2021\/11\/4_NDR_Talk_Show_2016-225x150.jpg 225w, https:\/\/smago.de\/ws2\/wp-content\/uploads\/2021\/11\/4_NDR_Talk_Show_2016-768x512.jpg 768w, https:\/\/smago.de\/ws2\/wp-content\/uploads\/2021\/11\/4_NDR_Talk_Show_2016-1536x1024.jpg 1536w, https:\/\/smago.de\/ws2\/wp-content\/uploads\/2021\/11\/4_NDR_Talk_Show_2016-2048x1366.jpg 2048w, https:\/\/smago.de\/ws2\/wp-content\/uploads\/2021\/11\/4_NDR_Talk_Show_2016-392x261.jpg 392w, https:\/\/smago.de\/ws2\/wp-content\/uploads\/2021\/11\/4_NDR_Talk_Show_2016-130x87.jpg 130w, https:\/\/smago.de\/ws2\/wp-content\/uploads\/2021\/11\/4_NDR_Talk_Show_2016-667x445.jpg 667w, https:\/\/smago.de\/ws2\/wp-content\/uploads\/2021\/11\/4_NDR_Talk_Show_2016-783x522.jpg 783w, https:\/\/smago.de\/ws2\/wp-content\/uploads\/2021\/11\/4_NDR_Talk_Show_2016-285x190.jpg 285w, https:\/\/smago.de\/ws2\/wp-content\/uploads\/2021\/11\/4_NDR_Talk_Show_2016-435x290.jpg 435w, https:\/\/smago.de\/ws2\/wp-content\/uploads\/2021\/11\/4_NDR_Talk_Show_2016-150x100.jpg 150w, https:\/\/smago.de\/ws2\/wp-content\/uploads\/2021\/11\/4_NDR_Talk_Show_2016-370x247.jpg 370w\" sizes=\"(max-width: 800px) 100vw, 800px\" \/><figcaption id=\"caption-attachment-175105\" class=\"wp-caption-text\"><em>Barbara Sch\u00f6neberger und Hubertus Meyer-Burckhardt sind die Gastgeber der NDR TALK SHOW aus Hamburg<\/em><\/p>\n<p><em>\u00a9 NDR \/ Uwe Ernst<\/em><\/figcaption><\/figure>\n","protected":false},"excerpt":{"rendered":"<p>NDR fernsehen + hr fernsehen, 22:00 Uhr &#8211; 00:10 Uhr! Moderation:\u00a0Barbara Sch\u00f6neberger und Hubertus Meyer-Burckhardt!<\/p>\n","protected":false},"author":2,"featured_media":175105,"comment_status":"open","ping_status":"closed","sticky":false,"template":"","format":"standard","meta":{"_FSMCFIC_featured_image_caption":"","_FSMCFIC_featured_image_nocaption":null,"_FSMCFIC_featured_image_hide":null},"categories":[29,128],"tags":[254],"acf":[],"_links":{"self":[{"href":"https:\/\/smago.de\/ws2\/wp-json\/wp\/v2\/posts\/189035"}],"collection":[{"href":"https:\/\/smago.de\/ws2\/wp-json\/wp\/v2\/posts"}],"about":[{"href":"https:\/\/smago.de\/ws2\/wp-json\/wp\/v2\/types\/post"}],"author":[{"embeddable":true,"href":"https:\/\/smago.de\/ws2\/wp-json\/wp\/v2\/users\/2"}],"replies":[{"embeddable":true,"href":"https:\/\/smago.de\/ws2\/wp-json\/wp\/v2\/comments?post=189035"}],"version-history":[{"count":4,"href":"https:\/\/smago.de\/ws2\/wp-json\/wp\/v2\/posts\/189035\/revisions"}],"predecessor-version":[{"id":189039,"href":"https:\/\/smago.de\/ws2\/wp-json\/wp\/v2\/posts\/189035\/revisions\/189039"}],"wp:featuredmedia":[{"embeddable":true,"href":"https:\/\/smago.de\/ws2\/wp-json\/wp\/v2\/media\/175105"}],"wp:attachment":[{"href":"https:\/\/smago.de\/ws2\/wp-json\/wp\/v2\/media?parent=189035"}],"wp:term":[{"taxonomy":"category","embeddable":true,"href":"https:\/\/smago.de\/ws2\/wp-json\/wp\/v2\/categories?post=189035"},{"taxonomy":"post_tag","embeddable":true,"href":"https:\/\/smago.de\/ws2\/wp-json\/wp\/v2\/tags?post=189035"}],"curies":[{"name":"wp","href":"https:\/\/api.w.org\/{rel}","templated":true}]}}