{"id":188800,"date":"2022-09-03T00:00:50","date_gmt":"2022-09-02T22:00:50","guid":{"rendered":"https:\/\/smago.de\/ws2\/?p=188800"},"modified":"2022-09-02T11:01:06","modified_gmt":"2022-09-02T09:01:06","slug":"gitte-haenning-u-a-heute-03-09-2022-in-der-sendung-gefragt-gejagt-zu-gast","status":"publish","type":"post","link":"https:\/\/smago.de\/ws2\/schlager\/gitte-haenning-u-a-heute-03-09-2022-in-der-sendung-gefragt-gejagt-zu-gast\/","title":{"rendered":"GITTE HAENNING u.a. <br>Heute (03.09.2022) in der Sendung &#8222;Gefragt &#8211; Gejagt&#8220; zu Gast!"},"content":{"rendered":"<p>&#8222;Quiz-Marathon mit Alexander Bommes&#8220; \/\/ 20:15 Uhr &#8211; 23:25 Uhr!<br \/>\n<!--more--><\/p>\n<p>&nbsp;<\/p>\n<p style=\"text-align: justify;\">\n<p style=\"text-align: justify;\">Am Samstag, 3. September, geht die Feier in die n\u00e4chste Runde: Auf die XXL-Sendung zum zehnj\u00e4hrigen Jubil\u00e4um im August folgt \u201eGefragt \u2013 Gejagt: Der Quizmarathon\u201c. Damit gibt es erstmals in einer \u201eGefragt \u2013 Gejagt\u201c-Staffel zwei Primetime-Ausgaben &#8211; und erstmals werden auch die Schweizer Quiz-Fans vor dem Bildschirm mitfiebern k\u00f6nnen. Als Premiere ist die Sendung ebenfalls in dem Nachbarland zu sehen.<\/p>\n<p style=\"text-align: justify;\">Das Promi-Special folgt dem alten Prinzip: Vier Promi-Teams treten am Samstagabend gegen die m\u00e4chtige Quizelite von \u201eGefragt &#8211; Gejagt\u201c an. In der 190-min\u00fctigen Primetime-Show wollen die insgesamt 16 prominenten G\u00e4ste m\u00f6glichst viel Geld f\u00fcr einen guten Zweck erspielen. Auch dieses Mal wird das J\u00e4gerteam keine Schw\u00e4che zeigen wollen und den G\u00e4sten im Weg stehen.<\/p>\n<p style=\"text-align: justify;\">Ob \u201eBesserwisser\u201c Sebastian Klussmann, \u201eQuizdoktor\u201c Dr. Thomas Kinne, \u201eBibliothekar\u201c Klaus Otto Nargorsnik, \u201eQuizvulkan\u201c Manuel Hobiger, die \u201eGeneralistin\u201c Adriane Rickel oder der \u201eQuizgott\u201c Sebastian Jacoby die Prominenten dabei am Sieg hindern wollen, zeigt sich &#8211; wie immer &#8211; in der Show.<\/p>\n<p style=\"text-align: justify;\">Die beliebte Quizshow startete bereits am 20. Juni erfolgreich in die Jubil\u00e4umsstaffel und l\u00e4uft seither wieder wochentags um 18:00 Uhr im Ersten.<\/p>\n<p style=\"text-align: justify;\">\n\u201eGefragt-Gejagt&#8220; ist eine Produktion der ITV Studios Germany im Auftrag der ARD-Werbung f\u00fcr Das Erste.<\/p>\n<p>Die Redaktion liegt beim Norddeutschen Rundfunk (NDR).<\/p>\n<p>&nbsp;<\/p>\n<p>&nbsp;<\/p>\n<figure id=\"attachment_188802\" aria-describedby=\"caption-attachment-188802\" style=\"width: 800px\" class=\"wp-caption alignnone\"><img decoding=\"async\" loading=\"lazy\" class=\"size-large wp-image-188802\" src=\"https:\/\/smago.de\/ws2\/wp-content\/uploads\/2022\/09\/11_Gefragt_Gejagt_XXL_030922-800x448.jpg\" alt=\"\" width=\"800\" height=\"448\" srcset=\"https:\/\/smago.de\/ws2\/wp-content\/uploads\/2022\/09\/11_Gefragt_Gejagt_XXL_030922-800x448.jpg 800w, https:\/\/smago.de\/ws2\/wp-content\/uploads\/2022\/09\/11_Gefragt_Gejagt_XXL_030922-522x292.jpg 522w, https:\/\/smago.de\/ws2\/wp-content\/uploads\/2022\/09\/11_Gefragt_Gejagt_XXL_030922-268x150.jpg 268w, https:\/\/smago.de\/ws2\/wp-content\/uploads\/2022\/09\/11_Gefragt_Gejagt_XXL_030922-768x430.jpg 768w, https:\/\/smago.de\/ws2\/wp-content\/uploads\/2022\/09\/11_Gefragt_Gejagt_XXL_030922-1536x860.jpg 1536w, https:\/\/smago.de\/ws2\/wp-content\/uploads\/2022\/09\/11_Gefragt_Gejagt_XXL_030922-2048x1147.jpg 2048w, https:\/\/smago.de\/ws2\/wp-content\/uploads\/2022\/09\/11_Gefragt_Gejagt_XXL_030922-392x220.jpg 392w, https:\/\/smago.de\/ws2\/wp-content\/uploads\/2022\/09\/11_Gefragt_Gejagt_XXL_030922-130x73.jpg 130w, https:\/\/smago.de\/ws2\/wp-content\/uploads\/2022\/09\/11_Gefragt_Gejagt_XXL_030922-794x445.jpg 794w, https:\/\/smago.de\/ws2\/wp-content\/uploads\/2022\/09\/11_Gefragt_Gejagt_XXL_030922-870x487.jpg 870w, https:\/\/smago.de\/ws2\/wp-content\/uploads\/2022\/09\/11_Gefragt_Gejagt_XXL_030922-292x164.jpg 292w, https:\/\/smago.de\/ws2\/wp-content\/uploads\/2022\/09\/11_Gefragt_Gejagt_XXL_030922-435x244.jpg 435w\" sizes=\"(max-width: 800px) 100vw, 800px\" \/><figcaption id=\"caption-attachment-188802\" class=\"wp-caption-text\"><em>Das Foto (\u00a9 NDR \/ Uwe Ernst) zeigt v.l.n.r.: Alexander Bommes, Gitte Haenning und J\u00e4ger Dr. Manuel Hobiger<\/em><\/figcaption><\/figure>\n<p>&nbsp;<\/p>\n<p>&nbsp;<\/p>\n<p>&nbsp;<\/p>\n<figure id=\"attachment_188803\" aria-describedby=\"caption-attachment-188803\" style=\"width: 800px\" class=\"wp-caption alignnone\"><img decoding=\"async\" loading=\"lazy\" class=\"size-large wp-image-188803\" src=\"https:\/\/smago.de\/ws2\/wp-content\/uploads\/2022\/09\/10_Gefragt_Gejagt_XXL_030922-800x448.jpg\" alt=\"\" width=\"800\" height=\"448\" srcset=\"https:\/\/smago.de\/ws2\/wp-content\/uploads\/2022\/09\/10_Gefragt_Gejagt_XXL_030922-800x448.jpg 800w, https:\/\/smago.de\/ws2\/wp-content\/uploads\/2022\/09\/10_Gefragt_Gejagt_XXL_030922-522x292.jpg 522w, https:\/\/smago.de\/ws2\/wp-content\/uploads\/2022\/09\/10_Gefragt_Gejagt_XXL_030922-268x150.jpg 268w, https:\/\/smago.de\/ws2\/wp-content\/uploads\/2022\/09\/10_Gefragt_Gejagt_XXL_030922-768x430.jpg 768w, https:\/\/smago.de\/ws2\/wp-content\/uploads\/2022\/09\/10_Gefragt_Gejagt_XXL_030922-1536x860.jpg 1536w, https:\/\/smago.de\/ws2\/wp-content\/uploads\/2022\/09\/10_Gefragt_Gejagt_XXL_030922-2048x1147.jpg 2048w, https:\/\/smago.de\/ws2\/wp-content\/uploads\/2022\/09\/10_Gefragt_Gejagt_XXL_030922-392x220.jpg 392w, https:\/\/smago.de\/ws2\/wp-content\/uploads\/2022\/09\/10_Gefragt_Gejagt_XXL_030922-130x73.jpg 130w, https:\/\/smago.de\/ws2\/wp-content\/uploads\/2022\/09\/10_Gefragt_Gejagt_XXL_030922-794x445.jpg 794w, https:\/\/smago.de\/ws2\/wp-content\/uploads\/2022\/09\/10_Gefragt_Gejagt_XXL_030922-870x487.jpg 870w, https:\/\/smago.de\/ws2\/wp-content\/uploads\/2022\/09\/10_Gefragt_Gejagt_XXL_030922-292x164.jpg 292w, https:\/\/smago.de\/ws2\/wp-content\/uploads\/2022\/09\/10_Gefragt_Gejagt_XXL_030922-435x244.jpg 435w\" sizes=\"(max-width: 800px) 100vw, 800px\" \/><figcaption id=\"caption-attachment-188803\" class=\"wp-caption-text\"><\/em> <em>Das Foto (\u00a9 NDR \/ Uwe Ernst) zeigt v.l.n.r. am Panel (Team 2): Wanja Mues, Nia K\u00fcnzner, Harald Krassnitzer, Gitte Haenning<\/em><\/figcaption><\/figure>\n","protected":false},"excerpt":{"rendered":"<p>&#8222;Quiz-Marathon mit Alexander Bommes&#8220; \/\/ 20:15 Uhr &#8211; 23:25 Uhr!<\/p>\n","protected":false},"author":2,"featured_media":188801,"comment_status":"open","ping_status":"closed","sticky":false,"template":"","format":"standard","meta":{"_FSMCFIC_featured_image_caption":"","_FSMCFIC_featured_image_nocaption":null,"_FSMCFIC_featured_image_hide":null},"categories":[29,128],"tags":[415],"acf":[],"_links":{"self":[{"href":"https:\/\/smago.de\/ws2\/wp-json\/wp\/v2\/posts\/188800"}],"collection":[{"href":"https:\/\/smago.de\/ws2\/wp-json\/wp\/v2\/posts"}],"about":[{"href":"https:\/\/smago.de\/ws2\/wp-json\/wp\/v2\/types\/post"}],"author":[{"embeddable":true,"href":"https:\/\/smago.de\/ws2\/wp-json\/wp\/v2\/users\/2"}],"replies":[{"embeddable":true,"href":"https:\/\/smago.de\/ws2\/wp-json\/wp\/v2\/comments?post=188800"}],"version-history":[{"count":1,"href":"https:\/\/smago.de\/ws2\/wp-json\/wp\/v2\/posts\/188800\/revisions"}],"predecessor-version":[{"id":188804,"href":"https:\/\/smago.de\/ws2\/wp-json\/wp\/v2\/posts\/188800\/revisions\/188804"}],"wp:featuredmedia":[{"embeddable":true,"href":"https:\/\/smago.de\/ws2\/wp-json\/wp\/v2\/media\/188801"}],"wp:attachment":[{"href":"https:\/\/smago.de\/ws2\/wp-json\/wp\/v2\/media?parent=188800"}],"wp:term":[{"taxonomy":"category","embeddable":true,"href":"https:\/\/smago.de\/ws2\/wp-json\/wp\/v2\/categories?post=188800"},{"taxonomy":"post_tag","embeddable":true,"href":"https:\/\/smago.de\/ws2\/wp-json\/wp\/v2\/tags?post=188800"}],"curies":[{"name":"wp","href":"https:\/\/api.w.org\/{rel}","templated":true}]}}