{"id":188689,"date":"2022-09-02T00:00:19","date_gmt":"2022-09-01T22:00:19","guid":{"rendered":"https:\/\/smago.de\/ws2\/?p=188689"},"modified":"2022-09-02T10:46:49","modified_gmt":"2022-09-02T08:46:49","slug":"peter-orloff-macht-die-verbotskultur-nach-layla-nun-auch-mein-freund-winnetou-roter-bruder-erneut-zu-einem-hit","status":"publish","type":"post","link":"https:\/\/smago.de\/ws2\/schlager\/peter-orloff-macht-die-verbotskultur-nach-layla-nun-auch-mein-freund-winnetou-roter-bruder-erneut-zu-einem-hit\/","title":{"rendered":"PETER ORLOFF <br>Macht die &#8218;Verbotskultur&#8216; nach \u201eLayla\u201c nun auch \u201eMein Freund Winnetou (Roter Bruder)\u201c erneut zu einem Hit?"},"content":{"rendered":"<div>\n<p style=\"text-align: justify;\"><span lang=\"DE\">SO deutlich \u00a0ist &#8222;Der Titan&#8220; in seinen Songs noch nie gewesen: <em>\u201eWas so gro\u00df war, nimmt uns die Zensur nicht fort!\u201c<\/em> &#8230;:<br \/>\n<!--more--><\/span><\/p>\n<\/div>\n<p>&nbsp;<\/p>\n<div style=\"text-align: justify;\">\n<p>Sehr oft war es so, dass PETER ORLOFF \u201eam Puls der Zeit war\u201c. Seine eigenen Schlager wie \u201eMonika\u201c, \u201eEin M\u00e4dchen f\u00fcr immer\u201c oder \u201eK\u00f6nigin der Nacht\u201c wurden gro\u00dfe Erfolge und Karrieren wie die von PETER MAFFAY, dessen ersten Hit \u201eDu\u201c er komponiert hat oder die von BERND CL\u00dcVER, den er lange Jahre produziert hat, w\u00e4ren gar nicht erst entstanden.<\/p>\n<\/div>\n<div style=\"text-align: justify;\">\n<p><span lang=\"DE\">Ohne es zu wissen, hat PETER schon vor einem Jahr ein Thema angesto\u00dfen, das erst jetzt richtig hochkocht. Es geht um Winnetou. Gut 27 Jahre ist es inzwischen her, dass PETER den Song \u201eMein Freund Winnetou\u201c schrieb &#8211; gesungen wurde dieser u. a. von Dirk Maverick sowie von Ralf Paulsen &#8211; und ihn vor einem Jahr selbst noch einmal neu aufgenommen hat. Vor einem Jahr, im Sommer 2021 betonte PETER, dass ihm das Thema \u201eWinnetou\u201c eine Herzensangelegenheit sei.<\/span><\/p>\n<\/div>\n<div style=\"text-align: justify;\">\n<p><span lang=\"DE\">Schon damals hat er damit aus der KARL-MAY-Community viel Zuspruch bekommen. Es gab viel Zuspruch, z. B. vom KARL-MAY-Archiv und auch von der Witwe des legend\u00e4ren Winnetou-Darstellers PIERRE BRICE. Der Clou: Es ist gerade mal ein Jahr her, dass PETER genau dieses Lied bei \u201eImmer wieder sonntags\u201c gesungen hat.<\/span><\/p>\n<\/div>\n<div style=\"text-align: justify;\">\n<p><span lang=\"DE\">Es hat also nur ein Jahr gedauert, bis in genau dieser Sendung ISABEL VARRELL den Namen des Songs \u201eCowboy und Indianer\u201c nicht nennen wollte, weil darin das Wort \u201eIndianer\u201c vorkommt, was anscheinend nicht mehr gesagt werden darf nach ihrer Meinung. (Ob \u201eIndianer*innen\u201c okay gewesen w\u00e4re, bleibt derweil offen).<\/span><\/p>\n<\/div>\n<div style=\"text-align: justify;\">\n<p><span lang=\"DE\">Offensichtlich die Hutschnur geplatzt ist dem \u201eTitan\u201c, wie PETER seit vielen Jahren genannt wird, als nun Produkte im Zusammenhang mit einem neuen Winnetou-Film vom Markt genommen wurden. W\u00f6rtlich prangert PETER an: \u201e<i>Ich kann die aktuellen Diskussionen, zun\u00e4chst um das Buch \u201eDer junge H\u00e4uptling Winnetou\u201c, inzwischen sogar um die weitere Ausstrahlung der beim Publikum so beliebten \u201eWinnetou\u201c-Filme mit Pierre Brice und schlie\u00dflich um die Verwendung des Begriffs \u201cIndianer\u201c absolut nicht nachvollziehen.<\/i><\/span><\/p>\n<\/div>\n<div style=\"text-align: justify;\">\n<p><span lang=\"DE\">Nun ist PETER ORLOFF bekanntlich nicht nur ein Mann des Wortes, sondern auch ein Mann der Tat. Die aktuelle Situation hat ihn dazu veranlasst, seinen Song \u201eMein Freund Winnetou\u201c in einer neuen Version auf den Markt zu bringen \u2013 und zwar, ohne auch nur ansatzweise ein Blatt vor den Mund zu nehmen. ORLOFF wird n\u00e4mlich sehr deutlich. Beispiel gef\u00e4llig? Gerne:<em> \u201eMiesepeter! Ihr wart niemals wirklich jung! &#8211; Was so gro\u00df war, nimmt uns die Zensur nicht fort! &#8211; Mein Indianer-Ehrenwort!\u201c<\/em> \u2013 so explizit und deutlich geht es selten vor im deutschen Schlager \u2013 aber ungew\u00f6hnliche Situationen erfordern kreative Ma\u00dfnahmen. <\/span><\/p>\n<\/div>\n<div>\n<p style=\"text-align: justify;\"><span lang=\"DE\">Angesichts der immer wahnsinnigeren Ideen, was alles als \u201erassistisch\u201c oder neuerdings \u201ekulturell aneignend\u201c empfunden wird, empfiehlt PETER ORLOFF der \u2013 so kann man es wohl ausdr\u00fccken \u2013 schweigenden Mehrheit in seinem neuen Song: \u201eSetzt Euch zur Wehr, bleibt jetzt nicht still!\u201c. \u2013 So politisch war PETER wohl noch nie, daher dr\u00fccken wir ihm f\u00fcr \u201eMein Freund Winnetou (roter Bruder) 2022\u201c viel Erfolg, wobei im Fall \u201eLayla\u201c ja der Schuss der Kritiker, unliebsame Lieder mit Verboten zu \u00fcberziehen, gewaltig nach hinten losgegangen ist. M\u00f6ge auch bei PETER die Verbots-Mentalit\u00e4t zu einem Erfolg f\u00fcr seinen neuen Schlager f\u00fchren \u2026<\/span><\/p>\n<\/div>\n<p>&nbsp;<\/p>\n<p>&nbsp;<\/p>\n<p>&nbsp;<\/p>\n<p><iframe loading=\"lazy\" src=\"\/\/www.youtube.com\/embed\/aUJVkMXK168\" width=\"800\" height=\"449\" allowfullscreen=\"allowfullscreen\"><\/iframe><\/p>\n<p>&nbsp;<\/p>\n<p>&nbsp;<\/p>\n<p>&nbsp;<\/p>\n<p>&nbsp;<\/p>\n<p><img decoding=\"async\" loading=\"lazy\" class=\"alignnone size-large wp-image-188633\" src=\"https:\/\/smago.de\/ws2\/wp-content\/uploads\/2022\/08\/orloff_back-800x800.jpg\" alt=\"\" width=\"800\" height=\"800\" srcset=\"https:\/\/smago.de\/ws2\/wp-content\/uploads\/2022\/08\/orloff_back-800x800.jpg 800w, https:\/\/smago.de\/ws2\/wp-content\/uploads\/2022\/08\/orloff_back-522x522.jpg 522w, https:\/\/smago.de\/ws2\/wp-content\/uploads\/2022\/08\/orloff_back-150x150.jpg 150w, https:\/\/smago.de\/ws2\/wp-content\/uploads\/2022\/08\/orloff_back-768x768.jpg 768w, https:\/\/smago.de\/ws2\/wp-content\/uploads\/2022\/08\/orloff_back-272x272.jpg 272w, https:\/\/smago.de\/ws2\/wp-content\/uploads\/2022\/08\/orloff_back-600x600.jpg 600w, https:\/\/smago.de\/ws2\/wp-content\/uploads\/2022\/08\/orloff_back-130x130.jpg 130w, https:\/\/smago.de\/ws2\/wp-content\/uploads\/2022\/08\/orloff_back-445x445.jpg 445w, https:\/\/smago.de\/ws2\/wp-content\/uploads\/2022\/08\/orloff_back-190x190.jpg 190w, https:\/\/smago.de\/ws2\/wp-content\/uploads\/2022\/08\/orloff_back-290x290.jpg 290w, https:\/\/smago.de\/ws2\/wp-content\/uploads\/2022\/08\/orloff_back.jpg 1417w\" sizes=\"(max-width: 800px) 100vw, 800px\" \/><\/p>\n","protected":false},"excerpt":{"rendered":"<p>SO deutlich \u00a0ist &#8222;Der Titan&#8220; in seinen Songs noch nie gewesen: \u201eWas so gro\u00df war, nimmt uns die Zensur nicht<\/p>\n","protected":false},"author":2,"featured_media":188632,"comment_status":"open","ping_status":"closed","sticky":false,"template":"","format":"standard","meta":{"_FSMCFIC_featured_image_caption":"","_FSMCFIC_featured_image_nocaption":null,"_FSMCFIC_featured_image_hide":null},"categories":[29,39],"tags":[743],"acf":[],"_links":{"self":[{"href":"https:\/\/smago.de\/ws2\/wp-json\/wp\/v2\/posts\/188689"}],"collection":[{"href":"https:\/\/smago.de\/ws2\/wp-json\/wp\/v2\/posts"}],"about":[{"href":"https:\/\/smago.de\/ws2\/wp-json\/wp\/v2\/types\/post"}],"author":[{"embeddable":true,"href":"https:\/\/smago.de\/ws2\/wp-json\/wp\/v2\/users\/2"}],"replies":[{"embeddable":true,"href":"https:\/\/smago.de\/ws2\/wp-json\/wp\/v2\/comments?post=188689"}],"version-history":[{"count":5,"href":"https:\/\/smago.de\/ws2\/wp-json\/wp\/v2\/posts\/188689\/revisions"}],"predecessor-version":[{"id":188799,"href":"https:\/\/smago.de\/ws2\/wp-json\/wp\/v2\/posts\/188689\/revisions\/188799"}],"wp:featuredmedia":[{"embeddable":true,"href":"https:\/\/smago.de\/ws2\/wp-json\/wp\/v2\/media\/188632"}],"wp:attachment":[{"href":"https:\/\/smago.de\/ws2\/wp-json\/wp\/v2\/media?parent=188689"}],"wp:term":[{"taxonomy":"category","embeddable":true,"href":"https:\/\/smago.de\/ws2\/wp-json\/wp\/v2\/categories?post=188689"},{"taxonomy":"post_tag","embeddable":true,"href":"https:\/\/smago.de\/ws2\/wp-json\/wp\/v2\/tags?post=188689"}],"curies":[{"name":"wp","href":"https:\/\/api.w.org\/{rel}","templated":true}]}}