{"id":188640,"date":"2022-08-31T00:00:37","date_gmt":"2022-08-30T22:00:37","guid":{"rendered":"https:\/\/smago.de\/ws2\/?p=188640"},"modified":"2022-08-30T22:58:52","modified_gmt":"2022-08-30T20:58:52","slug":"martin-mann-wissenswertes-ueber-seine-neue-single-mir-gefaellts-voe-02-09-2022","status":"publish","type":"post","link":"https:\/\/smago.de\/ws2\/schlager\/martin-mann-wissenswertes-ueber-seine-neue-single-mir-gefaellts-voe-02-09-2022\/","title":{"rendered":"MARTIN MANN <br>Wissenswertes \u00fcber seine neue Single &#8222;Mir gef\u00e4llt&#8217;s&#8220; (V\u00d6: 02.09.2022)!"},"content":{"rendered":"<p>HIER gibt&#8217;s sogar schon eine kurze H\u00f6rprobe &#8230;:<br \/>\n<!--more--><\/p>\n<p>&nbsp;<\/p>\n<p style=\"text-align: justify;\">\n<div class=\"\" style=\"text-align: justify;\">Mit zahlreichen Hits (&#8222;Cecilia, &#8222;Meilenweit&#8220;, &#8222;Strohblumen&#8220;, &#8222;Cecilia&#8220;, &#8230;) und seinen legend\u00e4ren Auftritten in Sendungen wie &#8222;disco&#8220;, der &#8222;ZDF-Hitparade&#8220; u.v.m. st\u00fcrmt MARTIN MANN bereits seit den 70ern die Single Charts.<\/div>\n<div style=\"text-align: justify;\"><\/div>\n<div class=\"\" style=\"text-align: justify;\">Inzwischen ist er aber mit seinen eigenen und unverwechselbaren Stil wieder am Start. Dem Schlagerrocker mit Kult-Status ist der Spannungsbogen von DAMALS bis HEUTE bestens gelungen.<\/p>\n<p>Nach einer langen Kreativpause dreht er nun mit modern produzierten Titeln wie \u201cMeilenweit nach Mendocino\u201d (2018), \u201cAlles zur\u00fcck auf Anfang\u201d (2019), \u201cWehrlos\u201d (2019), \u201cDas mit uns\u201d (2020), \u201cLieber jetzt sofort und gleich\u201d (2020), \u201cBlindflug\u201d (2021) und \u201cDieses neue Leben\u201d (2021) wieder voll auf.<\/p><\/div>\n<div class=\"\" style=\"text-align: justify;\">\nZun\u00e4chst steht Erfolgsproduzent Willy Kl\u00fcter f\u00fcr drei Songs an seiner Seite, bis er dann ab 2020 gemeinsame Sache mit seinem neuen Produzenten und Videographen Oliver Thomas macht. Er ist es auch, der den neuen Sound von Martin Mann ma\u00dfgeblich beeinflusst. Beide entwickeln die Songs im Studio und feilen gemeinsam mit einem erstklassigen Team an Musikern am typischen Martin Mann Sound. Dabei greift auch Martin Mann gerne mal zur Gitarre, um seine hei\u00dfen Gitarren Riffs auf\u2019s Band zu bekommen.<\/div>\n<div class=\"\" style=\"text-align: justify;\"><\/div>\n<div class=\"\">\n<div class=\"\" style=\"text-align: justify;\">Alle f\u00fcr einen MANN. Mit einer Kooperation der Labels A&amp;O RECORDS und JUNIRECORDS bildet sich ein starkes Team um Martin Mann. Darin sind sich Martin Mann, Andrea Sch\u00f6necker und Oliver Thomas einig.<\/div>\n<div class=\"\" style=\"text-align: justify;\"><\/div>\n<div class=\"\" style=\"text-align: justify;\">&#8222;Mr. &#8218;Meilenweit'&#8220; ist nat\u00fcrlich auch mal wieder im Fernsehen und zwar LIVE im &#8222;ZDF-Fernsehgarten&#8220; am 04.09.2022!<\/p>\n<p><strong><a href=\"https:\/\/www.amazon.de\/music\/player\/albums\/B0BC37MV3J?marketplaceId=A1PA6795UKMFR9&amp;musicTerritory=DE&amp;ref=dm_sh_38lNN0mfH61CfBTGXmV7I5hYQ\">HIER<\/a><\/strong> (bei Amazon) und <strong><a href=\"https:\/\/music.apple.com\/de\/album\/mir-gefa-llts-single\/1642314906?l=en\">HIER<\/a><\/strong> bei iTunes k\u00f6nnen Sie die neue Single jetzt schon vorbestellen!<\/p>\n<p><iframe loading=\"lazy\" src=\"\/\/www.youtube.com\/embed\/4uuw1N4dxcs\" width=\"800\" height=\"449\" allowfullscreen=\"allowfullscreen\"><\/iframe><\/p>\n<\/div>\n<div><\/div>\n<div><\/div>\n<div class=\"\" style=\"text-align: justify;\">\n<p><strong>ZUM VORMERKEN &#8230;:<\/strong><\/p>\n<\/div>\n<div class=\"\"><\/div>\n<\/div>\n<div class=\"\">02.09.2022 &#8211; Ver\u00f6ffentlichung der brandneuen Single \u201eMir gef\u00e4llt\u2019s\u201c<\/div>\n<div class=\"\">04.09.2022 &#8211; &#8222;ZDF-Fernsehgarten&#8220;<\/div>\n<div><\/div>\n<div><\/div>\n<div><\/div>\n<div><\/div>\n<div><img decoding=\"async\" loading=\"lazy\" class=\"alignnone size-large wp-image-188587\" src=\"https:\/\/smago.de\/ws2\/wp-content\/uploads\/2022\/08\/MM-Facebook-header-mir-gefaellts-800x326.jpg\" alt=\"\" width=\"800\" height=\"326\" srcset=\"https:\/\/smago.de\/ws2\/wp-content\/uploads\/2022\/08\/MM-Facebook-header-mir-gefaellts-800x326.jpg 800w, https:\/\/smago.de\/ws2\/wp-content\/uploads\/2022\/08\/MM-Facebook-header-mir-gefaellts-522x213.jpg 522w, https:\/\/smago.de\/ws2\/wp-content\/uploads\/2022\/08\/MM-Facebook-header-mir-gefaellts-292x119.jpg 292w, https:\/\/smago.de\/ws2\/wp-content\/uploads\/2022\/08\/MM-Facebook-header-mir-gefaellts-768x313.jpg 768w, https:\/\/smago.de\/ws2\/wp-content\/uploads\/2022\/08\/MM-Facebook-header-mir-gefaellts-1536x627.jpg 1536w, https:\/\/smago.de\/ws2\/wp-content\/uploads\/2022\/08\/MM-Facebook-header-mir-gefaellts-2048x836.jpg 2048w, https:\/\/smago.de\/ws2\/wp-content\/uploads\/2022\/08\/MM-Facebook-header-mir-gefaellts-392x160.jpg 392w, https:\/\/smago.de\/ws2\/wp-content\/uploads\/2022\/08\/MM-Facebook-header-mir-gefaellts-130x53.jpg 130w, https:\/\/smago.de\/ws2\/wp-content\/uploads\/2022\/08\/MM-Facebook-header-mir-gefaellts-870x355.jpg 870w, https:\/\/smago.de\/ws2\/wp-content\/uploads\/2022\/08\/MM-Facebook-header-mir-gefaellts-435x178.jpg 435w\" sizes=\"(max-width: 800px) 100vw, 800px\" \/><\/div>\n","protected":false},"excerpt":{"rendered":"<p>HIER gibt&#8217;s sogar schon eine kurze H\u00f6rprobe &#8230;:<\/p>\n","protected":false},"author":2,"featured_media":188588,"comment_status":"open","ping_status":"closed","sticky":false,"template":"","format":"standard","meta":{"_FSMCFIC_featured_image_caption":"","_FSMCFIC_featured_image_nocaption":null,"_FSMCFIC_featured_image_hide":null},"categories":[29,39],"tags":[136],"acf":[],"_links":{"self":[{"href":"https:\/\/smago.de\/ws2\/wp-json\/wp\/v2\/posts\/188640"}],"collection":[{"href":"https:\/\/smago.de\/ws2\/wp-json\/wp\/v2\/posts"}],"about":[{"href":"https:\/\/smago.de\/ws2\/wp-json\/wp\/v2\/types\/post"}],"author":[{"embeddable":true,"href":"https:\/\/smago.de\/ws2\/wp-json\/wp\/v2\/users\/2"}],"replies":[{"embeddable":true,"href":"https:\/\/smago.de\/ws2\/wp-json\/wp\/v2\/comments?post=188640"}],"version-history":[{"count":1,"href":"https:\/\/smago.de\/ws2\/wp-json\/wp\/v2\/posts\/188640\/revisions"}],"predecessor-version":[{"id":188641,"href":"https:\/\/smago.de\/ws2\/wp-json\/wp\/v2\/posts\/188640\/revisions\/188641"}],"wp:featuredmedia":[{"embeddable":true,"href":"https:\/\/smago.de\/ws2\/wp-json\/wp\/v2\/media\/188588"}],"wp:attachment":[{"href":"https:\/\/smago.de\/ws2\/wp-json\/wp\/v2\/media?parent=188640"}],"wp:term":[{"taxonomy":"category","embeddable":true,"href":"https:\/\/smago.de\/ws2\/wp-json\/wp\/v2\/categories?post=188640"},{"taxonomy":"post_tag","embeddable":true,"href":"https:\/\/smago.de\/ws2\/wp-json\/wp\/v2\/tags?post=188640"}],"curies":[{"name":"wp","href":"https:\/\/api.w.org\/{rel}","templated":true}]}}