{"id":188586,"date":"2022-08-29T00:00:43","date_gmt":"2022-08-28T22:00:43","guid":{"rendered":"https:\/\/smago.de\/ws2\/?p=188586"},"modified":"2022-08-29T12:31:12","modified_gmt":"2022-08-29T10:31:12","slug":"martin-mann-am-02-09-2022-erscheint-sein-brandneuer-song-mir-gefaellts","status":"publish","type":"post","link":"https:\/\/smago.de\/ws2\/schlager\/martin-mann-am-02-09-2022-erscheint-sein-brandneuer-song-mir-gefaellts\/","title":{"rendered":"MARTIN MANN <br>Am 02.09.2022 erscheint sein brandneuer Song &#8222;Mir gef\u00e4llt&#8217;s&#8220;!"},"content":{"rendered":"<p style=\"text-align: justify;\">Und am 04.09.2022 ist &#8222;Mr. &#8218;Meilenweit'&#8220; mit &#8211; &#8222;Meilenweit&#8220; im &#8222;ZDF-Fernsehgarten&#8220; zu Gast!<br \/>\n<!--more--><\/p>\n<p>&nbsp;<\/p>\n<p>&nbsp;<\/p>\n<p>&nbsp;<\/p>\n<p style=\"text-align: justify;\">Bereits 1960 ver\u00f6ffentlichte er &#8211; als <em>Mario Loss<\/em> &#8211; seine ersten drei Singles &#8230;:<\/p>\n<p>&nbsp;<\/p>\n<p><strong>&#8222;Wann hast du Geburtstag&#8220; \/\/ &#8222;Alle jungen Leute lieben Tanzmusik&#8220;<\/strong><\/p>\n<p><strong>&#8222;So eine Party mit dir&#8220; \/\/ &#8222;In Macky&#8217;s Bar&#8220;\u00a0<\/strong><\/p>\n<p><strong>&#8222;Hallo, Blacky Joe&#8220; \/\/ &#8222;Komm n\u00e4her&#8220;\u00a0<\/strong><\/p>\n<p>,\u00a0bevor er in den Jahren 1963 und 1964 &#8211; als <em>Mario<\/em> &#8211; die Titel<\/p>\n<p>&nbsp;<\/p>\n<p><strong>&#8222;Einmal ist keinmal&#8220; \/\/ &#8222;Veilchenblaue Augen&#8220;<\/strong><\/p>\n<p><strong>&#8222;Darling, sei mir nicht b\u00f6se&#8220; \/\/ &#8222;Mit Herzen spielt man nicht Ping-Pong&#8220;<\/strong><\/p>\n<p>ver\u00f6ffentlichte. (&#8222;Mario&#8220; deshalb, weil er mit b\u00fcrgerlichem Namen <em>Mario L\u00f6prich<\/em> hei\u00dft.)<\/p>\n<p>&nbsp;<\/p>\n<p>&nbsp;<\/p>\n<p><img decoding=\"async\" loading=\"lazy\" class=\"alignnone size-full wp-image-188602\" src=\"https:\/\/smago.de\/ws2\/wp-content\/uploads\/2022\/08\/mario_einmal-1.jpg\" alt=\"\" width=\"300\" height=\"294\" srcset=\"https:\/\/smago.de\/ws2\/wp-content\/uploads\/2022\/08\/mario_einmal-1.jpg 300w, https:\/\/smago.de\/ws2\/wp-content\/uploads\/2022\/08\/mario_einmal-1-153x150.jpg 153w, https:\/\/smago.de\/ws2\/wp-content\/uploads\/2022\/08\/mario_einmal-1-278x272.jpg 278w, https:\/\/smago.de\/ws2\/wp-content\/uploads\/2022\/08\/mario_einmal-1-130x127.jpg 130w, https:\/\/smago.de\/ws2\/wp-content\/uploads\/2022\/08\/mario_einmal-1-194x190.jpg 194w, https:\/\/smago.de\/ws2\/wp-content\/uploads\/2022\/08\/mario_einmal-1-296x290.jpg 296w\" sizes=\"(max-width: 300px) 100vw, 300px\" \/><\/p>\n<p>&nbsp;<\/p>\n<p>&nbsp;<\/p>\n<p>&nbsp;<\/p>\n<p><img decoding=\"async\" loading=\"lazy\" class=\"alignnone size-full wp-image-188601\" src=\"https:\/\/smago.de\/ws2\/wp-content\/uploads\/2022\/08\/mario_darling.jpg\" alt=\"\" width=\"590\" height=\"600\" srcset=\"https:\/\/smago.de\/ws2\/wp-content\/uploads\/2022\/08\/mario_darling.jpg 590w, https:\/\/smago.de\/ws2\/wp-content\/uploads\/2022\/08\/mario_darling-513x522.jpg 513w, https:\/\/smago.de\/ws2\/wp-content\/uploads\/2022\/08\/mario_darling-148x150.jpg 148w, https:\/\/smago.de\/ws2\/wp-content\/uploads\/2022\/08\/mario_darling-267x272.jpg 267w, https:\/\/smago.de\/ws2\/wp-content\/uploads\/2022\/08\/mario_darling-128x130.jpg 128w, https:\/\/smago.de\/ws2\/wp-content\/uploads\/2022\/08\/mario_darling-438x445.jpg 438w, https:\/\/smago.de\/ws2\/wp-content\/uploads\/2022\/08\/mario_darling-187x190.jpg 187w, https:\/\/smago.de\/ws2\/wp-content\/uploads\/2022\/08\/mario_darling-285x290.jpg 285w\" sizes=\"(max-width: 590px) 100vw, 590px\" \/><\/p>\n<p>&nbsp;<\/p>\n<p>&nbsp;<\/p>\n<p style=\"text-align: justify;\">***<\/p>\n<p>&nbsp;<\/p>\n<p>&nbsp;<\/p>\n<p style=\"text-align: justify;\">Seit 1969 nennt er sich MARTIN MANN.<\/p>\n<p style=\"text-align: justify;\">In der Zeitspanne von 1970 bis 1980 gelangen ihm f\u00fcnf Treffer in den deutschen Single Charts: &#8222;Cecilia&#8220; (#38; 1970), &#8222;Meilenweit&#8220; (#8; 1971), &#8222;Heut&#8216; ist mir alles egal&#8220; (#36; 1971), &#8222;Strohblumen&#8220; (#41; 1977) und &#8222;Memories&#8220; (#69; 1980).<\/p>\n<p style=\"text-align: justify;\">Mit &#8222;Meilenweit&#8220; gewann er zudem am 24.06.1971 die 024. &#8222;ZDF-Hitparade&#8220;.<\/p>\n<p style=\"text-align: justify;\">Seit 2018 ist Martin Mann &#8211; nach diversen l\u00e4ngeren Kreativ-Pausen als S\u00e4nger &#8211; wieder aktiv.<\/p>\n<p style=\"text-align: justify;\">Mit Titeln wie &#8222;Meilenweit nach Mendocino&#8220; (2018), &#8222;Alles zur\u00fcck auf Anfang&#8220;, &#8222;Wehrlos&#8220; (beide 2019), &#8222;Das mit uns&#8220;, &#8222;Lieber jetzt sofort und gleich&#8220; (beide 2020), &#8222;Blindflug&#8220; und &#8222;Dieses neue Leben&#8220; (beide 2021) wartet er zum 02.09.2022 mit einer neuen Single namens &#8222;Mir gef\u00e4llt&#8217;s&#8220; auf.<\/p>\n<p style=\"text-align: justify;\">Am 04.09.2022 ist Martin Mann &#8211; mit seinem Kult-Hit &#8222;Meilenweit&#8220; (Musik: Ralph Siegel; Text; Michael Holm)&#8220; in der Sendung &#8222;ZDF-Fernsehgarten&#8220; zu Gast.<\/p>\n<p>&nbsp;<\/p>\n<p><img decoding=\"async\" loading=\"lazy\" class=\"alignnone size-large wp-image-188588\" src=\"https:\/\/smago.de\/ws2\/wp-content\/uploads\/2022\/08\/MM-Mir-gefaellts-3000-800x800.jpg\" alt=\"\" width=\"800\" height=\"800\" srcset=\"https:\/\/smago.de\/ws2\/wp-content\/uploads\/2022\/08\/MM-Mir-gefaellts-3000-800x800.jpg 800w, https:\/\/smago.de\/ws2\/wp-content\/uploads\/2022\/08\/MM-Mir-gefaellts-3000-522x522.jpg 522w, https:\/\/smago.de\/ws2\/wp-content\/uploads\/2022\/08\/MM-Mir-gefaellts-3000-150x150.jpg 150w, https:\/\/smago.de\/ws2\/wp-content\/uploads\/2022\/08\/MM-Mir-gefaellts-3000-768x768.jpg 768w, https:\/\/smago.de\/ws2\/wp-content\/uploads\/2022\/08\/MM-Mir-gefaellts-3000-1536x1536.jpg 1536w, https:\/\/smago.de\/ws2\/wp-content\/uploads\/2022\/08\/MM-Mir-gefaellts-3000-2048x2048.jpg 2048w, https:\/\/smago.de\/ws2\/wp-content\/uploads\/2022\/08\/MM-Mir-gefaellts-3000-272x272.jpg 272w, https:\/\/smago.de\/ws2\/wp-content\/uploads\/2022\/08\/MM-Mir-gefaellts-3000-600x600.jpg 600w, https:\/\/smago.de\/ws2\/wp-content\/uploads\/2022\/08\/MM-Mir-gefaellts-3000-130x130.jpg 130w, https:\/\/smago.de\/ws2\/wp-content\/uploads\/2022\/08\/MM-Mir-gefaellts-3000-445x445.jpg 445w, https:\/\/smago.de\/ws2\/wp-content\/uploads\/2022\/08\/MM-Mir-gefaellts-3000-190x190.jpg 190w, https:\/\/smago.de\/ws2\/wp-content\/uploads\/2022\/08\/MM-Mir-gefaellts-3000-290x290.jpg 290w\" sizes=\"(max-width: 800px) 100vw, 800px\" \/><\/p>\n<p>&nbsp;<\/p>\n<p>&nbsp;<\/p>\n<p>&nbsp;<\/p>\n<p><img decoding=\"async\" loading=\"lazy\" class=\"alignnone size-large wp-image-188587\" src=\"https:\/\/smago.de\/ws2\/wp-content\/uploads\/2022\/08\/MM-Facebook-header-mir-gefaellts-800x326.jpg\" alt=\"\" width=\"800\" height=\"326\" srcset=\"https:\/\/smago.de\/ws2\/wp-content\/uploads\/2022\/08\/MM-Facebook-header-mir-gefaellts-800x326.jpg 800w, https:\/\/smago.de\/ws2\/wp-content\/uploads\/2022\/08\/MM-Facebook-header-mir-gefaellts-522x213.jpg 522w, https:\/\/smago.de\/ws2\/wp-content\/uploads\/2022\/08\/MM-Facebook-header-mir-gefaellts-292x119.jpg 292w, https:\/\/smago.de\/ws2\/wp-content\/uploads\/2022\/08\/MM-Facebook-header-mir-gefaellts-768x313.jpg 768w, https:\/\/smago.de\/ws2\/wp-content\/uploads\/2022\/08\/MM-Facebook-header-mir-gefaellts-1536x627.jpg 1536w, https:\/\/smago.de\/ws2\/wp-content\/uploads\/2022\/08\/MM-Facebook-header-mir-gefaellts-2048x836.jpg 2048w, https:\/\/smago.de\/ws2\/wp-content\/uploads\/2022\/08\/MM-Facebook-header-mir-gefaellts-392x160.jpg 392w, https:\/\/smago.de\/ws2\/wp-content\/uploads\/2022\/08\/MM-Facebook-header-mir-gefaellts-130x53.jpg 130w, https:\/\/smago.de\/ws2\/wp-content\/uploads\/2022\/08\/MM-Facebook-header-mir-gefaellts-870x355.jpg 870w, https:\/\/smago.de\/ws2\/wp-content\/uploads\/2022\/08\/MM-Facebook-header-mir-gefaellts-435x178.jpg 435w\" sizes=\"(max-width: 800px) 100vw, 800px\" \/><\/p>\n","protected":false},"excerpt":{"rendered":"<p>Und am 04.09.2022 ist &#8222;Mr. &#8218;Meilenweit&#8217;&#8220; mit &#8211; &#8222;Meilenweit&#8220; im &#8222;ZDF-Fernsehgarten&#8220; zu Gast!<\/p>\n","protected":false},"author":2,"featured_media":188587,"comment_status":"open","ping_status":"closed","sticky":false,"template":"","format":"standard","meta":{"_FSMCFIC_featured_image_caption":"","_FSMCFIC_featured_image_nocaption":null,"_FSMCFIC_featured_image_hide":null},"categories":[29,39],"tags":[136],"acf":[],"_links":{"self":[{"href":"https:\/\/smago.de\/ws2\/wp-json\/wp\/v2\/posts\/188586"}],"collection":[{"href":"https:\/\/smago.de\/ws2\/wp-json\/wp\/v2\/posts"}],"about":[{"href":"https:\/\/smago.de\/ws2\/wp-json\/wp\/v2\/types\/post"}],"author":[{"embeddable":true,"href":"https:\/\/smago.de\/ws2\/wp-json\/wp\/v2\/users\/2"}],"replies":[{"embeddable":true,"href":"https:\/\/smago.de\/ws2\/wp-json\/wp\/v2\/comments?post=188586"}],"version-history":[{"count":5,"href":"https:\/\/smago.de\/ws2\/wp-json\/wp\/v2\/posts\/188586\/revisions"}],"predecessor-version":[{"id":188603,"href":"https:\/\/smago.de\/ws2\/wp-json\/wp\/v2\/posts\/188586\/revisions\/188603"}],"wp:featuredmedia":[{"embeddable":true,"href":"https:\/\/smago.de\/ws2\/wp-json\/wp\/v2\/media\/188587"}],"wp:attachment":[{"href":"https:\/\/smago.de\/ws2\/wp-json\/wp\/v2\/media?parent=188586"}],"wp:term":[{"taxonomy":"category","embeddable":true,"href":"https:\/\/smago.de\/ws2\/wp-json\/wp\/v2\/categories?post=188586"},{"taxonomy":"post_tag","embeddable":true,"href":"https:\/\/smago.de\/ws2\/wp-json\/wp\/v2\/tags?post=188586"}],"curies":[{"name":"wp","href":"https:\/\/api.w.org\/{rel}","templated":true}]}}