{"id":188398,"date":"2022-08-26T00:00:37","date_gmt":"2022-08-25T22:00:37","guid":{"rendered":"https:\/\/smago.de\/ws2\/?p=188398"},"modified":"2022-08-25T17:43:46","modified_gmt":"2022-08-25T15:43:46","slug":"vincent-gross-spektakulaeres-bollywood-duett-mit-anna-carina-woitschack-mumbai","status":"publish","type":"post","link":"https:\/\/smago.de\/ws2\/pop-schlager\/vincent-gross-spektakulaeres-bollywood-duett-mit-anna-carina-woitschack-mumbai\/","title":{"rendered":"VINCENT GROSS <br>Spektakul\u00e4res Bollywood-Duett mit ANNA-CARINA WOITSCHACK: \u201eMumbai\u201c!"},"content":{"rendered":"<p>Die Ver\u00f6ffentlichung erfolgt zun\u00e4chst exklusiv auf Vincents viertem Album &#8222;FREI&#8220; (V\u00d6: 07.10.2022)!<br \/>\n<!--more--><\/p>\n<p>&nbsp;<\/p>\n<p>&nbsp;<\/p>\n<p style=\"text-align: justify;\">Mit DIESER Duett-Konstellation hat ganz gewiss niemand gerechnet &#8230;<\/p>\n<p style=\"text-align: justify;\">VINCENT GROSS pr\u00e4sentiert auf seinem vierten Album &#8222;FREI&#8220;, das am 07.10.2022 erscheint, nicht nur das bereits allseits bekannte Duett &#8222;Wo die Liebe wohnt&#8220; mit Emilija Wellrock, sondern: Vincent hat zusammen mit Anna-Carina Woitschack den Bollywood-Schlager &#8222;Mumbai&#8220; aufgenommen.<\/p>\n<p style=\"text-align: justify;\"><i>\u201eEs gibt nur EINE, die mit ihren blonden Haaren einen Gegensatz zur klassischen Inderin darstellt und zudem eine magische Stimme und filigrane Gesichtsz\u00fcge besitzt: Anna-Carina Woitschack&#8220;, <\/i>berichtet\u00a0Vincent Gross.Voller Stolz sagt er weiter:<i> &#8222;Ich bin sehr gl\u00fccklich, dass sie zugesagt hat.\u201c<\/i><\/p>\n<p style=\"text-align: justify;\">Und obwohl das Album &#8222;Lichtblicke&#8220; von Anna-Carina Woitschack bereits am 02.09.2022 auf den Markt kommt, erscheint der sommerlich-fr\u00f6hliche Bollywood-Schlager &#8222;Mumbai&#8220; zun\u00e4chst exklusiv auf Vincents Album &#8222;FREI&#8220;.<\/p>\n<p>&nbsp;<\/p>\n<p>&nbsp;<\/p>\n<figure id=\"attachment_188400\" aria-describedby=\"caption-attachment-188400\" style=\"width: 533px\" class=\"wp-caption alignnone\"><img decoding=\"async\" loading=\"lazy\" class=\"size-large wp-image-188400\" src=\"https:\/\/smago.de\/ws2\/wp-content\/uploads\/2022\/08\/Anna-Carina_Woitschack_Pressefoto_8-533x800.jpg\" alt=\"\" width=\"533\" height=\"800\" srcset=\"https:\/\/smago.de\/ws2\/wp-content\/uploads\/2022\/08\/Anna-Carina_Woitschack_Pressefoto_8-533x800.jpg 533w, https:\/\/smago.de\/ws2\/wp-content\/uploads\/2022\/08\/Anna-Carina_Woitschack_Pressefoto_8-348x522.jpg 348w, https:\/\/smago.de\/ws2\/wp-content\/uploads\/2022\/08\/Anna-Carina_Woitschack_Pressefoto_8-100x150.jpg 100w, https:\/\/smago.de\/ws2\/wp-content\/uploads\/2022\/08\/Anna-Carina_Woitschack_Pressefoto_8-768x1152.jpg 768w, https:\/\/smago.de\/ws2\/wp-content\/uploads\/2022\/08\/Anna-Carina_Woitschack_Pressefoto_8-1024x1536.jpg 1024w, https:\/\/smago.de\/ws2\/wp-content\/uploads\/2022\/08\/Anna-Carina_Woitschack_Pressefoto_8-1365x2048.jpg 1365w, https:\/\/smago.de\/ws2\/wp-content\/uploads\/2022\/08\/Anna-Carina_Woitschack_Pressefoto_8-181x272.jpg 181w, https:\/\/smago.de\/ws2\/wp-content\/uploads\/2022\/08\/Anna-Carina_Woitschack_Pressefoto_8-400x600.jpg 400w, https:\/\/smago.de\/ws2\/wp-content\/uploads\/2022\/08\/Anna-Carina_Woitschack_Pressefoto_8-87x130.jpg 87w, https:\/\/smago.de\/ws2\/wp-content\/uploads\/2022\/08\/Anna-Carina_Woitschack_Pressefoto_8-297x445.jpg 297w, https:\/\/smago.de\/ws2\/wp-content\/uploads\/2022\/08\/Anna-Carina_Woitschack_Pressefoto_8-127x190.jpg 127w, https:\/\/smago.de\/ws2\/wp-content\/uploads\/2022\/08\/Anna-Carina_Woitschack_Pressefoto_8-193x290.jpg 193w, https:\/\/smago.de\/ws2\/wp-content\/uploads\/2022\/08\/Anna-Carina_Woitschack_Pressefoto_8-scaled.jpg 1707w\" sizes=\"(max-width: 533px) 100vw, 533px\" \/><figcaption id=\"caption-attachment-188400\" class=\"wp-caption-text\"><em>Foto-Credit: TELAMO<\/em><\/figcaption><\/figure>\n<p>&nbsp;<\/p>\n<p>&nbsp;<\/p>\n<p>&nbsp;<\/p>\n<figure id=\"attachment_188399\" aria-describedby=\"caption-attachment-188399\" style=\"width: 800px\" class=\"wp-caption alignnone\"><img decoding=\"async\" loading=\"lazy\" class=\"size-large wp-image-188399\" src=\"https:\/\/smago.de\/ws2\/wp-content\/uploads\/2022\/08\/Vincent_Gross_3_Joerg_Kressig-800x533.jpg\" alt=\"\" width=\"800\" height=\"533\" srcset=\"https:\/\/smago.de\/ws2\/wp-content\/uploads\/2022\/08\/Vincent_Gross_3_Joerg_Kressig-800x533.jpg 800w, https:\/\/smago.de\/ws2\/wp-content\/uploads\/2022\/08\/Vincent_Gross_3_Joerg_Kressig-522x348.jpg 522w, https:\/\/smago.de\/ws2\/wp-content\/uploads\/2022\/08\/Vincent_Gross_3_Joerg_Kressig-225x150.jpg 225w, https:\/\/smago.de\/ws2\/wp-content\/uploads\/2022\/08\/Vincent_Gross_3_Joerg_Kressig-768x512.jpg 768w, https:\/\/smago.de\/ws2\/wp-content\/uploads\/2022\/08\/Vincent_Gross_3_Joerg_Kressig-1536x1024.jpg 1536w, https:\/\/smago.de\/ws2\/wp-content\/uploads\/2022\/08\/Vincent_Gross_3_Joerg_Kressig-2048x1365.jpg 2048w, https:\/\/smago.de\/ws2\/wp-content\/uploads\/2022\/08\/Vincent_Gross_3_Joerg_Kressig-392x261.jpg 392w, https:\/\/smago.de\/ws2\/wp-content\/uploads\/2022\/08\/Vincent_Gross_3_Joerg_Kressig-130x87.jpg 130w, https:\/\/smago.de\/ws2\/wp-content\/uploads\/2022\/08\/Vincent_Gross_3_Joerg_Kressig-668x445.jpg 668w, https:\/\/smago.de\/ws2\/wp-content\/uploads\/2022\/08\/Vincent_Gross_3_Joerg_Kressig-783x522.jpg 783w, https:\/\/smago.de\/ws2\/wp-content\/uploads\/2022\/08\/Vincent_Gross_3_Joerg_Kressig-285x190.jpg 285w, https:\/\/smago.de\/ws2\/wp-content\/uploads\/2022\/08\/Vincent_Gross_3_Joerg_Kressig-435x290.jpg 435w, https:\/\/smago.de\/ws2\/wp-content\/uploads\/2022\/08\/Vincent_Gross_3_Joerg_Kressig-150x100.jpg 150w, https:\/\/smago.de\/ws2\/wp-content\/uploads\/2022\/08\/Vincent_Gross_3_Joerg_Kressig-370x247.jpg 370w\" sizes=\"(max-width: 800px) 100vw, 800px\" \/><figcaption id=\"caption-attachment-188399\" class=\"wp-caption-text\"><em>Foto-Credit: J\u00f6rg Kressig<\/em><\/figcaption><\/figure>\n","protected":false},"excerpt":{"rendered":"<p>Die Ver\u00f6ffentlichung erfolgt zun\u00e4chst exklusiv auf Vincents viertem Album &#8222;FREI&#8220; (V\u00d6: 07.10.2022)!<\/p>\n","protected":false},"author":2,"featured_media":188399,"comment_status":"open","ping_status":"closed","sticky":false,"template":"","format":"standard","meta":{"_FSMCFIC_featured_image_caption":"","_FSMCFIC_featured_image_nocaption":null,"_FSMCFIC_featured_image_hide":null},"categories":[28,39],"tags":[51],"acf":[],"_links":{"self":[{"href":"https:\/\/smago.de\/ws2\/wp-json\/wp\/v2\/posts\/188398"}],"collection":[{"href":"https:\/\/smago.de\/ws2\/wp-json\/wp\/v2\/posts"}],"about":[{"href":"https:\/\/smago.de\/ws2\/wp-json\/wp\/v2\/types\/post"}],"author":[{"embeddable":true,"href":"https:\/\/smago.de\/ws2\/wp-json\/wp\/v2\/users\/2"}],"replies":[{"embeddable":true,"href":"https:\/\/smago.de\/ws2\/wp-json\/wp\/v2\/comments?post=188398"}],"version-history":[{"count":4,"href":"https:\/\/smago.de\/ws2\/wp-json\/wp\/v2\/posts\/188398\/revisions"}],"predecessor-version":[{"id":188404,"href":"https:\/\/smago.de\/ws2\/wp-json\/wp\/v2\/posts\/188398\/revisions\/188404"}],"wp:featuredmedia":[{"embeddable":true,"href":"https:\/\/smago.de\/ws2\/wp-json\/wp\/v2\/media\/188399"}],"wp:attachment":[{"href":"https:\/\/smago.de\/ws2\/wp-json\/wp\/v2\/media?parent=188398"}],"wp:term":[{"taxonomy":"category","embeddable":true,"href":"https:\/\/smago.de\/ws2\/wp-json\/wp\/v2\/categories?post=188398"},{"taxonomy":"post_tag","embeddable":true,"href":"https:\/\/smago.de\/ws2\/wp-json\/wp\/v2\/tags?post=188398"}],"curies":[{"name":"wp","href":"https:\/\/api.w.org\/{rel}","templated":true}]}}